{"id":129180,"date":"2025-02-04T15:13:49","date_gmt":"2025-02-04T12:13:49","guid":{"rendered":"https:\/\/www.tgrthaber.com\/mavikadin\/?p=129180"},"modified":"2025-02-04T15:16:41","modified_gmt":"2025-02-04T12:16:41","slug":"ekran-bagimliligi-aile-ici-iletisime-zarar-veriyor-anne-babalar-dikkat","status":"publish","type":"post","link":"https:\/\/www.tgrthaber.com\/mavikadin\/ekran-bagimliligi-aile-ici-iletisime-zarar-veriyor-anne-babalar-dikkat\/","title":{"rendered":"Ekran ba\u011f\u0131ml\u0131l\u0131\u011f\u0131 aile i\u00e7i ileti\u015fime zarar veriyor! Psikolog Ay\u015feg\u00fcl Sezgin uyard\u0131"},"content":{"rendered":"<p>Psikolog ve aile dan\u0131\u015fman\u0131 Ay\u015feg\u00fcl Sezgin Mavi Kad\u0131n \u0130\u00e7erik Edit\u00f6r\u00fc Dilara Tekin\u2019in sorular\u0131n\u0131 cevaplad\u0131. Sezgin ekran ba\u011f\u0131ml\u0131l\u0131\u011f\u0131n\u0131n \u00e7ocuklarda oldu\u011fu kadar anne babalarda da g\u00f6r\u00fcld\u00fc\u011f\u00fcne vurgu yapt\u0131.<\/p>\n<h3>EKRAN BA\u011eIMLILI\u011eI A\u0130LE B\u0130RL\u0130\u011e\u0130N\u0130 ETK\u0130L\u0130YOR<\/h3>\n<p>Ekran ba\u011f\u0131ml\u0131l\u0131\u011f\u0131n\u0131n aile birli\u011fi \u00fczerinde etkileri oldu\u011funa de\u011finen Ay\u015feg\u00fcl Sezgin konuyla ilgili \u015funlar\u0131 aktard\u0131:<\/p>\n<p>\u201cBu ba\u011f\u0131ml\u0131l\u0131\u011f\u0131n aile birli\u011fi \u00fczerinde asl\u0131nda birden fazla etkisi var. Bu etkilerden ilki aile i\u00e7i ileti\u015fimi zay\u0131flat\u0131yor olmas\u0131. Yemek masas\u0131nda herkesin telefonuna bakmas\u0131, aile bireylerinin birbiriyle de\u011fil ekranla ilgileniyor olmas\u0131, aile i\u00e7i ileti\u015fime zarar veriyor.&#8221;<\/p>\n<div style=\"width: 640px;\" class=\"wp-video\"><!--[if lt IE 9]><script>document.createElement('video');<\/script><![endif]-->\n<video class=\"wp-video-shortcode\" id=\"video-129180-1\" width=\"640\" height=\"360\" preload=\"metadata\" controls=\"controls\"><source type=\"video\/mp4\" src=\"https:\/\/www.tgrthaber.com\/mavikadin\/wp-content\/uploads\/Dijital-bagimlilik.m4v?_=1\" \/><a href=\"https:\/\/www.tgrthaber.com\/mavikadin\/wp-content\/uploads\/Dijital-bagimlilik.m4v\">https:\/\/www.tgrthaber.com\/mavikadin\/wp-content\/uploads\/Dijital-bagimlilik.m4v<\/a><\/video><\/div>\n<hr \/>\n<h3>\u201cEBEVEYN \u00c7OCUK \u0130L\u0130\u015eK\u0130S\u0130NE DE ZARAR VER\u0130YOR\u201d<\/h3>\n<p>Ekran ba\u011f\u0131ml\u0131l\u0131\u011f\u0131 ebeveyn \u00e7ocuk ili\u015fkisine de zarar veriyor diyen Sezgin, \u201c\u00c7\u00fcnk\u00fc biz hep \u00e7ocuklar\u0131n ekranla ne kadar ilgilen? Bak\u0131yoruz \u00e7ocu\u011fum ekranla o kadar da ilgilenmesin istiyoruz ama ebeveynler ekranla ne kadar ilgileniyor? Bu k\u0131z\u0131 biraz ka\u00e7\u0131r\u0131yoruz. Sanki yeti\u015fkinler istedi\u011fi kadar bakabilir ve hi\u00e7 sorun yok ama \u00e7ocuklar \u00e7ok da bakmamal\u0131 gibi. Asl\u0131nda yeti\u015fkinlerin de \u00e7ocuklar\u0131 ihmal edercesine bir ekranla yo\u011fun ili\u015fki h\u00e2li yine g\u00fcndemde olan konulardan biri diyebilirim.<\/p>\n<p>Bu da \u00e7ocuklarda ihmal hissinin geli\u015fmesine ve belki ileride daha farkl\u0131 sorunlar\u0131n ortaya \u00e7\u0131kmas\u0131na da yine yol a\u00e7\u0131yor olabilir. H\u0131zl\u0131 i\u00e7eri\u011fe maruz kalmak, \u00e7ocuklarda sab\u0131r e\u015fi\u011finin tahamm\u00fcls\u00fczl\u00fck belirtilerinin de ortaya \u00e7\u0131kmas\u0131na sebep oluyor\u201d \u015feklinde konu\u015ftu.<\/p>\n<p><img loading=\"lazy\" decoding=\"async\" class=\"alignnone wp-image-129183\" src=\"https:\/\/www.tgrthaber.com\/mavikadin\/wp-content\/uploads\/3-53.jpg\" alt=\"\" width=\"1208\" height=\"680\" title=\"\" srcset=\"https:\/\/www.tgrthaber.com\/mavikadin\/wp-content\/uploads\/3-53.jpg 1920w, https:\/\/www.tgrthaber.com\/mavikadin\/wp-content\/uploads\/3-53-300x169.jpg 300w, https:\/\/www.tgrthaber.com\/mavikadin\/wp-content\/uploads\/3-53-1024x576.jpg 1024w, https:\/\/www.tgrthaber.com\/mavikadin\/wp-content\/uploads\/3-53-768x432.jpg 768w, https:\/\/www.tgrthaber.com\/mavikadin\/wp-content\/uploads\/3-53-1536x864.jpg 1536w\" sizes=\"(max-width: 1208px) 100vw, 1208px\" \/><\/p>\n<hr \/>\n<h3>KISITLAMA OLDU\u011eUNDA YOKSUNLUK ORTAYA \u00c7IKIYOR<\/h3>\n<p>K\u0131s\u0131tlama s\u00f6z konusu oldu\u011funda yoksunluk belirtilerinin \u00e7\u0131kt\u0131\u011f\u0131n\u0131 s\u00f6yleyen Sezgin,\u00a0 \u201cT\u00fcm ba\u011f\u0131ml\u0131l\u0131klarda oldu\u011fu gibi ekran ba\u011f\u0131ml\u0131l\u0131\u011f\u0131nda da k\u0131s\u0131tlama s\u00f6z konusu oldu\u011fu zaman bir tak\u0131m yoksunluk belirtileri ortaya \u00e7\u0131kabiliyor. \u00d6fke, huzursuzluk gibi \u00e7ocuk da semptom g\u00f6sterebiliyor. Ya da aile \u00e7ocukla ilgilenmekten odaklanamad\u0131\u011f\u0131nda ya da dizi b\u00f6l\u00fcnd\u00fc\u011f\u00fcnde yani agresif tepkiler verebiliyor. Bunlar\u0131n da yine ba\u011f\u0131ml\u0131 konusunda \u00f6nemli belirtiler oldu\u011funu s\u00f6yleyebiliriz. \u00c7ok g\u00fczel bir noktaya de\u011findiniz. Sadece sanki bu kurallar \u00e7ocuklar i\u00e7in varm\u0131\u015f, yeti\u015fkinler i\u00e7in bunlar ge\u00e7erli de\u011filmi\u015f gibi. Belki de aile i\u00e7inde ya\u015fad\u0131\u011f\u0131m\u0131z i\u00e7in asl\u0131nda ebeveynlerden ne g\u00f6r\u00fcyorlarsa belki de \u00e7ocuklar onlar uyguluyor. Dijital ba\u011f\u0131ml\u0131l\u0131k deyince son d\u00f6nemlerde en \u00e7ok kullan\u0131lan uygulamalardan bir tanesi de biliyorsunuz tiktok ve bunu \u00f6zellikle \u00e7ocuklardan \u00e7ok belki de yeti\u015fkinler kullan\u0131yor ve biz bunu sosyal medyada \u00e7ok uygunsuz \u015fekilde de g\u00f6rebiliyoruz\u201d dedi.<\/p>\n","protected":false},"excerpt":{"rendered":"<p>G\u00fcn\u00fcm\u00fczde ailelerin en b\u00fcy\u00fck sorunlar\u0131ndan biri haline gelen ekran ba\u011f\u0131ml\u0131l\u0131\u011f\u0131 hakk\u0131nda Psikolog ve aile dan\u0131\u015fman\u0131 Ay\u015feg\u00fcl Sezgin \u00f6nemli bilgiler payla\u015ft\u0131. Ekran ba\u011f\u0131ml\u0131l\u0131\u011f\u0131n\u0131n \u00e7ocuklarda oldu\u011fu kadar yeti\u015fkinlerde de g\u00f6r\u00fcld\u00fc\u011f\u00fcne dikkat \u00e7ekti.<\/p>\n","protected":false},"author":5,"featured_media":129187,"comment_status":"closed","ping_status":"closed","sticky":false,"template":"","format":"standard","meta":{"rank_math_lock_modified_date":false,"footnotes":""},"categories":[111],"tags":[9863,9862],"class_list":["post-129180","post","type-post","status-publish","format-standard","has-post-thumbnail","hentry","category-anne-cocuk","tag-dijital-bagimlilik","tag-ekran-bagimliligi"],"_links":{"self":[{"href":"https:\/\/www.tgrthaber.com\/mavikadin\/wp-json\/wp\/v2\/posts\/129180"}],"collection":[{"href":"https:\/\/www.tgrthaber.com\/mavikadin\/wp-json\/wp\/v2\/posts"}],"about":[{"href":"https:\/\/www.tgrthaber.com\/mavikadin\/wp-json\/wp\/v2\/types\/post"}],"author":[{"embeddable":true,"href":"https:\/\/www.tgrthaber.com\/mavikadin\/wp-json\/wp\/v2\/users\/5"}],"replies":[{"embeddable":true,"href":"https:\/\/www.tgrthaber.com\/mavikadin\/wp-json\/wp\/v2\/comments?post=129180"}],"version-history":[{"count":4,"href":"https:\/\/www.tgrthaber.com\/mavikadin\/wp-json\/wp\/v2\/posts\/129180\/revisions"}],"predecessor-version":[{"id":129189,"href":"https:\/\/www.tgrthaber.com\/mavikadin\/wp-json\/wp\/v2\/posts\/129180\/revisions\/129189"}],"wp:featuredmedia":[{"embeddable":true,"href":"https:\/\/www.tgrthaber.com\/mavikadin\/wp-json\/wp\/v2\/media\/129187"}],"wp:attachment":[{"href":"https:\/\/www.tgrthaber.com\/mavikadin\/wp-json\/wp\/v2\/media?parent=129180"}],"wp:term":[{"taxonomy":"category","embeddable":true,"href":"https:\/\/www.tgrthaber.com\/mavikadin\/wp-json\/wp\/v2\/categories?post=129180"},{"taxonomy":"post_tag","embeddable":true,"href":"https:\/\/www.tgrthaber.com\/mavikadin\/wp-json\/wp\/v2\/tags?post=129180"}],"curies":[{"name":"wp","href":"https:\/\/api.w.org\/{rel}","templated":true}]}}