{"id":129236,"date":"2025-02-04T17:10:18","date_gmt":"2025-02-04T14:10:18","guid":{"rendered":"https:\/\/www.tgrthaber.com\/mavikadin\/?p=129236"},"modified":"2025-02-04T17:13:51","modified_gmt":"2025-02-04T14:13:51","slug":"bir-behzat-c-hikayesine-savci-esra-mi-donuyor-hayranlar-bayram-edecek","status":"publish","type":"post","link":"https:\/\/www.tgrthaber.com\/mavikadin\/bir-behzat-c-hikayesine-savci-esra-mi-donuyor-hayranlar-bayram-edecek\/","title":{"rendered":"Bir Behzat \u00c7. Hikayesi&#8217;ne savc\u0131 Esra m\u0131 d\u00f6n\u00fcyor? Hayranlar bayram edecek!"},"content":{"rendered":"<p>Uzun y\u0131llar \u00f6nce televizyon ekranlar\u0131nda yay\u0131nlanan ve \u00e7ok sevilen dizi Behzat \u00c7. bu kez dijital platformlar ile izleyici ile bulu\u015fuyor. BluTv&#8217;de yay\u0131nlanan Bir Behzat \u00c7. Hikayesi ge\u00e7ti\u011fimiz g\u00fcnlerde\u00a0 3. sezon \u00e7ekimlerine ba\u015flad\u0131. Gazetecei Birsen Altunta\u015f&#8217;\u0131n haberine g\u00f6re, dizinin efsaneleri aras\u0131nda yer alan savc\u0131 Esra&#8217;n\u0131n yeniden diziye dahil olaca\u011f\u0131 y\u00f6n\u00fcnde oldu. Gelen bu bilgiler \u00fczerine Bir Behzat \u00c7. Hikayesi&#8217;ne savc\u0131 Esra m\u0131 d\u00f6n\u00fcyor? sorusu g\u00fcndeme geldi.<\/p>\n<h3>B\u0130R BEHZAT \u00c7. H\u0130KAYES\u0130&#8217;NE SAVCI ESRA MI D\u00d6N\u00dcYOR?<\/h3>\n<p>Fenomen polisiye dizisi yo\u011fun istek \u00fczerine yeniden yay\u0131nlanmaya ba\u015fland\u0131. Dijital platformda ekrana gelen dizinin 3. sezon \u00e7ekimlerine de ba\u015fland\u0131. Birsen Altunta\u015f, resmi sitesinde yazd\u0131\u011f\u0131 haberde, s\u00fcrpriz bir oyuncunun diziye dahil olaca\u011f\u0131n\u0131 s\u00f6yledi. Bu ismin ise Canan Erg\u00fcder&#8217;in oynad\u0131\u011f\u0131 savc\u0131 Esra karakteri oluyor.<\/p>\n<p>E\u011fer s\u00f6ylentiler do\u011fruysa Ankara\u2019da yap\u0131lacak okuma provas\u0131nda durumun a\u00e7\u0131kl\u0131\u011fa kavu\u015fmas\u0131 bekleniyor.<\/p>\n<p><img loading=\"lazy\" decoding=\"async\" class=\"alignnone wp-image-129244\" src=\"https:\/\/www.tgrthaber.com\/mavikadin\/wp-content\/uploads\/savci-esra-300x169.webp\" alt=\"\" width=\"1280\" height=\"720\" title=\"\" srcset=\"https:\/\/www.tgrthaber.com\/mavikadin\/wp-content\/uploads\/savci-esra-300x169.webp 300w, https:\/\/www.tgrthaber.com\/mavikadin\/wp-content\/uploads\/savci-esra-1024x576.webp 1024w, https:\/\/www.tgrthaber.com\/mavikadin\/wp-content\/uploads\/savci-esra-768x432.webp 768w, https:\/\/www.tgrthaber.com\/mavikadin\/wp-content\/uploads\/savci-esra.webp 1280w\" sizes=\"(max-width: 1280px) 100vw, 1280px\" \/><\/p>\n<hr \/>\n<h3>CANAN ERG\u00dcDER K\u0130MD\u0130R?<\/h3>\n<p>Ba\u015far\u0131l\u0131 ve g\u00fczel oyuncu Canan Erg\u00fcder, 15 Temmuz 1977 y\u0131l\u0131ndan do\u011fmu\u015ftur. Franklin &amp; Marshall College&#8217;da sosyoloji ve tiyatro e\u011fitimini Amerika&#8217;da alan oyuncu, The New School University Actors Studio Drama Program\u0131&#8217;nda y\u00fcksek lisans\u0131n\u0131 tamamlam\u0131\u015ft\u0131r.<\/p>\n<p>G\u00fcllerin Sava\u015f\u0131, Behzat \u00c7. Bir Ankara Polisiyesi, Menajerimi Ara ve O\u011flum gibi dizler ile \u00f6n plana \u00e7\u0131kan ve ba\u015far\u0131s\u0131n\u0131 kan\u0131tlayan Erg\u00fcder,\u00a0 tiyatro sahnelerinde de yer alarak pek \u00e7ok \u00f6d\u00fcl kazanm\u0131\u015ft\u0131r.<\/p>\n<p>Oyuncu Canan Erg\u00fcder, 2021 y\u0131l\u0131nda meme kanserine yakaland\u0131\u011f\u0131n\u0131 hayranlar\u0131 ile payla\u015fm\u0131\u015ft\u0131r. Erg\u00fcder, tedavi s\u00fcrecini ba\u015far\u0131yla bitirmi\u015f ve kariyer yolculu\u011funa devam etmektedir.<\/p>\n<p><img loading=\"lazy\" decoding=\"async\" class=\"alignnone wp-image-129242\" src=\"https:\/\/www.tgrthaber.com\/mavikadin\/wp-content\/uploads\/behzat-c-savci-300x169.webp\" alt=\"\" width=\"1280\" height=\"720\" title=\"\" srcset=\"https:\/\/www.tgrthaber.com\/mavikadin\/wp-content\/uploads\/behzat-c-savci-300x169.webp 300w, https:\/\/www.tgrthaber.com\/mavikadin\/wp-content\/uploads\/behzat-c-savci-1024x576.webp 1024w, https:\/\/www.tgrthaber.com\/mavikadin\/wp-content\/uploads\/behzat-c-savci-768x432.webp 768w, https:\/\/www.tgrthaber.com\/mavikadin\/wp-content\/uploads\/behzat-c-savci.webp 1280w\" sizes=\"(max-width: 1280px) 100vw, 1280px\" \/><\/p>\n<hr \/>\n<p>B\u0130R BEHZAT \u00c7. H\u0130KAYES\u0130 KONUSU NED\u0130R?<\/p>\n<p>Behzat \u00c7. Hikayesi BluTV&#8217;de seyirci ile bulu\u015fuyor.\u00a0 Dizide, Erdal Be\u015fik\u00e7io\u011flu ba\u015frolde yer al\u0131rken, \u0130nan\u00e7 Konuk\u00e7u, Berkan \u015eal, Ege Aydan, Ay\u00e7a Eren, G\u00fcven K\u0131ra\u00e7, Mehmet Ali Nuro\u011flu ve Esra Ronabar gibi isimler oyuncuya e\u015flik ediyor.<\/p>\n<p><img loading=\"lazy\" decoding=\"async\" class=\"alignnone wp-image-129241\" src=\"https:\/\/www.tgrthaber.com\/mavikadin\/wp-content\/uploads\/195-FOTO-300x178.jpg\" alt=\"\" width=\"1280\" height=\"758\" title=\"\" srcset=\"https:\/\/www.tgrthaber.com\/mavikadin\/wp-content\/uploads\/195-FOTO-300x178.jpg 300w, https:\/\/www.tgrthaber.com\/mavikadin\/wp-content\/uploads\/195-FOTO.jpg 760w\" sizes=\"(max-width: 1280px) 100vw, 1280px\" \/><\/p>\n<hr \/>\n<p>Dizinin konusu ise \u015fu \u015fekilde, Ba\u015fkomiser Behzat \u00c7., Cinayet B\u00fcro Amirli\u011fi&#8217;nde g\u00f6revine devam etmektedir. B\u00fcro br g\u00fcn k\u00f6t\u00fc bir haber al\u0131r.\u00a0 Gaspi \u00c7., \u00f6ld\u00fcr\u00fclm\u00fc\u015ft\u00fcr. Ekip bu olay\u0131n soru\u015fturmas\u0131n\u0131 yaparken bir yandan da\u00a0 Ankara\u2019daki bir seri katilin pe\u015fine tak\u0131l\u0131r.<\/p>\n","protected":false},"excerpt":{"rendered":"<p>Efsane dizi Bir Behzat \u00c7. Hikayesi yo\u011fun istek \u00fczerine 3. sezonu ile ekranlara \u00e7\u0131kmaya haz\u0131rlan\u0131yor. BluTv&#8217;de yay\u0131nlanan dizi ile ilgili bomba bir iddia ortaya at\u0131ld\u0131. Savc\u0131 Esra karakterinin yeniden diziye dahil olaca\u011f\u0131 konu\u015fulmaya ba\u015fland\u0131.<\/p>\n","protected":false},"author":33,"featured_media":129248,"comment_status":"closed","ping_status":"closed","sticky":false,"template":"","format":"standard","meta":{"rank_math_lock_modified_date":false,"footnotes":""},"categories":[602],"tags":[9871,9872,4686],"class_list":["post-129236","post","type-post","status-publish","format-standard","has-post-thumbnail","hentry","category-diziler","tag-bir-behzat-c-hikayesi-savci-esra-geri-mi-donuyor","tag-canan-erguder","tag-erdal-besikcioglu"],"_links":{"self":[{"href":"https:\/\/www.tgrthaber.com\/mavikadin\/wp-json\/wp\/v2\/posts\/129236"}],"collection":[{"href":"https:\/\/www.tgrthaber.com\/mavikadin\/wp-json\/wp\/v2\/posts"}],"about":[{"href":"https:\/\/www.tgrthaber.com\/mavikadin\/wp-json\/wp\/v2\/types\/post"}],"author":[{"embeddable":true,"href":"https:\/\/www.tgrthaber.com\/mavikadin\/wp-json\/wp\/v2\/users\/33"}],"replies":[{"embeddable":true,"href":"https:\/\/www.tgrthaber.com\/mavikadin\/wp-json\/wp\/v2\/comments?post=129236"}],"version-history":[{"count":1,"href":"https:\/\/www.tgrthaber.com\/mavikadin\/wp-json\/wp\/v2\/posts\/129236\/revisions"}],"predecessor-version":[{"id":129245,"href":"https:\/\/www.tgrthaber.com\/mavikadin\/wp-json\/wp\/v2\/posts\/129236\/revisions\/129245"}],"wp:featuredmedia":[{"embeddable":true,"href":"https:\/\/www.tgrthaber.com\/mavikadin\/wp-json\/wp\/v2\/media\/129248"}],"wp:attachment":[{"href":"https:\/\/www.tgrthaber.com\/mavikadin\/wp-json\/wp\/v2\/media?parent=129236"}],"wp:term":[{"taxonomy":"category","embeddable":true,"href":"https:\/\/www.tgrthaber.com\/mavikadin\/wp-json\/wp\/v2\/categories?post=129236"},{"taxonomy":"post_tag","embeddable":true,"href":"https:\/\/www.tgrthaber.com\/mavikadin\/wp-json\/wp\/v2\/tags?post=129236"}],"curies":[{"name":"wp","href":"https:\/\/api.w.org\/{rel}","templated":true}]}}