{"id":129301,"date":"2025-02-04T19:04:04","date_gmt":"2025-02-04T16:04:04","guid":{"rendered":"https:\/\/www.tgrthaber.com\/mavikadin\/?p=129301"},"modified":"2025-02-04T19:04:04","modified_gmt":"2025-02-04T16:04:04","slug":"kizil-goncalardan-ayrilan-tolga-tekinin-yeni-adresi-esref-ruya-dizisi-oldu","status":"publish","type":"post","link":"https:\/\/www.tgrthaber.com\/mavikadin\/kizil-goncalardan-ayrilan-tolga-tekinin-yeni-adresi-esref-ruya-dizisi-oldu\/","title":{"rendered":"K\u0131z\u0131l Goncalar\u2019dan ayr\u0131lan Tolga Tekin\u2019in yeni adresi  \u2018E\u015fref R\u00fcya\u2019 dizisi oldu!"},"content":{"rendered":"<p class=\"p1\">Tolga Tekin, \u201cK\u0131z\u0131l Goncalar\u201d dizisinden ayr\u0131ld\u0131ktan sonra yeni projesini duyurdu. Ba\u015far\u0131l\u0131 oyuncu, Kanal D\u2019nin b\u00fcy\u00fck ilgi g\u00f6ren yap\u0131m\u0131 \u201cE\u015fref R\u00fcya\u201dda rol alacak. Bug\u00fcn ger\u00e7ekle\u015ftirilen okuma provas\u0131yla ekip bir araya geldi. Yak\u0131nda ba\u015flayacak \u00e7ekimler i\u00e7in haz\u0131rl\u0131klar h\u0131z kesmeden s\u00fcr\u00fcyor.<\/p>\n<h3 class=\"p2\"><b>YEN\u0130 SEZONA G\u00dc\u00c7L\u00dc B\u0130R YAPIM GEL\u0130YOR <\/b><b><\/b><\/h3>\n<p class=\"p2\">Kanal D, 2025 y\u0131l\u0131 i\u00e7in haz\u0131rl\u0131klar\u0131n\u0131 s\u00fcrd\u00fcr\u00fcrken, dikkat \u00e7eken projelerden biri de Tims&amp;B imzal\u0131 \u201cE\u015fref R\u00fcya\u201d dizisi oldu. Ba\u015frollerinde \u00c7a\u011fatay Ulusoy, Demet \u00d6zdemir ve B\u00fc\u015fra Develi\u2019nin yer ald\u0131\u011f\u0131 yap\u0131m\u0131n y\u00f6netmenli\u011fini Ulu\u00e7 Bayraktar \u00fcstleniyor. Senaryosu Ethem \u00d6z\u0131\u015f\u0131k taraf\u0131ndan kaleme al\u0131nan dizi, dram ve gizem dolu hik\u00e2yesiyle \u015fimdiden b\u00fcy\u00fck merak uyand\u0131r\u0131yor. Hik\u00e2yede \u00c7a\u011fatay Ulusoy\u2019un oynad\u0131\u011f\u0131 E\u015fref, \u00e7ocuklu\u011funda \u201cR\u00fcya\u201d ad\u0131n\u0131 verdi\u011fi ancak ger\u00e7ek ad\u0131 Nisan olan karakterle yeniden yollar\u0131n\u0131 kesi\u015ftiriyor. Nisan\u2019\u0131 ise ba\u015far\u0131l\u0131 oyuncu Demet \u00d6zdemir oynayacak.<\/p>\n<p><img loading=\"lazy\" decoding=\"async\" class=\"alignnone wp-image-129304 size-full\" src=\"https:\/\/www.tgrthaber.com\/mavikadin\/wp-content\/uploads\/Ekran-Resmi-2025-02-04-18.57.34.png\" alt=\"\" width=\"988\" height=\"562\" title=\"\" srcset=\"https:\/\/www.tgrthaber.com\/mavikadin\/wp-content\/uploads\/Ekran-Resmi-2025-02-04-18.57.34.png 988w, https:\/\/www.tgrthaber.com\/mavikadin\/wp-content\/uploads\/Ekran-Resmi-2025-02-04-18.57.34-300x171.png 300w, https:\/\/www.tgrthaber.com\/mavikadin\/wp-content\/uploads\/Ekran-Resmi-2025-02-04-18.57.34-768x437.png 768w\" sizes=\"(max-width: 988px) 100vw, 988px\" \/><\/p>\n<hr \/>\n<h3 class=\"p2\"><b>KIZIL GONCALAR\u2019DAN AYRILAN TOLGA TEK\u0130N \u2018E\u015eREF R\u00dcYA\u2019 D\u0130Z\u0130S\u0130NDE<\/b><b><\/b><\/h3>\n<p class=\"p2\">Son olarak \u201cK\u0131z\u0131l Goncalar\u201d dizisinde izleyici kar\u015f\u0131s\u0131na \u00e7\u0131kan ve performans\u0131yla b\u00fcy\u00fck be\u011feni toplayan Tolga Tekin&#8217;in de yeni adresi &#8216;E\u015fref R\u00fcya&#8217; dizisi oldu. Tekin, dikkat \u00e7eken karakterlerinden biri olan M\u00fcsl\u00fcm\u2019\u00fc oynayacak. \u00dcnl\u00fc oyuncunun dizide nas\u0131l bir rolde olaca\u011f\u0131 \u015fimdiden merak konusu. B\u00fc\u015fra Develi\u2019nin de \u00f6nemli bir karakterle hik\u00e2yeye dahil oldu\u011fu yap\u0131mda, oyuncunun oynayaca\u011f\u0131 karakter hen\u00fcz a\u00e7\u0131klanmad\u0131. Ancak dizinin g\u00fc\u00e7l\u00fc senaryosu ve etkileyici karakterleriyle b\u00fcy\u00fck ilgi g\u00f6rmesi bekleniyor.<\/p>\n<p><img loading=\"lazy\" decoding=\"async\" class=\"alignnone wp-image-129305 size-full\" src=\"https:\/\/www.tgrthaber.com\/mavikadin\/wp-content\/uploads\/Ekran-Resmi-2025-02-04-18.57.08-1.png\" alt=\"\" width=\"956\" height=\"544\" title=\"\" srcset=\"https:\/\/www.tgrthaber.com\/mavikadin\/wp-content\/uploads\/Ekran-Resmi-2025-02-04-18.57.08-1.png 956w, https:\/\/www.tgrthaber.com\/mavikadin\/wp-content\/uploads\/Ekran-Resmi-2025-02-04-18.57.08-1-300x171.png 300w, https:\/\/www.tgrthaber.com\/mavikadin\/wp-content\/uploads\/Ekran-Resmi-2025-02-04-18.57.08-1-768x437.png 768w\" sizes=\"(max-width: 956px) 100vw, 956px\" \/><\/p>\n<hr \/>\n<h3 class=\"p2\"><b>\u00c7EK\u0130MLER YAKINDA BA\u015eLIYOR <\/b><b><\/b><\/h3>\n<p class=\"p2\">2025 y\u0131l\u0131nda Kanal D ekranlar\u0131nda izleyiciyle bulu\u015facak olan \u201cE\u015fref R\u00fcya\u201d i\u00e7in haz\u0131rl\u0131klar h\u0131z kesmeden devam ediyor. Okuma provas\u0131n\u0131n tamamlanmas\u0131n\u0131n ard\u0131ndan \u00e7ekimlerin k\u0131sa s\u00fcre i\u00e7inde ba\u015flamas\u0131 planlan\u0131yor. Dizi, y\u0131ld\u0131z kadrosu ve s\u00fcr\u00fckleyici hik\u00e2yesiyle yeni sezonda en \u00e7ok konu\u015fulan yap\u0131mlardan biri olmaya aday g\u00f6r\u00fcn\u00fcyor.<\/p>\n<h3>&#8216;E\u015eREF R\u00dcYA&#8217; D\u0130Z\u0130S\u0130 KONUSU NE?<\/h3>\n<p class=\"p1\">Tutkulu bir a\u015fk\u0131n, g\u00fc\u00e7 ve ihanetle s\u0131nand\u0131\u011f\u0131 \u201cE\u015fref R\u00fcya\u201d dizisi, izleyicileri derin bir hik\u00e2yeye davet ediyor. Kanal D\u2019nin iddial\u0131 yap\u0131m\u0131, s\u00fcr\u00fckleyici anlat\u0131m\u0131yla ekrana farkl\u0131 bir soluk getirecek. E\u015fref, gen\u00e7 ya\u015f\u0131nda hayat\u0131n zorluklar\u0131yla kar\u015f\u0131la\u015fm\u0131\u015f, paraya ve g\u00fcce ula\u015fm\u0131\u015f bir adamd\u0131r. Ancak t\u00fcm sahip olduklar\u0131na ra\u011fmen, \u00e7ocukluk y\u0131llar\u0131nda sadece bir kez g\u00f6rd\u00fc\u011f\u00fc gizemli kad\u0131n\u0131n hayali pe\u015fini b\u0131rakmaz. O an\u0131n etkisiyle, onun ad\u0131n\u0131 bile bilmeden \u201cR\u00fcya\u201d olarak zihnine kaz\u0131r.<\/p>\n<p><img loading=\"lazy\" decoding=\"async\" class=\"alignnone wp-image-129306 size-full\" src=\"https:\/\/www.tgrthaber.com\/mavikadin\/wp-content\/uploads\/Ekran-Resmi-2025-02-04-18.58.56.png\" alt=\"\" width=\"974\" height=\"598\" title=\"\" srcset=\"https:\/\/www.tgrthaber.com\/mavikadin\/wp-content\/uploads\/Ekran-Resmi-2025-02-04-18.58.56.png 974w, https:\/\/www.tgrthaber.com\/mavikadin\/wp-content\/uploads\/Ekran-Resmi-2025-02-04-18.58.56-300x184.png 300w, https:\/\/www.tgrthaber.com\/mavikadin\/wp-content\/uploads\/Ekran-Resmi-2025-02-04-18.58.56-768x472.png 768w\" sizes=\"(max-width: 974px) 100vw, 974px\" \/><\/p>\n<hr \/>\n<p class=\"p1\">Aradan ge\u00e7en y\u0131llar, E\u015fref\u2019i bamba\u015fka bir adam haline getirse de, o unutulmayan an\u0131 kaderin bir oyunu olarak yeniden kar\u015f\u0131s\u0131na \u00e7\u0131kart\u0131r. E\u015fref, y\u0131llar sonra kar\u015f\u0131s\u0131nda R\u00fcya\u2019y\u0131 buldu\u011funda, bekledi\u011fi s\u0131cakl\u0131\u011f\u0131 yerine d\u00fc\u015fmanl\u0131kla kar\u015f\u0131lan\u0131r. Gen\u00e7 kad\u0131n\u0131n hayat\u0131ndaki bilinmezlikler, E\u015fref\u2019i b\u00fcy\u00fck bir \u00e7\u0131kmaza s\u00fcr\u00fcklerken, Nisan adl\u0131 bir m\u00fczisyenle yollar\u0131n\u0131n kesi\u015fmesi olaylar\u0131 daha da karma\u015f\u0131k hale getirir. Sevgi, ihanet ve intikam dolu bu hik\u00e2ye, izleyiciyi ekran ba\u015f\u0131na kilitlemeye haz\u0131rlan\u0131yor.<\/p>\n","protected":false},"excerpt":{"rendered":"<p>\u00dcnl\u00fc oyuncu Tolga Tekin, \u201cK\u0131z\u0131l Goncalar\u201d dizisinden ayr\u0131ld\u0131ktan sonra yeni projesini belirledi. Kanal D\u2019nin iddial\u0131 yap\u0131mlar\u0131ndan biri olarak g\u00f6sterilen \u201cE\u015fref R\u00fcya\u201d dizisinde yer alacak. Dizinin okuma provas\u0131 bug\u00fcn ger\u00e7ekle\u015fti. \u00c7ekimlerin ise \u00e7ok k\u0131sa bir s\u00fcre sonra ba\u015flayaca\u011f\u0131 ba\u015flayaca\u011f\u0131 biliniyor.<\/p>\n","protected":false},"author":16,"featured_media":129307,"comment_status":"closed","ping_status":"closed","sticky":false,"template":"","format":"standard","meta":{"rank_math_lock_modified_date":false,"footnotes":""},"categories":[602],"tags":[9894,9895,9893,9892],"class_list":["post-129301","post","type-post","status-publish","format-standard","has-post-thumbnail","hentry","category-diziler","tag-kizil-goncalar-tolga-tekin","tag-kizil-goncalar-tolga-tekin-esref-ruya-dizisi","tag-tolga-tekin-esref-ruya","tag-tolga-tekin-esref-ruya-dizisinde"],"_links":{"self":[{"href":"https:\/\/www.tgrthaber.com\/mavikadin\/wp-json\/wp\/v2\/posts\/129301"}],"collection":[{"href":"https:\/\/www.tgrthaber.com\/mavikadin\/wp-json\/wp\/v2\/posts"}],"about":[{"href":"https:\/\/www.tgrthaber.com\/mavikadin\/wp-json\/wp\/v2\/types\/post"}],"author":[{"embeddable":true,"href":"https:\/\/www.tgrthaber.com\/mavikadin\/wp-json\/wp\/v2\/users\/16"}],"replies":[{"embeddable":true,"href":"https:\/\/www.tgrthaber.com\/mavikadin\/wp-json\/wp\/v2\/comments?post=129301"}],"version-history":[{"count":1,"href":"https:\/\/www.tgrthaber.com\/mavikadin\/wp-json\/wp\/v2\/posts\/129301\/revisions"}],"predecessor-version":[{"id":129308,"href":"https:\/\/www.tgrthaber.com\/mavikadin\/wp-json\/wp\/v2\/posts\/129301\/revisions\/129308"}],"wp:featuredmedia":[{"embeddable":true,"href":"https:\/\/www.tgrthaber.com\/mavikadin\/wp-json\/wp\/v2\/media\/129307"}],"wp:attachment":[{"href":"https:\/\/www.tgrthaber.com\/mavikadin\/wp-json\/wp\/v2\/media?parent=129301"}],"wp:term":[{"taxonomy":"category","embeddable":true,"href":"https:\/\/www.tgrthaber.com\/mavikadin\/wp-json\/wp\/v2\/categories?post=129301"},{"taxonomy":"post_tag","embeddable":true,"href":"https:\/\/www.tgrthaber.com\/mavikadin\/wp-json\/wp\/v2\/tags?post=129301"}],"curies":[{"name":"wp","href":"https:\/\/api.w.org\/{rel}","templated":true}]}}