{"id":129302,"date":"2025-02-04T19:54:12","date_gmt":"2025-02-04T16:54:12","guid":{"rendered":"https:\/\/www.tgrthaber.com\/mavikadin\/?p=129302"},"modified":"2025-02-04T19:57:50","modified_gmt":"2025-02-04T16:57:50","slug":"uzak-sehirde-alya-gidecek-miydi-cihan-ve-alya-aski-basladi-mi","status":"publish","type":"post","link":"https:\/\/www.tgrthaber.com\/mavikadin\/uzak-sehirde-alya-gidecek-miydi-cihan-ve-alya-aski-basladi-mi\/","title":{"rendered":"Uzak \u015eehir\u2019de Alya gidecek miydi? Cihan ve Alya a\u015fk\u0131 ba\u015flad\u0131 m\u0131?"},"content":{"rendered":"<p>AyNa yap\u0131m imzal\u0131, Kanal D\u2019nin reyting rekorlar\u0131 k\u0131ran dizisi Uzak \u015eehir\u2019in yay\u0131mlanan son b\u00f6l\u00fcm\u00fcnde ya\u015fananlar b\u00fcy\u00fck merak uyand\u0131rd\u0131. Cihan ve Alya\u2019n\u0131n yak\u0131nla\u015fmas\u0131, Alya\u2019n\u0131n pasaport s\u0131ras\u0131ndaki tav\u0131rlar\u0131 sonras\u0131 izleyiciler Uzak \u015eehir Alya gidecek miydi? Cihan ve Alya a\u015fk\u0131 ba\u015flad\u0131 m\u0131? sorular\u0131n\u0131n yan\u0131tlar\u0131n\u0131 ar\u0131yor.<\/p>\n<p>Sinem \u00dcnsal, Ozan Akbaba, Kuzey Gezer, M\u00fcfit Kayacan, Gonca Cilasun gibi \u00fcnl\u00fc isimlerin yer ald\u0131\u011f\u0131 Uzak \u015eehir\u2019in 12. b\u00f6l\u00fcm\u00fcnde ya\u015fananlar heyecan\u0131 doru\u011fa ula\u015ft\u0131r\u0131rken, yeni b\u00f6l\u00fcme ili\u015fkin soru i\u015faretleri de olu\u015fturdu.<\/p>\n<h3>UZAK \u015eEH\u0130R ALYA G\u0130DECEK M\u0130YD\u0130?<\/h3>\n<p>Sadakat\u2019in Cihan\u2019a Boran\u2019\u0131n babas\u0131n\u0131n Ecmel oldu\u011fu ger\u00e7e\u011fini a\u00e7\u0131klamas\u0131 sonras\u0131 Cihan, bu ger\u00e7e\u011fin ortaya \u00e7\u0131karaca\u011f\u0131 sonu\u00e7lar nedeniyle kapana k\u0131s\u0131lm\u0131\u015f hissetti. Cihan, Ecmel\u2019in, annesine yapt\u0131klar\u0131n\u0131 \u00f6\u011frendikten sonra nefreti katlanarak artt\u0131.<\/p>\n<p><img loading=\"lazy\" decoding=\"async\" class=\"alignnone wp-image-129317\" src=\"https:\/\/www.tgrthaber.com\/mavikadin\/wp-content\/uploads\/1738653368348-image-300x200.webp\" alt=\"\" width=\"1280\" height=\"853\" title=\"\" srcset=\"https:\/\/www.tgrthaber.com\/mavikadin\/wp-content\/uploads\/1738653368348-image-300x200.webp 300w, https:\/\/www.tgrthaber.com\/mavikadin\/wp-content\/uploads\/1738653368348-image-1024x682.webp 1024w, https:\/\/www.tgrthaber.com\/mavikadin\/wp-content\/uploads\/1738653368348-image-768x512.webp 768w, https:\/\/www.tgrthaber.com\/mavikadin\/wp-content\/uploads\/1738653368348-image.webp 1280w\" sizes=\"(max-width: 1280px) 100vw, 1280px\" \/><\/p>\n<hr \/>\n<p>Dizinin yay\u0131nlanan son b\u00f6l\u00fcm\u00fcnde Cihan ve Alya\u2019n\u0131n yak\u0131nla\u015ft\u0131\u011f\u0131 g\u00f6r\u00fcl\u00fcrken, Alya pasaport s\u0131ras\u0131na girmekle kalmak aras\u0131nda kald\u0131. Alya\u2019n\u0131n alaca\u011f\u0131 karar\u0131n ne olaca\u011f\u0131 \u00f6n\u00fcm\u00fczdeki hafta yay\u0131nlanacak yeni b\u00f6l\u00fcmde \u00f6\u011frenilecek.<\/p>\n<p>Sosyal medyada #Uzak\u015eehir etiketiyle TT olan olan dizide Alya\u2019n\u0131n alaca\u011f\u0131 karar, dizi hakk\u0131nda en \u00e7ok merak edilen detaylar aras\u0131nda yer ald\u0131.<\/p>\n<p><img loading=\"lazy\" decoding=\"async\" class=\"alignnone wp-image-129320\" src=\"https:\/\/www.tgrthaber.com\/mavikadin\/wp-content\/uploads\/deniz-cihan-300x219.png\" alt=\"\" width=\"1280\" height=\"936\" title=\"\" srcset=\"https:\/\/www.tgrthaber.com\/mavikadin\/wp-content\/uploads\/deniz-cihan-300x219.png 300w, https:\/\/www.tgrthaber.com\/mavikadin\/wp-content\/uploads\/deniz-cihan.png 577w\" sizes=\"(max-width: 1280px) 100vw, 1280px\" \/><\/p>\n<hr \/>\n<h3>C\u0130HAN VE ALYA A\u015eKI BA\u015eLADI MI?<\/h3>\n<p>3 \u015eubat Pazartesi ak\u015fam\u0131 yay\u0131nlanan yeni b\u00f6l\u00fcmde izleyiciler ekran ba\u015f\u0131na kilitlendi. Cihan ve Alya aras\u0131nda a\u015fk ge\u00e7ti\u011fimiz haftalarda g\u00fcn y\u00fcz\u00fcn\u00fc \u00e7\u0131km\u0131\u015ft\u0131. Ekrana gelen b\u00f6l\u00fcmde d\u00fc\u011f\u00fcnde nikah \u015fahidi olan Alya, damad\u0131n Cihan hakk\u0131nda s\u00f6ylediklerini duyunca \u015fa\u015f\u0131rd\u0131. D\u00fc\u011f\u00fcn sahiplerine yard\u0131m eden Cihan, bu sayede Alya&#8217;n\u0131n g\u00f6nl\u00fcn\u00fc fethetti. \u00d6te yandan Cihan\u2019\u0131n, Deniz&#8217;i bir an olsun kuca\u011f\u0131ndan ay\u0131rmay\u0131\u015f\u0131 Alya\u2019y\u0131 daha da mutlu etti.\u00a0 Yay\u0131nlanan yeni b\u00f6l\u00fcm fragman\u0131nda Deniz\u2019in Cihan\u2019\u0131 g\u00f6r\u00fcp ko\u015fmas\u0131n\u0131n ard\u0131ndan Alya \u015foke oldu.<\/p>\n<p><img loading=\"lazy\" decoding=\"async\" class=\"alignnone wp-image-129319\" src=\"https:\/\/www.tgrthaber.com\/mavikadin\/wp-content\/uploads\/alya-300x191.png\" alt=\"\" width=\"1280\" height=\"815\" title=\"\" srcset=\"https:\/\/www.tgrthaber.com\/mavikadin\/wp-content\/uploads\/alya-300x191.png 300w, https:\/\/www.tgrthaber.com\/mavikadin\/wp-content\/uploads\/alya.png 647w\" sizes=\"(max-width: 1280px) 100vw, 1280px\" \/><\/p>\n<hr \/>\n<p>Alya, \u201cDeniz seni g\u00f6rmeseydi, gitmeme izin verecek miydin? sorusuna &#8220;Cihan beni g\u00f6rmese gidecek miydin?&#8221; \u015feklinde yan\u0131t verdi. \u0130kili aras\u0131nda a\u015fk d\u00fc\u011f\u00fcm\u00fcn\u00fcn \u00e7\u00f6z\u00fclmesinin \u00f6n\u00fcm\u00fczdeki hafta belli olmas\u0131 bekleniyor.<\/p>\n","protected":false},"excerpt":{"rendered":"<p>Kanal D\u2019nin sevilen ve ilgiyle takip edilen dizisi Uzak \u015eehir\u2019in 12. b\u00f6l\u00fcm\u00fc yay\u0131nland\u0131. Dizide, Alya karakterini oynayan Sinem \u00dcnsal ile Cihan karakterini oynayan Ozan Akbaba aras\u0131nda yak\u0131nla\u015fma ya\u015fan\u0131yor. 12. B\u00f6l\u00fcm\u00fcn sonuna do\u011fru bu yak\u0131nla\u015fman\u0131n akabinde pasaport s\u0131ras\u0131na gitmekle kalmak aras\u0131nda kalan Alya\u2019n\u0131n alaca\u011f\u0131 karar merak uyand\u0131rd\u0131. Uzak \u015eehir Alya gidecek miydi? Cihan ve Alya a\u015fk\u0131 ba\u015flad\u0131 m\u0131? <\/p>\n","protected":false},"author":33,"featured_media":129318,"comment_status":"closed","ping_status":"closed","sticky":false,"template":"","format":"standard","meta":{"rank_math_lock_modified_date":false,"footnotes":""},"categories":[602],"tags":[3268,3269],"class_list":["post-129302","post","type-post","status-publish","format-standard","has-post-thumbnail","hentry","category-diziler","tag-uzak-sehir-alya","tag-uzak-sehir-cihan"],"_links":{"self":[{"href":"https:\/\/www.tgrthaber.com\/mavikadin\/wp-json\/wp\/v2\/posts\/129302"}],"collection":[{"href":"https:\/\/www.tgrthaber.com\/mavikadin\/wp-json\/wp\/v2\/posts"}],"about":[{"href":"https:\/\/www.tgrthaber.com\/mavikadin\/wp-json\/wp\/v2\/types\/post"}],"author":[{"embeddable":true,"href":"https:\/\/www.tgrthaber.com\/mavikadin\/wp-json\/wp\/v2\/users\/33"}],"replies":[{"embeddable":true,"href":"https:\/\/www.tgrthaber.com\/mavikadin\/wp-json\/wp\/v2\/comments?post=129302"}],"version-history":[{"count":3,"href":"https:\/\/www.tgrthaber.com\/mavikadin\/wp-json\/wp\/v2\/posts\/129302\/revisions"}],"predecessor-version":[{"id":129323,"href":"https:\/\/www.tgrthaber.com\/mavikadin\/wp-json\/wp\/v2\/posts\/129302\/revisions\/129323"}],"wp:featuredmedia":[{"embeddable":true,"href":"https:\/\/www.tgrthaber.com\/mavikadin\/wp-json\/wp\/v2\/media\/129318"}],"wp:attachment":[{"href":"https:\/\/www.tgrthaber.com\/mavikadin\/wp-json\/wp\/v2\/media?parent=129302"}],"wp:term":[{"taxonomy":"category","embeddable":true,"href":"https:\/\/www.tgrthaber.com\/mavikadin\/wp-json\/wp\/v2\/categories?post=129302"},{"taxonomy":"post_tag","embeddable":true,"href":"https:\/\/www.tgrthaber.com\/mavikadin\/wp-json\/wp\/v2\/tags?post=129302"}],"curies":[{"name":"wp","href":"https:\/\/api.w.org\/{rel}","templated":true}]}}