{"id":129576,"date":"2025-02-05T14:32:23","date_gmt":"2025-02-05T11:32:23","guid":{"rendered":"https:\/\/www.tgrthaber.com\/mavikadin\/?p=129576"},"modified":"2025-02-05T14:32:23","modified_gmt":"2025-02-05T11:32:23","slug":"bebeklerde-kalca-cikigi-nedir-nasil-anlasilir-bebeklerde-kalca-cikiginin-belirtileri-ve-tedavisi","status":"publish","type":"post","link":"https:\/\/www.tgrthaber.com\/mavikadin\/bebeklerde-kalca-cikigi-nedir-nasil-anlasilir-bebeklerde-kalca-cikiginin-belirtileri-ve-tedavisi\/","title":{"rendered":"Bebeklerde kal\u00e7a \u00e7\u0131k\u0131\u011f\u0131 nedir, nas\u0131l anla\u015f\u0131l\u0131r? Bebeklerde kal\u00e7a \u00e7\u0131k\u0131\u011f\u0131n\u0131n belirtileri ve tedavisi"},"content":{"rendered":"<p>Bebeklerde kal\u00e7a \u00e7\u0131k\u0131\u011f\u0131n\u0131n nas\u0131l anla\u015f\u0131laca\u011f\u0131 konusu, anne ve babalar\u0131n en \u00e7ok merak etti\u011fi konular\u0131n ba\u015f\u0131nda gelir. Bu bozukluk, baz\u0131 bebeklerde ac\u0131 vermeyebilir; fakat baz\u0131 durumlarda bebe\u011fin hareketlerinde k\u0131s\u0131tlamaya ve anne aday\u0131n\u0131n endi\u015fe duymas\u0131na yol a\u00e7abilir. Bebe\u011fin kal\u00e7a \u00e7\u0131k\u0131\u011f\u0131, erken d\u00f6nemde fark edildi\u011finde \u00e7e\u015fitli non-invaziv veya cerrahi y\u00f6ntemlerle tedavi edilebilir. Genel olarak, bebe\u011fin kal\u00e7a \u00e7\u0131k\u0131\u011f\u0131 tedavisi, durumun \u015fiddetine ve bebe\u011fin ya\u015f\u0131na ba\u011fl\u0131 olarak planlan\u0131r. Aileler, doktor kontrol\u00fcyle d\u00fczenli takip edilmesi gereken bu rahats\u0131zl\u0131\u011f\u0131n semptomlar\u0131n\u0131 yak\u0131ndan g\u00f6zlemlemelidir.<\/p>\n<h3>BEBEKLERDE KAL\u00c7A \u00c7IKI\u011eI NASIL ANLA\u015eILIR?<\/h3>\n<p><img loading=\"lazy\" decoding=\"async\" class=\"alignnone wp-image-129606\" src=\"https:\/\/www.tgrthaber.com\/mavikadin\/wp-content\/uploads\/5-23.png\" alt=\"\" width=\"1208\" height=\"680\" title=\"\" srcset=\"https:\/\/www.tgrthaber.com\/mavikadin\/wp-content\/uploads\/5-23.png 1280w, https:\/\/www.tgrthaber.com\/mavikadin\/wp-content\/uploads\/5-23-300x169.png 300w, https:\/\/www.tgrthaber.com\/mavikadin\/wp-content\/uploads\/5-23-1024x576.png 1024w, https:\/\/www.tgrthaber.com\/mavikadin\/wp-content\/uploads\/5-23-768x432.png 768w\" sizes=\"(max-width: 1208px) 100vw, 1208px\" \/><\/p>\n<hr \/>\n<p>Bebe\u011fin kal\u00e7a \u00e7\u0131k\u0131\u011f\u0131n\u0131n te\u015fhisi, genellikle fizik muayene ve g\u00f6r\u00fcnt\u00fcleme y\u00f6ntemleriyle konulur. Doktor, bebe\u011fin bacaklar\u0131n\u0131 kar\u015f\u0131la\u015ft\u0131rarak simetri ve hareket a\u00e7\u0131kl\u0131\u011f\u0131 \u00fczerinde dikkatlice inceler. Bazen bebe\u011fin kal\u00e7as\u0131n\u0131 nazik\u00e7e iterek veya hareket ettirerek eklemdeki gev\u015feklik g\u00f6zlemlenebilir. Ayr\u0131ca, bebeklerde kal\u00e7a \u00e7\u0131k\u0131\u011f\u0131 oldu\u011funda, kal\u00e7alar\u0131n birbirine paralel olmad\u0131\u011f\u0131, bir baca\u011f\u0131n di\u011ferine g\u00f6re daha k\u0131sa g\u00f6r\u00fcnd\u00fc\u011f\u00fc gibi farkl\u0131l\u0131klar da g\u00f6zlenir. Bu durum, bebe\u011fin a\u011fr\u0131 hissetmesine sebep olabilir; fakat her bebekte belirgin a\u011fr\u0131 olmas\u0131 beklenmez. Bebe\u011fin kal\u00e7a \u00e7\u0131k\u0131\u011f\u0131 belirtileri, uzun s\u00fcreli ve d\u00fczensiz hareketler, y\u00fcr\u00fcme zorlu\u011fu veya bebe\u011fin bacaklar\u0131n\u0131n kas\u0131k b\u00f6lgesinde s\u0131k\u0131\u015f\u0131kl\u0131k hissi \u015feklinde ortaya \u00e7\u0131kabilir.<\/p>\n<p><img loading=\"lazy\" decoding=\"async\" class=\"alignnone wp-image-129605\" src=\"https:\/\/www.tgrthaber.com\/mavikadin\/wp-content\/uploads\/4-37.png\" alt=\"\" width=\"1208\" height=\"680\" title=\"\" srcset=\"https:\/\/www.tgrthaber.com\/mavikadin\/wp-content\/uploads\/4-37.png 1280w, https:\/\/www.tgrthaber.com\/mavikadin\/wp-content\/uploads\/4-37-300x169.png 300w, https:\/\/www.tgrthaber.com\/mavikadin\/wp-content\/uploads\/4-37-1024x576.png 1024w, https:\/\/www.tgrthaber.com\/mavikadin\/wp-content\/uploads\/4-37-768x432.png 768w\" sizes=\"(max-width: 1208px) 100vw, 1208px\" \/><\/p>\n<hr \/>\n<h3>BEBEKLERDE KAL\u00c7A \u00c7IKI\u011eI BEL\u0130RT\u0130LER\u0130<\/h3>\n<p>Bebe\u011fin kal\u00e7a \u00e7\u0131k\u0131\u011f\u0131n\u0131n varl\u0131\u011f\u0131n\u0131 g\u00f6steren baz\u0131 temel bulgular \u015fu \u015fekildedir:<\/p>\n<p>\u2022 <strong>Asimetrik Bacak Pozisyonu:<\/strong> Bebe\u011fin bacaklar\u0131nda simetri bozuklu\u011fu, kal\u00e7alar\u0131n e\u015fit oranda yerle\u015fmedi\u011fini g\u00f6sterebilir.<\/p>\n<p>\u2022 <strong>Hareket K\u0131s\u0131tl\u0131l\u0131\u011f\u0131:<\/strong> \u00d6zellikle kal\u00e7a b\u00f6lgesindeki pasif ve aktif hareketlerde belirgin azalma fark edilebilir.<\/p>\n<p>\u2022 <strong>Fiziksel Belirtiler:<\/strong> Bebek bazen kal\u00e7an\u0131n one \u00e7\u0131kmas\u0131 ya da bacaklar\u0131n farkl\u0131 uzunlukta g\u00f6r\u00fcnmesi gibi durumlar sergileyebilir.<br \/>\nBu belirtiler, erken ya\u015fta fark edilirse tedavi s\u00fcrecine erken ba\u015flama f\u0131rsat\u0131 do\u011far ve bebe\u011fin uzun vadede normal b\u00fcy\u00fcme geli\u015fimine katk\u0131da bulunur.<\/p>\n<p><img loading=\"lazy\" decoding=\"async\" class=\"alignnone wp-image-129600\" src=\"https:\/\/www.tgrthaber.com\/mavikadin\/wp-content\/uploads\/1-47.png\" alt=\"\" width=\"1208\" height=\"680\" title=\"\" srcset=\"https:\/\/www.tgrthaber.com\/mavikadin\/wp-content\/uploads\/1-47.png 1280w, https:\/\/www.tgrthaber.com\/mavikadin\/wp-content\/uploads\/1-47-300x169.png 300w, https:\/\/www.tgrthaber.com\/mavikadin\/wp-content\/uploads\/1-47-1024x576.png 1024w, https:\/\/www.tgrthaber.com\/mavikadin\/wp-content\/uploads\/1-47-768x432.png 768w\" sizes=\"(max-width: 1208px) 100vw, 1208px\" \/><\/p>\n<hr \/>\n<h3>BEBEKLERDE KAL\u00c7A \u00c7IKI\u011eI TEDAV\u0130S\u0130<\/h3>\n<p>Tedavi s\u00fcreci, kal\u00e7a \u00e7\u0131k\u0131\u011f\u0131n\u0131n derecesine ve bebe\u011fin genel sa\u011fl\u0131k durumuna ba\u011fl\u0131 olarak de\u011fi\u015fir. Hafif vakalar, fiziksel terapi ve d\u00fczenli takip ile izlenirken, daha ciddi vakalarda cerrahi m\u00fcdahale gerekebilir. Cerrahi i\u015flemler, bebe\u011fin genellikle genel anestezi alt\u0131nda yap\u0131lan k\u0131sa s\u00fcreli ameliyatlar\u0131 i\u00e7erir. Bebeklerde kal\u00e7a \u00e7\u0131k\u0131\u011f\u0131 ameliyat\u0131 ka\u00e7 saat s\u00fcrer? gibi sorulara verilen cevaplar genellikle 1-2 saat aras\u0131nda de\u011fi\u015fir, ancak ameliyat sonras\u0131 iyile\u015fme s\u00fcreci birka\u00e7 hafta s\u00fcrebilir. Tedavi s\u00fcrecinde anne-babalar\u0131n, bebe\u011fin durumunu yak\u0131ndan takip etmesi, doktorun \u00f6nerdi\u011fi t\u00fcm rehabilitasyon ve egzersiz programlar\u0131na sad\u0131k kalmas\u0131 olduk\u00e7a \u00f6nemlidir.<br \/>\nAyr\u0131ca, bebe\u011fin durumunun erken te\u015fhis edilmesi, tedavi se\u00e7eneklerinin artmas\u0131na olanak sa\u011flar. Doktorlar, genellikle ultrason veya r\u00f6ntgen gibi g\u00f6r\u00fcnt\u00fcleme y\u00f6ntemleri ile tan\u0131y\u0131 kesinle\u015ftirir ve tedavi stratejisini bu sonu\u00e7lara g\u00f6re belirler.<\/p>\n<p><img loading=\"lazy\" decoding=\"async\" class=\"alignnone wp-image-129603\" src=\"https:\/\/www.tgrthaber.com\/mavikadin\/wp-content\/uploads\/3-53.png\" alt=\"\" width=\"1208\" height=\"680\" title=\"\" srcset=\"https:\/\/www.tgrthaber.com\/mavikadin\/wp-content\/uploads\/3-53.png 1280w, https:\/\/www.tgrthaber.com\/mavikadin\/wp-content\/uploads\/3-53-300x169.png 300w, https:\/\/www.tgrthaber.com\/mavikadin\/wp-content\/uploads\/3-53-1024x576.png 1024w, https:\/\/www.tgrthaber.com\/mavikadin\/wp-content\/uploads\/3-53-768x432.png 768w\" sizes=\"(max-width: 1208px) 100vw, 1208px\" \/><\/p>\n<hr \/>\n<h3>EKSTRA BAKIM \u00d6NER\u0130LER\u0130<\/h3>\n<p>Bebe\u011fin kal\u00e7a \u00e7\u0131k\u0131\u011f\u0131 tedavisinde, doktorun \u00f6nerilerine ek olarak baz\u0131 destekleyici uygulamalar da faydal\u0131 olabilir. \u00d6rne\u011fin, do\u011fru pozisyonda uyumas\u0131n\u0131 sa\u011flamak ve uygun bebek ta\u015f\u0131ma tekniklerini uygulamak, kal\u00e7a eklemine y\u00f6nelik bask\u0131y\u0131 azaltabilir. D\u00fczenli fizyoterapi seanslar\u0131, bebe\u011fin kas ve kemik geli\u015fimine katk\u0131 sa\u011flayarak tedavi s\u00fcrecini olumlu y\u00f6nde etkiler. Anne-babalar\u0131n, bebe\u011fin hareketlerini ve geli\u015fimini d\u00fczenli olarak kontrol ettirmesi, olas\u0131 komplikasyonlar\u0131 \u00f6nlemeye yard\u0131mc\u0131 olur.<\/p>\n<p><img loading=\"lazy\" decoding=\"async\" class=\"alignnone wp-image-129608\" src=\"https:\/\/www.tgrthaber.com\/mavikadin\/wp-content\/uploads\/7-18.png\" alt=\"\" width=\"1208\" height=\"680\" title=\"\" srcset=\"https:\/\/www.tgrthaber.com\/mavikadin\/wp-content\/uploads\/7-18.png 1280w, https:\/\/www.tgrthaber.com\/mavikadin\/wp-content\/uploads\/7-18-300x169.png 300w, https:\/\/www.tgrthaber.com\/mavikadin\/wp-content\/uploads\/7-18-1024x576.png 1024w, https:\/\/www.tgrthaber.com\/mavikadin\/wp-content\/uploads\/7-18-768x432.png 768w\" sizes=\"(max-width: 1208px) 100vw, 1208px\" \/><\/p>\n<hr \/>\n<h3>SIK\u00c7A SORULAN SORULAR<\/h3>\n<p><strong>Bebekte kal\u00e7a \u00e7\u0131k\u0131\u011f\u0131 oldu\u011funu nas\u0131l anlar\u0131z?<\/strong><\/p>\n<p>Bebe\u011fin bacaklar\u0131nda simetrik olmayan bir g\u00f6r\u00fcn\u00fcm, hareketlerde k\u0131s\u0131tl\u0131l\u0131k veya kal\u00e7a b\u00f6lgesinde s\u0131k\u0131\u015f\u0131kl\u0131k hissedilmesi, kal\u00e7a \u00e7\u0131k\u0131\u011f\u0131n\u0131n erken belirtileri aras\u0131nda yer al\u0131r.<\/p>\n<p><strong>Kal\u00e7a \u00e7\u0131k\u0131\u011f\u0131 olan bebek hareket eder mi?<\/strong><\/p>\n<p>Hafif vakalarda bebek normal \u015fekilde hareket edebilse de, belirgin kal\u00e7a \u00e7\u0131k\u0131\u011f\u0131 olan bebeklerde hareket k\u0131s\u0131tl\u0131l\u0131\u011f\u0131 ve y\u00fcr\u00fcme zorlu\u011fu g\u00f6r\u00fclebilir. Doktor, durumun \u015fiddetine g\u00f6re fizik tedavi ve gerekti\u011finde cerrahi m\u00fcdahaleyi planlar.<\/p>\n<p><strong>Kal\u00e7a \u00e7\u0131k\u0131\u011f\u0131 olan bebek \u00e7ok a\u011flar m\u0131?<\/strong><\/p>\n<p>Kal\u00e7a \u00e7\u0131k\u0131\u011f\u0131, baz\u0131 bebeklerde rahats\u0131zl\u0131k hissi ve hafif a\u011fr\u0131ya neden olabilir; fakat bebekler genellikle bu durumu do\u011frudan a\u011fr\u0131 \u015feklinde ifade etmezler. A\u011fr\u0131, kal\u00e7a eklemindeki hareket k\u0131s\u0131tl\u0131l\u0131\u011f\u0131na ve geli\u015fen iltihaplanmaya ba\u011fl\u0131 olarak de\u011fi\u015fiklik g\u00f6sterebilir.<\/p>\n<p><strong>Bebeklerde kal\u00e7a \u00e7\u0131k\u0131\u011f\u0131 a\u011fr\u0131 yapar m\u0131?<\/strong><\/p>\n<p>Evet, baz\u0131 vakalarda bebeklerde kal\u00e7a \u00e7\u0131k\u0131\u011f\u0131, \u00f6zellikle ilerleyen evrelerde a\u011fr\u0131ya ve rahats\u0131zl\u0131\u011fa yol a\u00e7abilir. Ancak, erken d\u00f6nemde belirtiler genellikle hafif olmakla birlikte, tedavi edilmedi\u011finde ve durum ilerledi\u011finde a\u011fr\u0131 \u015fiddetlenebilir.<\/p>\n","protected":false},"excerpt":{"rendered":"<p>Bebeklerde kal\u00e7a \u00e7\u0131k\u0131\u011f\u0131 bebe\u011fin kal\u00e7a ekleminde yer alan kemiklerin normal pozisyonlar\u0131ndan sapmas\u0131 veya tam oturmamas\u0131 anlam\u0131na gelir. \u00d6zellikle yeni do\u011fan ve bebeklik d\u00f6neminde s\u0131k kar\u015f\u0131la\u015f\u0131lan bir geli\u015fimsel bozukluk olarak de\u011ferlendirilir. Bebeklerde kal\u00e7a \u00e7\u0131k\u0131\u011f\u0131 belirtileri; genellikle bebe\u011fin hareketleri, bacak pozisyonu ve temas etti\u011fi b\u00f6lgelerdeki asimetri \u015feklinde ortaya \u00e7\u0131kar. Erken te\u015fhis edilip uygun tedavi uygulanmad\u0131\u011f\u0131nda kal\u0131c\u0131 sakatl\u0131k riski do\u011furabilir.<\/p>\n","protected":false},"author":28,"featured_media":129609,"comment_status":"closed","ping_status":"closed","sticky":false,"template":"","format":"standard","meta":{"rank_math_lock_modified_date":false,"footnotes":""},"categories":[111],"tags":[141,9960,9959,9961],"class_list":["post-129576","post","type-post","status-publish","format-standard","has-post-thumbnail","hentry","category-anne-cocuk","tag-bebek","tag-bebeklerde-kalca-cikigi","tag-bebeklerde-kalca-cikigi-belirtileri","tag-bebeklerde-kalca-cikigi-nasil-anlasilir"],"_links":{"self":[{"href":"https:\/\/www.tgrthaber.com\/mavikadin\/wp-json\/wp\/v2\/posts\/129576"}],"collection":[{"href":"https:\/\/www.tgrthaber.com\/mavikadin\/wp-json\/wp\/v2\/posts"}],"about":[{"href":"https:\/\/www.tgrthaber.com\/mavikadin\/wp-json\/wp\/v2\/types\/post"}],"author":[{"embeddable":true,"href":"https:\/\/www.tgrthaber.com\/mavikadin\/wp-json\/wp\/v2\/users\/28"}],"replies":[{"embeddable":true,"href":"https:\/\/www.tgrthaber.com\/mavikadin\/wp-json\/wp\/v2\/comments?post=129576"}],"version-history":[{"count":2,"href":"https:\/\/www.tgrthaber.com\/mavikadin\/wp-json\/wp\/v2\/posts\/129576\/revisions"}],"predecessor-version":[{"id":129611,"href":"https:\/\/www.tgrthaber.com\/mavikadin\/wp-json\/wp\/v2\/posts\/129576\/revisions\/129611"}],"wp:featuredmedia":[{"embeddable":true,"href":"https:\/\/www.tgrthaber.com\/mavikadin\/wp-json\/wp\/v2\/media\/129609"}],"wp:attachment":[{"href":"https:\/\/www.tgrthaber.com\/mavikadin\/wp-json\/wp\/v2\/media?parent=129576"}],"wp:term":[{"taxonomy":"category","embeddable":true,"href":"https:\/\/www.tgrthaber.com\/mavikadin\/wp-json\/wp\/v2\/categories?post=129576"},{"taxonomy":"post_tag","embeddable":true,"href":"https:\/\/www.tgrthaber.com\/mavikadin\/wp-json\/wp\/v2\/tags?post=129576"}],"curies":[{"name":"wp","href":"https:\/\/api.w.org\/{rel}","templated":true}]}}