{"id":129577,"date":"2025-02-05T13:48:55","date_gmt":"2025-02-05T10:48:55","guid":{"rendered":"https:\/\/www.tgrthaber.com\/mavikadin\/?p=129577"},"modified":"2025-02-05T15:27:07","modified_gmt":"2025-02-05T12:27:07","slug":"yasemin-sakallioglu-hamile-mi-iste-ilk-aciklama","status":"publish","type":"post","link":"https:\/\/www.tgrthaber.com\/mavikadin\/yasemin-sakallioglu-hamile-mi-iste-ilk-aciklama\/","title":{"rendered":"Yasemin Sakall\u0131o\u011flu hamile mi? \u0130\u015fte ilk a\u00e7\u0131klama"},"content":{"rendered":"<p>Bir\u00e7ok yap\u0131mda yer alan ve en son Bahar dizisinde oynad\u0131\u011f\u0131 Muhtar Hasibe rol\u00fcyle g\u00fcndeme gelen ba\u015far\u0131l\u0131 komedyen Yasemin Sakall\u0131o\u011flu, takip\u00e7ilerinden gelen hamilelik yorumlar\u0131na yan\u0131t verdi. \u00dcnl\u00fc komedyenin bu yoruma verdi\u011fi kar\u015f\u0131l\u0131k sonras\u0131 \u201cYasemin Sakall\u0131o\u011flu hamile mi?\u201d sorusu g\u00fcndeme geldi.<\/p>\n<h3>YASEM\u0130N SAKALLIO\u011eLU&#8217;NDAN HAM\u0130LEL\u0130K A\u00c7IKLAMASI<\/h3>\n<p>Takip\u00e7ileriyle s\u0131k\u0131 bir etkile\u015fimi olan \u00fcnl\u00fc komedyen, Instagram hesab\u0131n\u0131 aktif olarak kullan\u0131yor. Sakall\u0131o\u011flu, takip\u00e7ileriyle s\u0131k s\u0131k soru-cevap yaparken gelen yorumlara da yan\u0131t veriyor.<\/p>\n<p>Bir takip\u00e7isinin \u201cSana bebek g\u00fczelli\u011fi gelmi\u015f\u201d yorumuna yan\u0131t veren Yasemin Sakall\u0131o\u011flu, konuya ili\u015fkin a\u00e7\u0131klama yapt\u0131. \u00dcnl\u00fc komedyen a\u00e7\u0131klamas\u0131nda, \u201cArkada\u015flar bak\u0131n, size s\u00f6z veriyorum, e\u011fer hamile kal\u0131rsam dakikas\u0131nda size s\u00f6yleyece\u011fim.\u201d ifadelerini kulland\u0131.<\/p>\n<p><img loading=\"lazy\" decoding=\"async\" class=\"alignnone wp-image-129578\" src=\"https:\/\/www.tgrthaber.com\/mavikadin\/wp-content\/uploads\/muhtar-hasibe-300x169.jpeg\" alt=\"\" width=\"1280\" height=\"720\" title=\"\" srcset=\"https:\/\/www.tgrthaber.com\/mavikadin\/wp-content\/uploads\/muhtar-hasibe-300x169.jpeg 300w, https:\/\/www.tgrthaber.com\/mavikadin\/wp-content\/uploads\/muhtar-hasibe-1024x576.jpeg 1024w, https:\/\/www.tgrthaber.com\/mavikadin\/wp-content\/uploads\/muhtar-hasibe-768x432.jpeg 768w, https:\/\/www.tgrthaber.com\/mavikadin\/wp-content\/uploads\/muhtar-hasibe-1536x864.jpeg 1536w, https:\/\/www.tgrthaber.com\/mavikadin\/wp-content\/uploads\/muhtar-hasibe.jpeg 1920w\" sizes=\"(max-width: 1280px) 100vw, 1280px\" \/><\/p>\n<hr \/>\n<h3>YASEM\u0130N SAKALLIO\u011eLU K\u0130M\u0130NLE EVL\u0130?<\/h3>\n<p>10 Mart 2021 tarihinde nikah masas\u0131na oturan Yasemin Sakall\u0131o\u011flu, Murat Y\u0131rtar ile evlidir. Burak Y\u0131rtar ve Yasemin Sakall\u0131o\u011flu meslekta\u015ft\u0131r.<\/p>\n<p>\u201cE\u015fkiya D\u00fcnyaya H\u00fck\u00fcmdar Olmaz\u201d dizisinin setinde tan\u0131\u015f\u0131p yak\u0131n arkada\u015f olan \u00e7ift evlilik karar\u0131 alarak 2021 y\u0131l\u0131nda nikah masas\u0131na oturmu\u015ftur.<\/p>\n<p>\u00dcnl\u00fc komedyen Yasemin Sakall\u0131o\u011flu, Harbiye Cemil Topuzlu Sahnesi\u2019nde ger\u00e7ekle\u015ftirdi\u011fi \u201cDo\u011fru Koca Nas\u0131l Se\u00e7ilir?\u201d\u00a0Stand-up g\u00f6sterisiyle bir ilke de imza atm\u0131\u015ft\u0131r.<\/p>\n<p><img loading=\"lazy\" decoding=\"async\" class=\"alignnone wp-image-129579\" src=\"https:\/\/www.tgrthaber.com\/mavikadin\/wp-content\/uploads\/yasemin-sakallioglu-evli-mi-300x169.jpeg\" alt=\"\" width=\"1280\" height=\"720\" title=\"\" srcset=\"https:\/\/www.tgrthaber.com\/mavikadin\/wp-content\/uploads\/yasemin-sakallioglu-evli-mi-300x169.jpeg 300w, https:\/\/www.tgrthaber.com\/mavikadin\/wp-content\/uploads\/yasemin-sakallioglu-evli-mi-1024x576.jpeg 1024w, https:\/\/www.tgrthaber.com\/mavikadin\/wp-content\/uploads\/yasemin-sakallioglu-evli-mi-768x432.jpeg 768w, https:\/\/www.tgrthaber.com\/mavikadin\/wp-content\/uploads\/yasemin-sakallioglu-evli-mi.jpeg 1280w\" sizes=\"(max-width: 1280px) 100vw, 1280px\" \/><\/p>\n<hr \/>\n<h3>YASEM\u0130N SAKALLIO\u011eLU K\u0130MD\u0130R?<\/h3>\n<p>22 Nisan 1988\u2019de \u0130stanbul\u2019da d\u00fcnyaya gelen \u00fcnl\u00fc komedyen Yasemin Sakall\u0131o\u011flu, k\u0131sa bir s\u00fcre Rize\u2019de \u00e7ocuklu\u011funu ge\u00e7irdikten sonra ilkokul ve lise e\u011fitimini \u0130stanbul\u2019da tamamlam\u0131\u015ft\u0131r.<\/p>\n<p>Lise sonras\u0131 \u00e7e\u015fitli i\u015f alanlar\u0131nda \u00e7al\u0131\u015fan Sakall\u0131o\u011flu en son bankac\u0131l\u0131k yapm\u0131\u015f, buradaki arkada\u015flar\u0131yla bir tiyatro ekibi olu\u015fturarak mesleki konularda yazd\u0131\u011f\u0131 senaryolar\u0131 arkada\u015flar\u0131yla birlikte sergilemi\u015ftir.<\/p>\n<p>Bankadaki y\u00f6neticilerinin tiyatro konusuna s\u0131cak bakmamas\u0131 sonras\u0131 i\u015ften ayr\u0131lm\u0131\u015f ve belediye tiyatrolar\u0131 kadrosu i\u00e7in ba\u015fvuru yapm\u0131\u015ft\u0131r. Bu ba\u015fvurusu reddedilen Sakall\u0131o\u011flu, Beykoz\u2019da bir arkada\u015f\u0131n\u0131n \u00e7ekti\u011fi videonun sosyal medyada viral olmas\u0131 sonras\u0131 \u00fcnlenmi\u015ftir.<\/p>\n<p><img loading=\"lazy\" decoding=\"async\" class=\"alignnone wp-image-129581\" src=\"https:\/\/www.tgrthaber.com\/mavikadin\/wp-content\/uploads\/YASEMIN-SAKALLIOGLU-1-300x169.webp\" alt=\"\" width=\"1280\" height=\"719\" title=\"\" srcset=\"https:\/\/www.tgrthaber.com\/mavikadin\/wp-content\/uploads\/YASEMIN-SAKALLIOGLU-1-300x169.webp 300w, https:\/\/www.tgrthaber.com\/mavikadin\/wp-content\/uploads\/YASEMIN-SAKALLIOGLU-1-1024x575.webp 1024w, https:\/\/www.tgrthaber.com\/mavikadin\/wp-content\/uploads\/YASEMIN-SAKALLIOGLU-1-768x431.webp 768w, https:\/\/www.tgrthaber.com\/mavikadin\/wp-content\/uploads\/YASEMIN-SAKALLIOGLU-1.webp 1200w\" sizes=\"(max-width: 1280px) 100vw, 1280px\" \/><\/p>\n<hr \/>\n<p>E\u015fk\u0131ya D\u00fcnyaya H\u00fck\u00fcmdar Olmaz dizisinde oynamaya ba\u015flayan \u00fcnl\u00fc komedyen, \u0130stanbul Ayd\u0131n \u00dcniversitesi G\u00fczel Sanatlar Fak\u00fcltesi Oyunculuk B\u00f6l\u00fcm\u00fcnde okurken i\u015flerinden dolay\u0131 e\u011fitimini yar\u0131da b\u0131rakmak zorunda kalm\u0131\u015ft\u0131r.<\/p>\n<p>Murat Y\u0131rtar ile evli olan Yasemin Sakall\u0131o\u011flu, en son Bahar dizisinde oynad\u0131\u011f\u0131 Muhtar Hasibe rol\u00fcyle g\u00fcndeme gelmi\u015fti.<\/p>\n","protected":false},"excerpt":{"rendered":"<p>Bahar dizisine Muhtar Hasibe rol\u00fcyle dahil olduktan sonra g\u00fcndeme gelen ba\u015far\u0131l\u0131 komedyen Yasemin Sakall\u0131o\u011flu, \u00f6zel hayat\u0131yla da g\u00fcndeme gelmeye devam ediyor. Komedyen Sakall\u0131o\u011flu, bir takip\u00e7isinin kendisine yapt\u0131\u011f\u0131 \u201cSana bebek g\u00fczelli\u011fi gelmi\u015f\u201d yorumuna yan\u0131t verdi. Ba\u015far\u0131l\u0131 komedyen Yasemin Sakall\u0131o\u011flu hamile mi?<\/p>\n","protected":false},"author":33,"featured_media":129580,"comment_status":"closed","ping_status":"closed","sticky":false,"template":"","format":"standard","meta":{"rank_math_lock_modified_date":false,"footnotes":""},"categories":[76],"tags":[9952,9954,9953],"class_list":["post-129577","post","type-post","status-publish","format-standard","has-post-thumbnail","hentry","category-magazin","tag-yasemin-sakallioglu-esi","tag-yasemin-sakallioglu-hamile-nasil-unlu-oldu","tag-yasemin-sakallioglu-kimdir"],"_links":{"self":[{"href":"https:\/\/www.tgrthaber.com\/mavikadin\/wp-json\/wp\/v2\/posts\/129577"}],"collection":[{"href":"https:\/\/www.tgrthaber.com\/mavikadin\/wp-json\/wp\/v2\/posts"}],"about":[{"href":"https:\/\/www.tgrthaber.com\/mavikadin\/wp-json\/wp\/v2\/types\/post"}],"author":[{"embeddable":true,"href":"https:\/\/www.tgrthaber.com\/mavikadin\/wp-json\/wp\/v2\/users\/33"}],"replies":[{"embeddable":true,"href":"https:\/\/www.tgrthaber.com\/mavikadin\/wp-json\/wp\/v2\/comments?post=129577"}],"version-history":[{"count":2,"href":"https:\/\/www.tgrthaber.com\/mavikadin\/wp-json\/wp\/v2\/posts\/129577\/revisions"}],"predecessor-version":[{"id":129583,"href":"https:\/\/www.tgrthaber.com\/mavikadin\/wp-json\/wp\/v2\/posts\/129577\/revisions\/129583"}],"wp:featuredmedia":[{"embeddable":true,"href":"https:\/\/www.tgrthaber.com\/mavikadin\/wp-json\/wp\/v2\/media\/129580"}],"wp:attachment":[{"href":"https:\/\/www.tgrthaber.com\/mavikadin\/wp-json\/wp\/v2\/media?parent=129577"}],"wp:term":[{"taxonomy":"category","embeddable":true,"href":"https:\/\/www.tgrthaber.com\/mavikadin\/wp-json\/wp\/v2\/categories?post=129577"},{"taxonomy":"post_tag","embeddable":true,"href":"https:\/\/www.tgrthaber.com\/mavikadin\/wp-json\/wp\/v2\/tags?post=129577"}],"curies":[{"name":"wp","href":"https:\/\/api.w.org\/{rel}","templated":true}]}}