{"id":129624,"date":"2025-02-05T15:09:32","date_gmt":"2025-02-05T12:09:32","guid":{"rendered":"https:\/\/www.tgrthaber.com\/mavikadin\/?p=129624"},"modified":"2025-02-05T15:25:05","modified_gmt":"2025-02-05T12:25:05","slug":"beyin-kanamasi-nedir-neden-olur-beyin-kanamasinin-ilk-belirtileri-ne-zaman-ortaya-cikar","status":"publish","type":"post","link":"https:\/\/www.tgrthaber.com\/mavikadin\/beyin-kanamasi-nedir-neden-olur-beyin-kanamasinin-ilk-belirtileri-ne-zaman-ortaya-cikar\/","title":{"rendered":"Beyin kanamas\u0131 nedir, neden olur? Beyin kanamas\u0131n\u0131n ilk belirtileri ne zaman ortaya \u00e7\u0131kar?"},"content":{"rendered":"<p>Beyin kanamas\u0131 \u201cbeyin kanamas\u0131 belirtileri ne zaman ortaya \u00e7\u0131kar?\u201d sorusunu akla getirir. Belirtiler, bir anda \u015fiddetli ba\u015f a\u011fr\u0131s\u0131 gibi ani semptomlarla ba\u015flayabilece\u011fi gibi, hafif bulant\u0131 veya bilin\u00e7 bulan\u0131kl\u0131\u011f\u0131 \u015feklinde de yava\u015f yava\u015f g\u00f6r\u00fclebilir. Erken te\u015fhis ve acil m\u00fcdahale, hem beyin dokusunu hem de genel ya\u015famsal fonksiyonlar\u0131 korumak a\u00e7\u0131s\u0131ndan b\u00fcy\u00fck \u00f6nem ta\u015f\u0131r. \u0130\u015fte beyin kanamas\u0131n\u0131n ne oldu\u011fu, neden geli\u015fti\u011fi ve belirtilerinin nas\u0131l anla\u015f\u0131laca\u011f\u0131na dair temel bilgiler:<\/p>\n<h3>BEY\u0130N KANAMASI NED\u0130R?<\/h3>\n<p>Beyin dokusu i\u00e7inde veya beyni \u00e7evreleyen zarlar alt\u0131nda geli\u015fen kanamalar, \u201cbeyin kanamas\u0131\u201d (intrakraniyal hemoraji) olarak adland\u0131r\u0131l\u0131r. Kan\u0131n, normalde korunakl\u0131 olan beyin dokusuna s\u0131zmas\u0131yla burada iltihaplanma ve bas\u0131n\u00e7 art\u0131\u015f\u0131 ya\u015fan\u0131r. B\u00f6ylece beyin h\u00fccreleri zarar g\u00f6rmeye ba\u015flar. Beyin kanamas\u0131 t\u00fcrleri aras\u0131nda intraserebral kanama (beyin dokusu i\u00e7inde) ve subaraknoid kanama (beyin-omurilik s\u0131v\u0131s\u0131n\u0131n dola\u015ft\u0131\u011f\u0131 aral\u0131kta) yer al\u0131r. Ayr\u0131ca, kafaya al\u0131nan darbeler sonucu geli\u015fen \u201ctravmatik beyin kanamas\u0131\u201d da bu s\u0131n\u0131fa girer. Hangi tipte olursa olsun, kanaman\u0131n bulundu\u011fu b\u00f6lge ve b\u00fcy\u00fckl\u00fc\u011f\u00fc, hastan\u0131n ya\u015fayabilece\u011fi semptomlar\u0131n \u015fiddetini ve tedavi y\u00f6ntemlerini belirler.<\/p>\n<p>&nbsp;<\/p>\n<p><img loading=\"lazy\" decoding=\"async\" class=\"alignnone wp-image-129631\" src=\"https:\/\/www.tgrthaber.com\/mavikadin\/wp-content\/uploads\/5-25.png\" alt=\"\" width=\"1208\" height=\"680\" title=\"\" srcset=\"https:\/\/www.tgrthaber.com\/mavikadin\/wp-content\/uploads\/5-25.png 1280w, https:\/\/www.tgrthaber.com\/mavikadin\/wp-content\/uploads\/5-25-300x169.png 300w, https:\/\/www.tgrthaber.com\/mavikadin\/wp-content\/uploads\/5-25-1024x576.png 1024w, https:\/\/www.tgrthaber.com\/mavikadin\/wp-content\/uploads\/5-25-768x432.png 768w\" sizes=\"(max-width: 1208px) 100vw, 1208px\" \/><\/p>\n<hr \/>\n<h3>BEY\u0130N KANAMASI NEDEN OLUR?<\/h3>\n<p>Beyin kanamas\u0131n\u0131n ard\u0131nda yatan en yayg\u0131n sebepler aras\u0131nda y\u00fcksek tansiyon (hipertansiyon) ve \u201canevrizma\u201d diye bilinen damar baloncuklar\u0131 yer al\u0131r. Bunun d\u0131\u015f\u0131nda:<\/p>\n<p>\u2022 <strong>Damar Yap\u0131s\u0131ndaki Bozukluklar:<\/strong> Arterioven\u00f6z malformasyonlar veya di\u011fer do\u011fu\u015ftan gelen damar anomalileri kanamaya zemin haz\u0131rlayabilir.<\/p>\n<p>\u2022 <strong>Kafa Travmalar\u0131:<\/strong> D\u00fc\u015fme, \u00e7arpma, trafik kazas\u0131 gibi sert darbeler, beyin dokusunu besleyen damarlarda y\u0131rt\u0131lmalara neden olabilir.<\/p>\n<p>\u2022 <strong>T\u00fcm\u00f6rler:<\/strong> Beyin t\u00fcm\u00f6rleri, b\u00fcy\u00fcd\u00fck\u00e7e damar b\u00fct\u00fcnl\u00fc\u011f\u00fcn\u00fc bozarak kanamaya yol a\u00e7abilir.<\/p>\n<p>\u2022 <strong>Kanama Bozukluklar\u0131 ve \u0130la\u00e7 Kullan\u0131m\u0131:<\/strong> P\u0131ht\u0131la\u015fma sistemi sorunlar\u0131, kan suland\u0131r\u0131c\u0131 ila\u00e7lar\u0131n a\u015f\u0131r\u0131 veya yanl\u0131\u015f kullan\u0131m\u0131 risk fakt\u00f6rlerindendir.<\/p>\n<p>Ayr\u0131ca yo\u011fun stres, sa\u011fl\u0131ks\u0131z beslenme, a\u015f\u0131r\u0131 alkol ve sigara kullan\u0131m\u0131 gibi ya\u015fam tarz\u0131 fakt\u00f6rleri de dolayl\u0131 yoldan beyin kanamas\u0131 olu\u015fumunu kolayla\u015ft\u0131r\u0131c\u0131 etki g\u00f6sterebilir.<\/p>\n<p><img loading=\"lazy\" decoding=\"async\" class=\"alignnone wp-image-129632\" src=\"https:\/\/www.tgrthaber.com\/mavikadin\/wp-content\/uploads\/6-28.png\" alt=\"\" width=\"1208\" height=\"680\" title=\"\" srcset=\"https:\/\/www.tgrthaber.com\/mavikadin\/wp-content\/uploads\/6-28.png 1280w, https:\/\/www.tgrthaber.com\/mavikadin\/wp-content\/uploads\/6-28-300x169.png 300w, https:\/\/www.tgrthaber.com\/mavikadin\/wp-content\/uploads\/6-28-1024x576.png 1024w, https:\/\/www.tgrthaber.com\/mavikadin\/wp-content\/uploads\/6-28-768x432.png 768w\" sizes=\"(max-width: 1208px) 100vw, 1208px\" \/><\/p>\n<hr \/>\n<h3>BEY\u0130N KANAMASI BEL\u0130RT\u0130LER\u0130 VE ORTAYA \u00c7IKI\u015eI<\/h3>\n<p>Belirtiler, kanaman\u0131n yeri ve b\u00fcy\u00fckl\u00fc\u011f\u00fcne g\u00f6re farkl\u0131l\u0131k g\u00f6sterebilir. \u00c7o\u011funlukla ani ve \u015fiddetli ba\u015f a\u011fr\u0131s\u0131, hastal\u0131\u011f\u0131n en belirgin ilk i\u015faretidir. Ba\u015f d\u00f6nmesi, bulant\u0131, kusma, denge bozuklu\u011fu, uyku h\u00e2li veya bilin\u00e7 seviyesinde azalma da eklenebilir. Konu\u015fma g\u00fc\u00e7l\u00fc\u011f\u00fc, kol veya bacakta uyu\u015fma, y\u00fcz felci gibi bulgular da beynin hangi b\u00f6lgesinin etkilendi\u011fine ba\u011fl\u0131 olarak ortaya \u00e7\u0131kabilir.<\/p>\n<p>\u2022 <strong>Hafif ve Yava\u015f Geli\u015fen Vakalar:<\/strong> Baz\u0131 hastalarda, ba\u015f a\u011fr\u0131s\u0131 veya hafif bilin\u00e7 bulan\u0131kl\u0131\u011f\u0131 gibi belirtiler zaman i\u00e7inde artar ve birka\u00e7 saat i\u00e7inde fark edilir.<\/p>\n<p>\u2022 <strong>Ani ve \u015eiddetli Vakalar:<\/strong> \u201cHayat\u0131m\u0131n en \u015fiddetli ba\u015f a\u011fr\u0131s\u0131\u201d \u015feklinde tan\u0131mlanan a\u011fr\u0131, genellikle subaraknoid kanamaya i\u015faret edebilir ve acil m\u00fcdahale gerektirir.<br \/>\nBelirtilerin ne zaman ortaya \u00e7\u0131kaca\u011f\u0131 tahmin edilemez; fakat genellikle kanama ba\u015flad\u0131\u011f\u0131 anda veya k\u0131sa s\u00fcre sonras\u0131nda semptomlar g\u00f6r\u00fclmeye ba\u015flar.<\/p>\n<p><img loading=\"lazy\" decoding=\"async\" class=\"alignnone wp-image-129626\" src=\"https:\/\/www.tgrthaber.com\/mavikadin\/wp-content\/uploads\/1-49.png\" alt=\"\" width=\"1208\" height=\"680\" title=\"\" srcset=\"https:\/\/www.tgrthaber.com\/mavikadin\/wp-content\/uploads\/1-49.png 1280w, https:\/\/www.tgrthaber.com\/mavikadin\/wp-content\/uploads\/1-49-300x169.png 300w, https:\/\/www.tgrthaber.com\/mavikadin\/wp-content\/uploads\/1-49-1024x576.png 1024w, https:\/\/www.tgrthaber.com\/mavikadin\/wp-content\/uploads\/1-49-768x432.png 768w\" sizes=\"(max-width: 1208px) 100vw, 1208px\" \/><\/p>\n<hr \/>\n<h3>BEBEKLERDE BEY\u0130N KANAMASI<\/h3>\n<p>Bebeklerde beyin kanamas\u0131, \u00f6zellikle premat\u00fcre do\u011fanlar veya zorlu do\u011fum ge\u00e7irenlerde risk fakt\u00f6r\u00fc olabilir. Yenido\u011fanlarda genelde halsizlik, emme g\u00fc\u00e7l\u00fc\u011f\u00fc, a\u015f\u0131r\u0131 huzursuzluk veya uzun uyku h\u00e2li gibi belirtiler g\u00f6r\u00fclebilir. Ba\u015f\u0131n \u00f6n k\u0131sm\u0131nda bulunan fontanel (b\u0131ng\u0131ldak) b\u00f6lgesinde \u015fi\u015flik, anormal g\u00f6z hareketleri veya n\u00f6betler de dikkat edilmesi gereken i\u015faretler aras\u0131ndad\u0131r. E\u011fer ebeveynler b\u00f6yle ola\u011fan d\u0131\u015f\u0131 belirtiler fark ediyorsa, mutlaka bir \u00e7ocuk doktoruna ya da n\u00f6roloji uzman\u0131na ba\u015fvurmal\u0131d\u0131r.<\/p>\n<p><img loading=\"lazy\" decoding=\"async\" class=\"alignnone wp-image-129630\" src=\"https:\/\/www.tgrthaber.com\/mavikadin\/wp-content\/uploads\/4-39.png\" alt=\"\" width=\"1208\" height=\"680\" title=\"\" srcset=\"https:\/\/www.tgrthaber.com\/mavikadin\/wp-content\/uploads\/4-39.png 1280w, https:\/\/www.tgrthaber.com\/mavikadin\/wp-content\/uploads\/4-39-300x169.png 300w, https:\/\/www.tgrthaber.com\/mavikadin\/wp-content\/uploads\/4-39-1024x576.png 1024w, https:\/\/www.tgrthaber.com\/mavikadin\/wp-content\/uploads\/4-39-768x432.png 768w\" sizes=\"(max-width: 1208px) 100vw, 1208px\" \/><\/p>\n<hr \/>\n<h3>BEY\u0130N KANAMASI TE\u015eH\u0130S VE TEDAV\u0130S\u0130<\/h3>\n<p>Beyin kanamas\u0131 \u015f\u00fcphesinde, hastan\u0131n fizik muayenesi sonras\u0131 bilgisayarl\u0131 tomografi (BT) veya manyetik rezonans (MR) gibi g\u00f6r\u00fcnt\u00fcleme y\u00f6ntemleriyle h\u0131zl\u0131 tan\u0131 konulur. Tedavide ama\u00e7, kanaman\u0131n yay\u0131lmas\u0131n\u0131 \u00f6nlemek ve beyin i\u00e7i bas\u0131nc\u0131 kontrol alt\u0131na almakt\u0131r. Baz\u0131 durumlarda cerrahi m\u00fcdahale (kan p\u0131ht\u0131s\u0131n\u0131n temizlenmesi, anevrizma klipsleme gibi) gerekirken, di\u011fer vakalarda yo\u011fun bak\u0131m deste\u011fi, tansiyon d\u00fczenleyici ila\u00e7lar ve n\u00f6bet \u00f6nleyici tedaviler uygulanabilir. Erken te\u015fhis ve tedavi, kal\u0131c\u0131 hasar riskini b\u00fcy\u00fck \u00f6l\u00e7\u00fcde azalt\u0131r. Ayr\u0131ca hastan\u0131n bilin\u00e7 seviyesi, kanaman\u0131n yeri ve boyutu da iyile\u015fme \u015fans\u0131n\u0131 etkileyen fakt\u00f6rler aras\u0131ndad\u0131r.<\/p>\n<p><img loading=\"lazy\" decoding=\"async\" class=\"alignnone wp-image-129633\" src=\"https:\/\/www.tgrthaber.com\/mavikadin\/wp-content\/uploads\/7-20.png\" alt=\"\" width=\"1208\" height=\"680\" title=\"\" srcset=\"https:\/\/www.tgrthaber.com\/mavikadin\/wp-content\/uploads\/7-20.png 1280w, https:\/\/www.tgrthaber.com\/mavikadin\/wp-content\/uploads\/7-20-300x169.png 300w, https:\/\/www.tgrthaber.com\/mavikadin\/wp-content\/uploads\/7-20-1024x576.png 1024w, https:\/\/www.tgrthaber.com\/mavikadin\/wp-content\/uploads\/7-20-768x432.png 768w\" sizes=\"(max-width: 1208px) 100vw, 1208px\" \/><\/p>\n<hr \/>\n<h3>SIK\u00c7A SORULAN SORULAR<\/h3>\n<p><strong>Beyin kanamas\u0131 olup olmad\u0131\u011f\u0131 nas\u0131l anla\u015f\u0131l\u0131r?<\/strong><\/p>\n<p>Ani ve \u015fiddetli ba\u015f a\u011fr\u0131s\u0131, kusma, bilin\u00e7 bulan\u0131kl\u0131\u011f\u0131 gibi belirtiler \u015f\u00fcphe uyand\u0131rabilir. Tan\u0131 i\u00e7in en etkili y\u00f6ntem beyin tomografisi veya MR \u00e7ekimidir.<\/p>\n<p><strong>Beyin kanamas\u0131 \u00f6l\u00fcm belirtileri nelerdir?<\/strong><\/p>\n<p>Bilin\u00e7 kayb\u0131, solunum durmas\u0131, \u015fiddetli koma h\u00e2li ve beyin sap\u0131 reflekslerinin kayb\u0131 gibi durumlar, hayati riskin \u00e7ok y\u00fcksek oldu\u011fu a\u015famalar\u0131 g\u00f6sterir. Acil t\u0131bbi m\u00fcdahale elzem g\u00f6r\u00fcl\u00fcr.<\/p>\n<p><strong>Stresten beyin kanamas\u0131 ge\u00e7irilir mi?<\/strong><\/p>\n<p>Stres do\u011frudan beyin kanamas\u0131na sebep olmasa da tansiyonu y\u00fckselterek veya dolayl\u0131 yoldan damar sa\u011fl\u0131\u011f\u0131n\u0131 olumsuz etkileyerek riski art\u0131rabilir. Kontrols\u00fcz stres, \u00f6nemli bir risk fakt\u00f6r\u00fc kabul edilir.<\/p>\n<p><strong>Beyin kanamas\u0131n\u0131 ne \u00f6nler?<\/strong><\/p>\n<p>D\u00fczenli tansiyon kontrol\u00fc, sigara ve alkol\u00fc b\u0131rakma, sa\u011fl\u0131kl\u0131 beslenme, egzersiz, anevrizma riskine kar\u015f\u0131 tarama gibi \u00f6nlemler beyin kanamas\u0131 riskini azaltmada etkili olur. Ayr\u0131ca stres y\u00f6netimi ve d\u00fczenli sa\u011fl\u0131k kontrolleri de \u00f6nemli.<\/p>\n","protected":false},"excerpt":{"rendered":"<p>Beyin kanamas\u0131, beynin i\u00e7inde veya \u00e7evresindeki damarlardan birinin y\u0131rt\u0131lmas\u0131yla kan\u0131n beyin dokusuna s\u0131zmas\u0131 sonucu olu\u015fan ciddi ve hayati risk ta\u015f\u0131yan bir durum. Bu kanama, beyin h\u00fccrelerinin beslenmesini ve oksijen al\u0131m\u0131n\u0131 engelleyerek kal\u0131c\u0131 hasarlara yol a\u00e7abilir. Halk aras\u0131nda \u201canevrizma\u201d gibi damar duvar\u0131 zay\u0131fl\u0131klar\u0131ndan veya y\u00fcksek tansiyonun neden oldu\u011fu damar tahribatlar\u0131ndan kaynaklanabilece\u011fi gibi, travma ve t\u00fcm\u00f6r gibi farkl\u0131 fakt\u00f6rler de kanamaya sebebiyet verebilir.<\/p>\n","protected":false},"author":28,"featured_media":129629,"comment_status":"closed","ping_status":"closed","sticky":false,"template":"","format":"standard","meta":{"rank_math_lock_modified_date":false,"footnotes":""},"categories":[1991],"tags":[9968,9971,9970,9969],"class_list":["post-129624","post","type-post","status-publish","format-standard","has-post-thumbnail","hentry","category-saglik","tag-beyin-kanamasi","tag-beyin-kanamasi-belirtileri","tag-beyin-kanamasi-neden-olur","tag-beyin-kanamasi-nedir"],"_links":{"self":[{"href":"https:\/\/www.tgrthaber.com\/mavikadin\/wp-json\/wp\/v2\/posts\/129624"}],"collection":[{"href":"https:\/\/www.tgrthaber.com\/mavikadin\/wp-json\/wp\/v2\/posts"}],"about":[{"href":"https:\/\/www.tgrthaber.com\/mavikadin\/wp-json\/wp\/v2\/types\/post"}],"author":[{"embeddable":true,"href":"https:\/\/www.tgrthaber.com\/mavikadin\/wp-json\/wp\/v2\/users\/28"}],"replies":[{"embeddable":true,"href":"https:\/\/www.tgrthaber.com\/mavikadin\/wp-json\/wp\/v2\/comments?post=129624"}],"version-history":[{"count":3,"href":"https:\/\/www.tgrthaber.com\/mavikadin\/wp-json\/wp\/v2\/posts\/129624\/revisions"}],"predecessor-version":[{"id":129653,"href":"https:\/\/www.tgrthaber.com\/mavikadin\/wp-json\/wp\/v2\/posts\/129624\/revisions\/129653"}],"wp:featuredmedia":[{"embeddable":true,"href":"https:\/\/www.tgrthaber.com\/mavikadin\/wp-json\/wp\/v2\/media\/129629"}],"wp:attachment":[{"href":"https:\/\/www.tgrthaber.com\/mavikadin\/wp-json\/wp\/v2\/media?parent=129624"}],"wp:term":[{"taxonomy":"category","embeddable":true,"href":"https:\/\/www.tgrthaber.com\/mavikadin\/wp-json\/wp\/v2\/categories?post=129624"},{"taxonomy":"post_tag","embeddable":true,"href":"https:\/\/www.tgrthaber.com\/mavikadin\/wp-json\/wp\/v2\/tags?post=129624"}],"curies":[{"name":"wp","href":"https:\/\/api.w.org\/{rel}","templated":true}]}}