{"id":129785,"date":"2025-02-05T19:29:37","date_gmt":"2025-02-05T16:29:37","guid":{"rendered":"https:\/\/www.tgrthaber.com\/mavikadin\/?p=129785"},"modified":"2025-02-05T19:29:37","modified_gmt":"2025-02-05T16:29:37","slug":"binbir-gece-masallarina-yeni-isim-ruzgar-aksoy-yunus-olarak-geliyor","status":"publish","type":"post","link":"https:\/\/www.tgrthaber.com\/mavikadin\/binbir-gece-masallarina-yeni-isim-ruzgar-aksoy-yunus-olarak-geliyor\/","title":{"rendered":"Binbir Gece Masallar\u0131\u2019na yeni isim: R\u00fczgar Aksoy \u201cYunus\u201d olarak geliyor"},"content":{"rendered":"<p>Ba\u015frollerini Cansu Dere ve \u0130brahim \u00c7elikkol\u2019un payla\u015ft\u0131\u011f\u0131 Binbir Gece Masallar\u0131 dizisi, TRT\u2019nin dijital platformu tabii\u2019de yay\u0131n hayat\u0131na girecek. Dizinin yay\u0131nlanaca\u011f\u0131 mecra, oyuncular ve ana konu belli olduktan sonra, dizi b\u00fcy\u00fck ilgi uyand\u0131rd\u0131.<\/p>\n<h3>B\u0130NB\u0130R GECE MASALLARI\u2019NA YEN\u0130 \u0130S\u0130M<\/h3>\n<p>Bozda\u011f Yap\u0131m imzal\u0131 dizinin haz\u0131rl\u0131klar\u0131 s\u00fcrerken, diziye dahil olacak yeni isimler de ortaya \u00e7\u0131kmaya ba\u015flad\u0131. Metin G\u00fcnay\u2019\u0131n y\u00f6netmen koltu\u011funda oturdu\u011fu Atilla Engin\u2019in senaryosunu yazd\u0131\u011f\u0131 dizide Cansu Dere \u015eehrazat, \u0130brahim \u00c7elikkol ise \u015eehriyar karakterini oynayacak.<\/p>\n<p>Hayatta kalmak ve Sultan \u015eehriyar\u2019a ger\u00e7ekleri g\u00f6stermek i\u00e7in Binbir gece masallar\u0131n\u0131 anlatan \u015eehrazat\u2019\u0131n destans\u0131 hikayesi i\u00e7in haz\u0131rl\u0131klara ba\u015fland\u0131.<\/p>\n<p><img loading=\"lazy\" decoding=\"async\" class=\"alignnone wp-image-129791\" src=\"https:\/\/www.tgrthaber.com\/mavikadin\/wp-content\/uploads\/WhatsApp-Image-2025-02-05-at-17.29.50-300x169.jpeg\" alt=\"\" width=\"1280\" height=\"720\" title=\"\" srcset=\"https:\/\/www.tgrthaber.com\/mavikadin\/wp-content\/uploads\/WhatsApp-Image-2025-02-05-at-17.29.50-300x169.jpeg 300w, https:\/\/www.tgrthaber.com\/mavikadin\/wp-content\/uploads\/WhatsApp-Image-2025-02-05-at-17.29.50-1024x576.jpeg 1024w, https:\/\/www.tgrthaber.com\/mavikadin\/wp-content\/uploads\/WhatsApp-Image-2025-02-05-at-17.29.50-768x432.jpeg 768w, https:\/\/www.tgrthaber.com\/mavikadin\/wp-content\/uploads\/WhatsApp-Image-2025-02-05-at-17.29.50.jpeg 1280w\" sizes=\"(max-width: 1280px) 100vw, 1280px\" \/><\/p>\n<hr \/>\n<p>\u0130lk evlili\u011finden ya\u015fad\u0131\u011f\u0131 ihanet ile sars\u0131lan ve t\u00fcm g\u00fcven ba\u011flar\u0131n\u0131 yitiren \u015eehriyar\u2019\u0131n t\u00fcm ya\u015fam\u0131 \u015eehrazat\u2019la evlendi\u011fi gece de\u011fi\u015fecektir. \u015eehrazat karakterini canland\u0131ran Cansu Dere, anlatt\u0131\u011f\u0131 masallarla \u015eehriyar karakterini oynayan \u0130brahim \u00c7elikkol\u2019u iyile\u015ftirecektir.<\/p>\n<p>Gazeteci Birsen Altunta\u015f\u2019\u0131n haberine g\u00f6re; merakla beklenen dizinin kadrosuna, Yunus karakteriyle R\u00fczgar Aksoy\u2019un da kat\u0131laca\u011f\u0131 a\u00e7\u0131kland\u0131. \u015eehrazat\u2019a b\u00fcy\u00fck bir tutkuyla a\u015f\u0131k olan Yunus\u2019un \u015eehriyar\u2019a d\u00fc\u015fman olarak diziye dahil olaca\u011f\u0131 ve dizinin atmosferini de\u011fi\u015ftirece\u011fi \u00f6n g\u00f6r\u00fcl\u00fcyor.<\/p>\n<p><img loading=\"lazy\" decoding=\"async\" class=\"alignnone wp-image-129798\" src=\"https:\/\/www.tgrthaber.com\/mavikadin\/wp-content\/uploads\/ruzgar-aksoy-1-300x169.jpg\" alt=\"\" width=\"1280\" height=\"720\" title=\"\" srcset=\"https:\/\/www.tgrthaber.com\/mavikadin\/wp-content\/uploads\/ruzgar-aksoy-1-300x169.jpg 300w, https:\/\/www.tgrthaber.com\/mavikadin\/wp-content\/uploads\/ruzgar-aksoy-1-1024x576.jpg 1024w, https:\/\/www.tgrthaber.com\/mavikadin\/wp-content\/uploads\/ruzgar-aksoy-1-768x432.jpg 768w, https:\/\/www.tgrthaber.com\/mavikadin\/wp-content\/uploads\/ruzgar-aksoy-1.jpg 1280w\" sizes=\"(max-width: 1280px) 100vw, 1280px\" \/><\/p>\n<hr \/>\n<p>Hen\u00fcz yay\u0131n tarihi netle\u015fmeyen Binbir Gece Masallar\u0131 i\u00e7in haz\u0131rl\u0131klar devam ediyor.<\/p>\n<h3><strong>CANSU DERE UZUN S\u00dcREDEN SONRA YEN\u0130DEN EKRANLARDA OLACAK<\/strong><\/h3>\n<p>14 Ekim 1980 y\u0131l\u0131nda Ankara\u2019da d\u00fcnyaya gelen \u00fcnl\u00fc oyuncu Cansu Dere, \u201cS\u0131la, Ezel, Muhte\u015fem Y\u00fczy\u0131l\u201d gibi T\u00fcrkiye\u2019de ve d\u00fcnyada ses getiren yap\u0131mlarda oyunculuk yapt\u0131. \u00d6zellikle, Kenan \u0130mirzal\u0131o\u011flu ile ba\u015frollerini payla\u015ft\u0131\u011f\u0131 Ezel dizisindeki Ey\u015fan rol\u00fcyle b\u00fcy\u00fck yank\u0131 uyand\u0131ran ba\u015far\u0131l\u0131 oyuncu, daha sonras\u0131nda bir\u00e7ok imza projede de yer ald\u0131.<\/p>\n<p><img loading=\"lazy\" decoding=\"async\" class=\"alignnone wp-image-129794\" src=\"https:\/\/www.tgrthaber.com\/mavikadin\/wp-content\/uploads\/cansu-dere-300x152.jpg\" alt=\"\" width=\"1280\" height=\"650\" title=\"\" srcset=\"https:\/\/www.tgrthaber.com\/mavikadin\/wp-content\/uploads\/cansu-dere-300x152.jpg 300w, https:\/\/www.tgrthaber.com\/mavikadin\/wp-content\/uploads\/cansu-dere-768x390.jpg 768w, https:\/\/www.tgrthaber.com\/mavikadin\/wp-content\/uploads\/cansu-dere.jpg 793w\" sizes=\"(max-width: 1280px) 100vw, 1280px\" \/><\/p>\n<hr \/>\n<p>En son 2020-2022 y\u0131llar\u0131 aras\u0131nda yay\u0131nda olan Sadakatsiz dizisinde Asya karakterini oynayan Cansu Dere, bir s\u00fcredir ekranlarda yoktu. Yapt\u0131\u011f\u0131 G\u00fcney Amerika ziyaretleriyle de g\u00fcndeme gelen ba\u015far\u0131l\u0131 oyuncu, bu sefer Binbir Gece Masallar\u0131 dizisiyle ekranlarda olacak.<\/p>\n","protected":false},"excerpt":{"rendered":"<p>TRT\u2019nin dijital platformu tabii\u2019de izleyiciyle bulu\u015facak Bozda\u011f Film imzal\u0131 Binbir Gece Masallar\u0131 dizisinin ba\u015frollerini Cansu Dere ve \u0130brahim \u00c7elikkol oynayacak. Toplam 30 b\u00f6l\u00fcmden olu\u015facak diziye kat\u0131lacak yeni isimler belli olmaya ba\u015flad\u0131. Binbir Gece Masallar\u0131 dizisine Yunus karakteriyle kat\u0131lacak ismin R\u00fczgar Aksoy olaca\u011f\u0131 ortaya \u00e7\u0131kt\u0131. <\/p>\n","protected":false},"author":33,"featured_media":129792,"comment_status":"closed","ping_status":"closed","sticky":false,"template":"","format":"standard","meta":{"rank_math_lock_modified_date":false,"footnotes":""},"categories":[602],"tags":[10016,9610,10017],"class_list":["post-129785","post","type-post","status-publish","format-standard","has-post-thumbnail","hentry","category-diziler","tag-binbir-gece-masallari-yunus-kimdir","tag-cansu-dere","tag-ruzgar-aksoy-kimdir"],"_links":{"self":[{"href":"https:\/\/www.tgrthaber.com\/mavikadin\/wp-json\/wp\/v2\/posts\/129785"}],"collection":[{"href":"https:\/\/www.tgrthaber.com\/mavikadin\/wp-json\/wp\/v2\/posts"}],"about":[{"href":"https:\/\/www.tgrthaber.com\/mavikadin\/wp-json\/wp\/v2\/types\/post"}],"author":[{"embeddable":true,"href":"https:\/\/www.tgrthaber.com\/mavikadin\/wp-json\/wp\/v2\/users\/33"}],"replies":[{"embeddable":true,"href":"https:\/\/www.tgrthaber.com\/mavikadin\/wp-json\/wp\/v2\/comments?post=129785"}],"version-history":[{"count":1,"href":"https:\/\/www.tgrthaber.com\/mavikadin\/wp-json\/wp\/v2\/posts\/129785\/revisions"}],"predecessor-version":[{"id":129803,"href":"https:\/\/www.tgrthaber.com\/mavikadin\/wp-json\/wp\/v2\/posts\/129785\/revisions\/129803"}],"wp:featuredmedia":[{"embeddable":true,"href":"https:\/\/www.tgrthaber.com\/mavikadin\/wp-json\/wp\/v2\/media\/129792"}],"wp:attachment":[{"href":"https:\/\/www.tgrthaber.com\/mavikadin\/wp-json\/wp\/v2\/media?parent=129785"}],"wp:term":[{"taxonomy":"category","embeddable":true,"href":"https:\/\/www.tgrthaber.com\/mavikadin\/wp-json\/wp\/v2\/categories?post=129785"},{"taxonomy":"post_tag","embeddable":true,"href":"https:\/\/www.tgrthaber.com\/mavikadin\/wp-json\/wp\/v2\/tags?post=129785"}],"curies":[{"name":"wp","href":"https:\/\/api.w.org\/{rel}","templated":true}]}}