{"id":129804,"date":"2025-02-05T20:04:23","date_gmt":"2025-02-05T17:04:23","guid":{"rendered":"https:\/\/www.tgrthaber.com\/mavikadin\/?p=129804"},"modified":"2025-02-05T21:30:34","modified_gmt":"2025-02-05T18:30:34","slug":"kizil-goncalarda-seyirci-tepki-verdi-cuneyd-ve-zeynep-aski-geri-gelsin","status":"publish","type":"post","link":"https:\/\/www.tgrthaber.com\/mavikadin\/kizil-goncalarda-seyirci-tepki-verdi-cuneyd-ve-zeynep-aski-geri-gelsin\/","title":{"rendered":"K\u0131z\u0131l Goncalar\u2019da seyirci tepki verdi! C\u00fcneyd ve Zeynep a\u015fk\u0131 geri gelsin"},"content":{"rendered":"<p>\u00d6zcan Deniz, \u00d6zg\u00fc Namal, Mert Yaz\u0131c\u0131o\u011flu ve Mina Demirta\u015f\u2019\u0131n ba\u015frollerinde yer ald\u0131\u011f\u0131 dizi pazartesi ak\u015famlar\u0131n\u0131n g\u00f6zde yap\u0131mlar\u0131 aras\u0131nda yer al\u0131yor. Yay\u0131nlanmaya ba\u015flad\u0131\u011f\u0131 g\u00fcnden bu yana b\u00fcy\u00fck ses getiren dizi, oyuncu kadrosu ile dikkat \u00e7ekiyor.\u00a0 K\u0131z\u0131l Goncalar dizinin sevilen ve yak\u0131\u015ft\u0131r\u0131lan karakterlerinden ola C\u00fcneyd ve Zeynep \u00e7ok sahipleniliyor. \u00d6te yandan hayranlar konu hakk\u0131nda X\u2019de etiket bile a\u00e7t\u0131.<\/p>\n<h3><strong>HAYRANLARDAN C\u00dcNEYD VE ZEYNEP A\u015eKINA DESTEK<\/strong><\/h3>\n<p>NOW TV\u2019nin pop\u00fcler dizisinin yeni b\u00f6l\u00fcm tan\u0131t\u0131m\u0131 d\u00fcn yay\u0131nland\u0131. \u0130zleyiciler C\u00fcneyd\u2019n ba\u015fka bir k\u0131z ile evlendirilmesine b\u00fcy\u00fck tepki g\u00f6sterdi. Yeni b\u00f6l\u00fcm fragman\u0131nda Aziz, \u015eirin&#8217;e, seni C\u00fcneyd ile evlendirece\u011fim s\u00f6zleri \u015fok etkisi olu\u015fturdu.<\/p>\n<p>Aziz devam\u0131nda, &#8220;C\u00fcneyd efendi bakal\u0131m hi\u00e7 beklemedi\u011fi bir imtihana haz\u0131r m\u0131. G\u00f6rece\u011fiz.\u201d \u015feklinde konu\u015fuyor.\u00a0 C\u00fcneyd ve Zeynep a\u015fk\u0131na en ba\u015f\u0131ndan beri destek veren hayranlar, tan\u0131t\u0131m hakk\u0131ndan yorumlarda bulundu. \u00a0Baz\u0131 hayranlar, &#8220;C\u00fcneyd \u015eirin&#8217;le evlenirse benim i\u00e7in biter. Zeyneple C\u00fcneyd olsun diye 2 sezondur dizi izliyorum.&#8221;, &#8220;Tam bir hayal k\u0131r\u0131kl\u0131\u011f\u0131yd\u0131. Reytingler d\u00fc\u015fmeye devam ederse \u015fa\u015f\u0131rmayal\u0131m.&#8221; \u015feklinde konu\u015ftu.<\/p>\n<p><img loading=\"lazy\" decoding=\"async\" class=\"alignnone wp-image-129811\" src=\"https:\/\/www.tgrthaber.com\/mavikadin\/wp-content\/uploads\/kizil-goncalar-2-300x156.png\" alt=\"\" width=\"1280\" height=\"664\" title=\"\" srcset=\"https:\/\/www.tgrthaber.com\/mavikadin\/wp-content\/uploads\/kizil-goncalar-2-300x156.png 300w, https:\/\/www.tgrthaber.com\/mavikadin\/wp-content\/uploads\/kizil-goncalar-2-768x398.png 768w, https:\/\/www.tgrthaber.com\/mavikadin\/wp-content\/uploads\/kizil-goncalar-2.png 812w\" sizes=\"(max-width: 1280px) 100vw, 1280px\" \/><\/p>\n<hr \/>\n<p>Mert Yaz\u0131c\u0131o\u011flu\u2019nun oynad\u0131\u011f\u0131 C\u00fcneyd karakteri ile Mina Demirta\u015f\u2019\u0131n rol ald\u0131\u011f\u0131 Zeynep karakteri izleyiciler taraf\u0131ndan \u00e7ok sevildi. \u00d6yle ki bu sevgi sosyal medyaya bile ta\u015ft\u0131. Hayranlar oyuncular\u0131n oynad\u0131\u011f\u0131 karakterlerin ba\u015f harflerinde bile &#8220;NOWC\u00fcnZeye Sahip\u00c7\u0131k&#8221; etiketi a\u00e7arak payla\u015f\u0131mlarda bulundu.<\/p>\n<p>K\u0131z\u0131l Goncalar dizisinin hayranlar\u0131 TT olarak birinci s\u0131raya yerle\u015fti. Kimi kullan\u0131c\u0131, C\u00fcneyd\u2019in ve Zeynep\u2019in sahnelerinin art\u0131r\u0131lmas\u0131n\u0131 s\u00f6yledi.<\/p>\n<p>Dizinin gelecek b\u00f6l\u00fcmlerinde C\u00fcneyd ve Zeynep aras\u0131nda neler ya\u015fanaca\u011f\u0131 belli olacak. K\u0131z\u0131l Goncalar dizisinin 2. tan\u0131t\u0131m\u0131n\u0131n yay\u0131nlanmas\u0131 ile beraber yeni b\u00f6l\u00fcm hakk\u0131nda ipu\u00e7lar\u0131 netle\u015fecek.<\/p>\n<p><img loading=\"lazy\" decoding=\"async\" class=\"alignnone wp-image-129810\" src=\"https:\/\/www.tgrthaber.com\/mavikadin\/wp-content\/uploads\/kizil-goncalar--300x167.png\" alt=\"\" width=\"1280\" height=\"712\" title=\"\" srcset=\"https:\/\/www.tgrthaber.com\/mavikadin\/wp-content\/uploads\/kizil-goncalar--300x167.png 300w, https:\/\/www.tgrthaber.com\/mavikadin\/wp-content\/uploads\/kizil-goncalar-.png 759w\" sizes=\"(max-width: 1280px) 100vw, 1280px\" \/><\/p>\n<hr \/>\n<h3><strong>KIZIL GONCALAR OYUNCU KADROSUNDA K\u0130MLER VAR?\u00a0<\/strong><\/h3>\n<p>Usta ve gen\u00e7 isimlerin bir araya geldi\u011fi K\u0131z\u0131l Goncalar dizisinin oyuncu kadrosunda, \u00d6zcan Deniz, \u00d6zg\u00fc Namal,Mert Yaz\u0131c\u0131o\u011flu, Erkan Avc\u0131, Hazal T\u00fcresan, Mert Turak, Selen \u00d6zt\u00fcrk, \u015eerif Erol, Duygu Sar\u0131\u015f\u0131n, Tu\u011frul T\u00fclek, Yakup Turgut, Sitare Akba\u015f, Mina Demirta\u015f, Esma Y\u0131lmaz, Zehran Kelleci, Tuana Gizem Uzunlar gibi ba\u015far\u0131l\u0131 isimler yer al\u0131yor.<\/p>\n<p>&nbsp;<\/p>\n<p>&nbsp;<\/p>\n","protected":false},"excerpt":{"rendered":"<p>\u00d6zcan Deniz, \u00d6zg\u00fc Namal, Mert Yaz\u0131c\u0131o\u011flu ve Mina Demirta\u015f\u2019\u0131n ba\u015frollerinde yer ald\u0131\u011f\u0131 dizi pazartesi ak\u015famlar\u0131n\u0131n g\u00f6zde yap\u0131mlar\u0131 aras\u0131nda yer al\u0131yor. Yay\u0131nlanmaya ba\u015flad\u0131\u011f\u0131 g\u00fcnden bu yana b\u00fcy\u00fck ses getiren dizi, oyuncu kadrosu ile dikkat \u00e7ekiyor.\u00a0 K\u0131z\u0131l Goncalar dizinin sevilen ve yak\u0131\u015ft\u0131r\u0131lan karakterlerinden ola C\u00fcneyd ve Zeynep \u00e7ok sahipleniliyor. \u00d6te yandan hayranlar konu hakk\u0131nda X\u2019de etiket bile [&hellip;]<\/p>\n","protected":false},"author":33,"featured_media":129809,"comment_status":"closed","ping_status":"closed","sticky":false,"template":"","format":"standard","meta":{"rank_math_lock_modified_date":false,"footnotes":""},"categories":[602],"tags":[8629,9450,5762],"class_list":["post-129804","post","type-post","status-publish","format-standard","has-post-thumbnail","hentry","category-diziler","tag-kizil-goncalar-cuneyd","tag-kizil-goncalar-mert-yazicioglu-mina-demirtas","tag-kizil-goncalar-zeynep"],"_links":{"self":[{"href":"https:\/\/www.tgrthaber.com\/mavikadin\/wp-json\/wp\/v2\/posts\/129804"}],"collection":[{"href":"https:\/\/www.tgrthaber.com\/mavikadin\/wp-json\/wp\/v2\/posts"}],"about":[{"href":"https:\/\/www.tgrthaber.com\/mavikadin\/wp-json\/wp\/v2\/types\/post"}],"author":[{"embeddable":true,"href":"https:\/\/www.tgrthaber.com\/mavikadin\/wp-json\/wp\/v2\/users\/33"}],"replies":[{"embeddable":true,"href":"https:\/\/www.tgrthaber.com\/mavikadin\/wp-json\/wp\/v2\/comments?post=129804"}],"version-history":[{"count":3,"href":"https:\/\/www.tgrthaber.com\/mavikadin\/wp-json\/wp\/v2\/posts\/129804\/revisions"}],"predecessor-version":[{"id":129856,"href":"https:\/\/www.tgrthaber.com\/mavikadin\/wp-json\/wp\/v2\/posts\/129804\/revisions\/129856"}],"wp:featuredmedia":[{"embeddable":true,"href":"https:\/\/www.tgrthaber.com\/mavikadin\/wp-json\/wp\/v2\/media\/129809"}],"wp:attachment":[{"href":"https:\/\/www.tgrthaber.com\/mavikadin\/wp-json\/wp\/v2\/media?parent=129804"}],"wp:term":[{"taxonomy":"category","embeddable":true,"href":"https:\/\/www.tgrthaber.com\/mavikadin\/wp-json\/wp\/v2\/categories?post=129804"},{"taxonomy":"post_tag","embeddable":true,"href":"https:\/\/www.tgrthaber.com\/mavikadin\/wp-json\/wp\/v2\/tags?post=129804"}],"curies":[{"name":"wp","href":"https:\/\/api.w.org\/{rel}","templated":true}]}}