{"id":129838,"date":"2025-02-05T21:13:50","date_gmt":"2025-02-05T18:13:50","guid":{"rendered":"https:\/\/www.tgrthaber.com\/mavikadin\/?p=129838"},"modified":"2025-02-05T21:13:50","modified_gmt":"2025-02-05T18:13:50","slug":"gonul-dagi-dizisine-bomba-bir-isim-geliyor-gonul-daginin-suleymani-erdal-ozyagcilar-oldu","status":"publish","type":"post","link":"https:\/\/www.tgrthaber.com\/mavikadin\/gonul-dagi-dizisine-bomba-bir-isim-geliyor-gonul-daginin-suleymani-erdal-ozyagcilar-oldu\/","title":{"rendered":"G\u00f6n\u00fcl Da\u011f\u0131 dizisine bomba bir isim geliyor! G\u00f6n\u00fcl Da\u011f\u0131\u2019n\u0131n S\u00fcleyman\u2019\u0131 Erdal \u00d6zya\u011fc\u0131lar oldu!"},"content":{"rendered":"<p>TRT 1\u2019de 5 sezon boyunca hik\u00e2yesiyle herkesi ekrana ba\u011flayan G\u00f6n\u00fcl Da\u011f\u0131 dizisi, rekorlar k\u0131rmaya devam ediyor. Her b\u00f6l\u00fcm\u00fcnde ayr\u0131 bir heyecan\u0131n ve h\u00fczn\u00fcn ya\u015fand\u0131\u011f\u0131 diziye yeni bir isim kat\u0131l\u0131yor. G\u00f6n\u00fcl Da\u011f\u0131 dizisinin 168. B\u00f6l\u00fcm\u00fcnde ekrana gelecek olan S\u00fcleyman karakterine Elveda Rumeli\u2019nin S\u00fct\u00e7\u00fc Ramiz rol\u00fcn\u00fc oynayan Erdal \u00d6zya\u011fc\u0131lar, oynayacak.<\/p>\n<h3>G\u00d6N\u00dcL DA\u011eI\u2019NIN S\u00dcLEYMAN\u2019I ERDAL \u00d6ZYA\u011eCILAR<\/h3>\n<p>Her b\u00f6l\u00fcm\u00fcyle ekranlara ba\u011flayan G\u00f6n\u00fcl Da\u011f\u0131 dizisine yeni soluk, yeni karakter geliyor. Cirit\u00e7i Abdullah\u2019\u0131n abisi olarak diziye olan Erdal \u00d6zya\u011fc\u0131lar, K\u00f6pr\u00fc film yap\u0131m ekibiyle el s\u0131k\u0131\u015ft\u0131. Usta akt\u00f6r Erdal \u00d6zya\u011fc\u0131lar, G\u00f6n\u00fcl Da\u011f\u0131 dizinin 168. B\u00f6l\u00fcm\u00fcnde S\u00fcleyman karakteri ile diziye d\u00e2hil olacak. Dizinin 168. B\u00f6l\u00fcm\u00fc Eski\u015fehir\u2019de \u00e7ekilirken Erdal \u00d6zya\u011fc\u0131lar\u2019\u0131n S\u00fcleyman karakteri diziye hem farkl\u0131 bir hava katacak hem de oyuncu kadrosu a\u00e7\u0131s\u0131ndan ekibe g\u00fc\u00e7 katacak.<\/p>\n<p><img loading=\"lazy\" decoding=\"async\" class=\"alignnone wp-image-129846\" src=\"https:\/\/www.tgrthaber.com\/mavikadin\/wp-content\/uploads\/gonul-dagi-nin-suleymani-erdal-ozyagcilar-oldu-300x169.jpg\" alt=\"g\u00f6n\u00fcl da\u011f\u0131 n\u0131n s\u00fcleyman\u0131 erdal \u00f6zya\u011fc\u0131lar oldu\" width=\"1208\" height=\"680\" title=\"\" srcset=\"https:\/\/www.tgrthaber.com\/mavikadin\/wp-content\/uploads\/gonul-dagi-nin-suleymani-erdal-ozyagcilar-oldu-300x169.jpg 300w, https:\/\/www.tgrthaber.com\/mavikadin\/wp-content\/uploads\/gonul-dagi-nin-suleymani-erdal-ozyagcilar-oldu-1024x576.jpg 1024w, https:\/\/www.tgrthaber.com\/mavikadin\/wp-content\/uploads\/gonul-dagi-nin-suleymani-erdal-ozyagcilar-oldu-768x432.jpg 768w, https:\/\/www.tgrthaber.com\/mavikadin\/wp-content\/uploads\/gonul-dagi-nin-suleymani-erdal-ozyagcilar-oldu-1536x864.jpg 1536w, https:\/\/www.tgrthaber.com\/mavikadin\/wp-content\/uploads\/gonul-dagi-nin-suleymani-erdal-ozyagcilar-oldu.jpg 1920w\" sizes=\"(max-width: 1208px) 100vw, 1208px\" \/><\/p>\n<hr \/>\n<h3>G\u00d6N\u00dcL DA\u011eI D\u0130Z\u0130S\u0130N\u0130N 164. B\u00d6L\u00dcM\u00dcNDE NELER OLDU?<\/h3>\n<p>1 \u015eubat 2025 Cumartesi g\u00fcn\u00fc 164. B\u00f6l\u00fcm\u00fcyle ekranlara gelen G\u00f6n\u00fcl da\u011f\u0131 dizisinde Taner, Veysel ve Ramazan parasal a\u00e7\u0131dan s\u0131k\u0131nt\u0131lar ya\u015famaktad\u0131r. Bu durumdan dolay\u0131 kasabal\u0131ya olan bor\u00e7lar\u0131n\u0131 nas\u0131l \u00f6deyeceklerini d\u00fc\u015f\u00fcnseler de yine de bor\u00e7 ald\u0131klar\u0131 ki\u015filere bir \u015fekilde bor\u00e7lar\u0131n\u0131 \u00f6demeye \u00e7al\u0131\u015f\u0131rlar. Taner e\u015fi Selma\u2019dan maddi s\u0131k\u0131nt\u0131y\u0131 saklamaya \u00e7al\u0131\u015fsa da Selma bir \u015fekilde durumu \u00f6\u011freniyor.<\/p>\n<p>Beh\u00e7et ve Fidan zorunlu olarak yapt\u0131klar\u0131 yolculuktan sonra kasabalar\u0131na geri d\u00f6nmeye karar verirler. Di\u015f\u00e7i Musa ise evini zorunlu olarak sat\u0131\u015fa \u00e7\u0131kar\u0131r. Evinin sat\u0131\u015fa \u00e7\u0131karaca\u011f\u0131n\u0131 amcao\u011fullar\u0131n\u0131n \u00f6\u011frenmesinin ard\u0131ndan Musa\u2019n\u0131n evinin ba\u015fkas\u0131na satmamas\u0131 i\u00e7in Amcao\u011fullar\u0131, evi almak i\u00e7in plan yapma i\u015fine giri\u015firler.<\/p>\n<p>&nbsp;<\/p>\n","protected":false},"excerpt":{"rendered":"<p>5 sezondur Cumartesi ak\u015famlar\u0131 zirvede yerini korumaya devam eden G\u00f6n\u00fcl Da\u011f\u0131 dizisi, kadrosuna yeni bir oyuncuyu daha d\u00e2hil ediyor. 168. B\u00f6l\u00fcm\u00fcnde kadroya kat\u0131lacak olan G\u00f6n\u00fcl Da\u011f\u0131 dizisinin S\u00fcleyman\u2019\u0131 rol\u00fcn\u00fc Erdal \u00d6zya\u011fc\u0131lar oynayacak. <\/p>\n","protected":false},"author":10,"featured_media":129846,"comment_status":"closed","ping_status":"closed","sticky":false,"template":"","format":"standard","meta":{"rank_math_lock_modified_date":false,"footnotes":""},"categories":[602],"tags":[2628,3512,7484,10035],"class_list":["post-129838","post","type-post","status-publish","format-standard","has-post-thumbnail","hentry","category-diziler","tag-dizi-haberleri","tag-erdal-ozyagcilar","tag-gonul-dagi-dizisi","tag-gonul-dagi-suleyman-erdal-ozyagcilar"],"_links":{"self":[{"href":"https:\/\/www.tgrthaber.com\/mavikadin\/wp-json\/wp\/v2\/posts\/129838"}],"collection":[{"href":"https:\/\/www.tgrthaber.com\/mavikadin\/wp-json\/wp\/v2\/posts"}],"about":[{"href":"https:\/\/www.tgrthaber.com\/mavikadin\/wp-json\/wp\/v2\/types\/post"}],"author":[{"embeddable":true,"href":"https:\/\/www.tgrthaber.com\/mavikadin\/wp-json\/wp\/v2\/users\/10"}],"replies":[{"embeddable":true,"href":"https:\/\/www.tgrthaber.com\/mavikadin\/wp-json\/wp\/v2\/comments?post=129838"}],"version-history":[{"count":1,"href":"https:\/\/www.tgrthaber.com\/mavikadin\/wp-json\/wp\/v2\/posts\/129838\/revisions"}],"predecessor-version":[{"id":129852,"href":"https:\/\/www.tgrthaber.com\/mavikadin\/wp-json\/wp\/v2\/posts\/129838\/revisions\/129852"}],"wp:featuredmedia":[{"embeddable":true,"href":"https:\/\/www.tgrthaber.com\/mavikadin\/wp-json\/wp\/v2\/media\/129846"}],"wp:attachment":[{"href":"https:\/\/www.tgrthaber.com\/mavikadin\/wp-json\/wp\/v2\/media?parent=129838"}],"wp:term":[{"taxonomy":"category","embeddable":true,"href":"https:\/\/www.tgrthaber.com\/mavikadin\/wp-json\/wp\/v2\/categories?post=129838"},{"taxonomy":"post_tag","embeddable":true,"href":"https:\/\/www.tgrthaber.com\/mavikadin\/wp-json\/wp\/v2\/tags?post=129838"}],"curies":[{"name":"wp","href":"https:\/\/api.w.org\/{rel}","templated":true}]}}