{"id":129882,"date":"2025-02-06T08:57:47","date_gmt":"2025-02-06T05:57:47","guid":{"rendered":"https:\/\/www.tgrthaber.com\/mavikadin\/?p=129882"},"modified":"2025-02-06T08:57:47","modified_gmt":"2025-02-06T05:57:47","slug":"siyah-kalp-dizisi-yeni-bolumde-neler-olacak-bunyamin-sametin-oglu-oldugunu-ogreniyor","status":"publish","type":"post","link":"https:\/\/www.tgrthaber.com\/mavikadin\/siyah-kalp-dizisi-yeni-bolumde-neler-olacak-bunyamin-sametin-oglu-oldugunu-ogreniyor\/","title":{"rendered":"Siyah Kalp dizisi yeni b\u00f6l\u00fcmde neler olacak? B\u00fcnyamin Samet\u2019in o\u011flu oldu\u011funu \u00f6\u011freniyor!"},"content":{"rendered":"<p>Show TV ekranlar\u0131n\u0131n sevilen dizisi Siyah Kalp\u2019in yeni b\u00f6l\u00fcm\u00fcnde neler olaca\u011f\u0131 izleyici taraf\u0131ndan merak ediliyor. Yay\u0131nland\u0131\u011f\u0131 g\u00fcnden bu yana b\u00fcy\u00fck bir ilgiyle takip edilen dizi t\u00fcm h\u0131z\u0131yla devam ediyor. Hem konusu hem de g\u00fc\u00e7l\u00fc oyuncu kadrosuyla dikkatleri \u00fczerine \u00e7eken dizinin yeni b\u00f6l\u00fcm\u00fcnde neler olaca\u011f\u0131 da seyirci taraf\u0131ndan merak edildi. Peki, Siyah Kalp dizisinin yeni b\u00f6l\u00fcm\u00fcnde neler oluyor? B\u00fcnyamin kendisinin Samet\u2019in o\u011flu oldu\u011funu \u00f6\u011freniyor. \u0130\u015fte Siyah Kalp dizisinin yeni b\u00f6l\u00fcm\u00fcne dair detaylar\u2026<\/p>\n<hr \/>\n<h3>S\u0130YAH KALP 6 \u015eUBAT BU AK\u015eAM VAR MI?<\/h3>\n<p>Show TV ekranlar\u0131n\u0131n yo\u011fun bir ilgiyle takip edilen dizisi Siyah Kalp, yay\u0131nland\u0131\u011f\u0131 g\u00fcnden bu yana izleyiciyi ekran ba\u015f\u0131na kilitlemeye devam ediyor. Ekranlar\u0131n sevilen dizileri aras\u0131nda yer alan Siyah Kalp, reytinglerde de b\u00fcy\u00fck bir ba\u015far\u0131 elde ediyor. Hem konusu hem de g\u00fc\u00e7l\u00fc oyuncu kadrosuyla dikkatleri \u00fczerine \u00e7eken Siyah Kalp dizisi, t\u00fcm h\u0131z\u0131yla yay\u0131nlanmaya devam ediyor. Per\u015fembe g\u00fcnlerinin vazge\u00e7ilmez dizileri aras\u0131nda yer alan Siyah Kalp\u2019in 6 \u015eubat 2025 Per\u015fembe g\u00fcn\u00fc yeni b\u00f6l\u00fcm\u00fcn\u00fcn yay\u0131nlan\u0131p yay\u0131nlanmayaca\u011f\u0131 merak ediliyor.<\/p>\n<p><img loading=\"lazy\" decoding=\"async\" class=\"alignnone wp-image-129886\" src=\"https:\/\/www.tgrthaber.com\/mavikadin\/wp-content\/uploads\/Siyah-Kalp-4-2-1024x576.jpg\" alt=\"B\u00fcnyamin Samet\u2019in o\u011flu oldu\u011funu \u00f6\u011freniyor! \" width=\"1208\" height=\"680\" title=\"\" srcset=\"https:\/\/www.tgrthaber.com\/mavikadin\/wp-content\/uploads\/Siyah-Kalp-4-2-1024x576.jpg 1024w, https:\/\/www.tgrthaber.com\/mavikadin\/wp-content\/uploads\/Siyah-Kalp-4-2-300x169.jpg 300w, https:\/\/www.tgrthaber.com\/mavikadin\/wp-content\/uploads\/Siyah-Kalp-4-2-768x432.jpg 768w, https:\/\/www.tgrthaber.com\/mavikadin\/wp-content\/uploads\/Siyah-Kalp-4-2-1536x864.jpg 1536w, https:\/\/www.tgrthaber.com\/mavikadin\/wp-content\/uploads\/Siyah-Kalp-4-2.jpg 1600w\" sizes=\"(max-width: 1208px) 100vw, 1208px\" \/><\/p>\n<hr \/>\n<p>Yay\u0131nland\u0131\u011f\u0131 her yeni b\u00f6l\u00fcmle seyirciye farkl\u0131 heyecanlar veren dizinin yeni b\u00f6l\u00fcm\u00fcnde neler ya\u015fanaca\u011f\u0131 da seyirci taraf\u0131ndan merak edilenler aras\u0131nda yer al\u0131yor. Yeni b\u00f6l\u00fcmleriyle seyirciyi ekran ba\u015f\u0131na kilitlemeye devam eden Siyah Kalp dizisi,\u00a0yeni b\u00f6l\u00fcm\u00fcyle 6 \u015eubat 2025 bu ak\u015fam izleyici kar\u015f\u0131s\u0131na \u00e7\u0131kmaya haz\u0131rlan\u0131yor. Siyah Kalp, 6 \u015eubat 2025 Per\u015fembe Show TV ekranlar\u0131nda saat 20.00\u2019da seyirciyle bulu\u015facak.<\/p>\n<h3>S\u0130YAH KALP D\u0130Z\u0130S\u0130N\u0130N SON B\u00d6L\u00dcM\u00dcNDE NELER OLMU\u015eTU?<\/h3>\n<p>Ge\u00e7ti\u011fimiz hafta yepyeni b\u00f6l\u00fcm\u00fcyle izleyici kar\u015f\u0131s\u0131na \u00e7\u0131kan Siyah Kalp dizisi, seyirciye heyecan dolu anlar ya\u015fatm\u0131\u015ft\u0131. Melek, Cihan\u2019\u0131 durdurabilmek i\u00e7in havaalan\u0131na gitmi\u015f fakat sesini duyuramam\u0131\u015ft\u0131. Cihan ise Melek\u2019in geldi\u011finden habersiz Berlin\u2019e gidecekken gelen telefonla karar\u0131n\u0131 de\u011fi\u015ftirmi\u015fti.<\/p>\n<p><img loading=\"lazy\" decoding=\"async\" class=\"alignnone wp-image-129887\" src=\"https:\/\/www.tgrthaber.com\/mavikadin\/wp-content\/uploads\/Siyah-Kalp-7-1-1024x576.jpg\" alt=\"B\u00fcnyamin Samet\u2019in o\u011flu oldu\u011funu \u00f6\u011freniyor! \" width=\"1208\" height=\"680\" title=\"\" srcset=\"https:\/\/www.tgrthaber.com\/mavikadin\/wp-content\/uploads\/Siyah-Kalp-7-1-1024x576.jpg 1024w, https:\/\/www.tgrthaber.com\/mavikadin\/wp-content\/uploads\/Siyah-Kalp-7-1-300x169.jpg 300w, https:\/\/www.tgrthaber.com\/mavikadin\/wp-content\/uploads\/Siyah-Kalp-7-1-768x432.jpg 768w, https:\/\/www.tgrthaber.com\/mavikadin\/wp-content\/uploads\/Siyah-Kalp-7-1-1536x864.jpg 1536w, https:\/\/www.tgrthaber.com\/mavikadin\/wp-content\/uploads\/Siyah-Kalp-7-1.jpg 1600w\" sizes=\"(max-width: 1208px) 100vw, 1208px\" \/><\/p>\n<hr \/>\n<p>Sevilay ise \u00f6z babas\u0131 oldu\u011funu d\u00fc\u015f\u00fcnd\u00fc\u011f\u00fc Celal\u2019in cenazesine gitmek i\u00e7in harekete ge\u00e7mi\u015fti. Cihan gitmeden \u00f6nce Sevilay\u2019la bo\u015fanma i\u015flemlerini ba\u015flatmas\u0131 i\u00e7in avukat\u0131n\u0131 g\u00f6revlendirmi\u015fti. Sevilay ise bu duruma \u00e7ok sevinmi\u015fti. Di\u011fer yandan Hikmet, Tahsin\u2019le bulu\u015farak Samet\u2019i bitirmek i\u00e7in i\u015f birli\u011fi teklif etmi\u015fti. Fakat Tahsin bu teklife s\u0131cak bakmam\u0131\u015ft\u0131.<\/p>\n<h3>B\u00dcNYAM\u0130N SAMET\u2019\u0130N O\u011eLU \u00c7IKMI\u015eTI!<\/h3>\n<p>Sumru ve Samet\u2019in bo\u015fanma davas\u0131 geldi\u011finde ise Samet beklenmedik bir \u00e7\u0131k\u0131\u015f yaparak bo\u015fanmaktan vazge\u00e7ti\u011fini s\u00f6ylemi\u015f, hakim de davan\u0131n ertelenmesine karar vermi\u015fti. Tam da bu s\u0131rada Tahsin ve Samet aras\u0131nda gerilim y\u00fckselmi\u015f ve tart\u0131\u015fma ya\u015fanm\u0131\u015ft\u0131. Sumru\u2019yu kafas\u0131na takan Samet, onu arabayla takip ederken b\u00fcy\u00fck bir trafik kazas\u0131 ge\u00e7irerek hastaneye kald\u0131r\u0131lm\u0131\u015ft\u0131.<\/p>\n<p><img loading=\"lazy\" decoding=\"async\" class=\"alignnone wp-image-129888\" src=\"https:\/\/www.tgrthaber.com\/mavikadin\/wp-content\/uploads\/Siyah-Kalp-5-2-1024x576.jpg\" alt=\"B\u00fcnyamin Samet\u2019in o\u011flu oldu\u011funu \u00f6\u011freniyor! \" width=\"1208\" height=\"680\" title=\"\" srcset=\"https:\/\/www.tgrthaber.com\/mavikadin\/wp-content\/uploads\/Siyah-Kalp-5-2-1024x576.jpg 1024w, https:\/\/www.tgrthaber.com\/mavikadin\/wp-content\/uploads\/Siyah-Kalp-5-2-300x169.jpg 300w, https:\/\/www.tgrthaber.com\/mavikadin\/wp-content\/uploads\/Siyah-Kalp-5-2-768x432.jpg 768w, https:\/\/www.tgrthaber.com\/mavikadin\/wp-content\/uploads\/Siyah-Kalp-5-2-1536x864.jpg 1536w, https:\/\/www.tgrthaber.com\/mavikadin\/wp-content\/uploads\/Siyah-Kalp-5-2.jpg 1600w\" sizes=\"(max-width: 1208px) 100vw, 1208px\" \/><\/p>\n<hr \/>\n<p>Samet hastanede tedavi alt\u0131ndayken herkes oraya ko\u015fmu\u015ftu. Doktorlar ise Samet\u2019in hayatta kalabilmesi i\u00e7in acil b\u00f6brek nakline ihtiyac\u0131 oldu\u011funu s\u00f6ylemi\u015fti. Aile yak\u0131nlar\u0131ndan uyumlu ki\u015filer aran\u0131rken Samet\u2019in \u201cB\u00fcnyamin\u2019e de bak\u0131n\u201d demesi ve B\u00fcnyamin\u2019in kendi o\u011flu oldu\u011funu s\u00f6ylemesi herkesi \u015fa\u015f\u0131rtm\u0131\u015ft\u0131. Nihayet ise B\u00fcnyamin\u2019in Samet\u2019in o\u011flu oldu\u011funu duymu\u015ftu.<\/p>\n<p><img loading=\"lazy\" decoding=\"async\" class=\"alignnone wp-image-129890\" src=\"https:\/\/www.tgrthaber.com\/mavikadin\/wp-content\/uploads\/Siyah-Kalp-2-2-1024x576.jpg\" alt=\"B\u00fcnyamin Samet\u2019in o\u011flu oldu\u011funu \u00f6\u011freniyor! \" width=\"1208\" height=\"680\" title=\"\" srcset=\"https:\/\/www.tgrthaber.com\/mavikadin\/wp-content\/uploads\/Siyah-Kalp-2-2-1024x576.jpg 1024w, https:\/\/www.tgrthaber.com\/mavikadin\/wp-content\/uploads\/Siyah-Kalp-2-2-300x169.jpg 300w, https:\/\/www.tgrthaber.com\/mavikadin\/wp-content\/uploads\/Siyah-Kalp-2-2-768x432.jpg 768w, https:\/\/www.tgrthaber.com\/mavikadin\/wp-content\/uploads\/Siyah-Kalp-2-2-1536x864.jpg 1536w, https:\/\/www.tgrthaber.com\/mavikadin\/wp-content\/uploads\/Siyah-Kalp-2-2.jpg 1600w\" sizes=\"(max-width: 1208px) 100vw, 1208px\" \/><\/p>\n<hr \/>\n<h3>B\u00dcNYAM\u0130N SAMET\u2019\u0130N O\u011eLU OLDU\u011eUNU \u00d6\u011eREN\u0130YOR!<\/h3>\n<p>Ge\u00e7ti\u011fimiz hafta hastane yata\u011f\u0131nda B\u00fcnyamin\u2019in o\u011flu oldu\u011funu s\u00f6yleyen Samet\u2019i Nihayet duymu\u015ftu. Siyah Kalp dizisinin yeni b\u00f6l\u00fcmde ise Nihayet, t\u00fcm ger\u00e7ekleri ortaya \u00e7\u0131karmaya haz\u0131rlan\u0131yor. Yeni b\u00f6l\u00fcmde Cihan, Melek\u2019le bar\u0131\u015fmak i\u00e7in bir umut k\u0131r\u0131nt\u0131s\u0131 ararken di\u011fer yandan Nuh, ikizinin intikam\u0131n\u0131 almaya niyetlenecek. Nuh, Hikmet\u2019in itiraflar\u0131yla \u015foke olurken Samet\u2019in ise kalbi duracak. Tahsin ise bu durumda ilahi adaletin ger\u00e7ekle\u015fti\u011fine inan\u0131rken, Sumru ise yeniden k\u00fcllerinden do\u011fup g\u00fc\u00e7lenmek isteyecek.<\/p>\n<p><img loading=\"lazy\" decoding=\"async\" class=\"alignnone wp-image-129889\" src=\"https:\/\/www.tgrthaber.com\/mavikadin\/wp-content\/uploads\/Siyah-Kalp-1-3-1024x576.jpg\" alt=\"B\u00fcnyamin Samet\u2019in o\u011flu oldu\u011funu \u00f6\u011freniyor! \" width=\"1208\" height=\"680\" title=\"\" srcset=\"https:\/\/www.tgrthaber.com\/mavikadin\/wp-content\/uploads\/Siyah-Kalp-1-3-1024x576.jpg 1024w, https:\/\/www.tgrthaber.com\/mavikadin\/wp-content\/uploads\/Siyah-Kalp-1-3-300x169.jpg 300w, https:\/\/www.tgrthaber.com\/mavikadin\/wp-content\/uploads\/Siyah-Kalp-1-3-768x432.jpg 768w, https:\/\/www.tgrthaber.com\/mavikadin\/wp-content\/uploads\/Siyah-Kalp-1-3-1536x864.jpg 1536w, https:\/\/www.tgrthaber.com\/mavikadin\/wp-content\/uploads\/Siyah-Kalp-1-3.jpg 1600w\" sizes=\"(max-width: 1208px) 100vw, 1208px\" \/><\/p>\n<hr \/>\n<p>Siyah Kalp dizisinin yeni b\u00f6l\u00fcm\u00fcnde Samet\u2019in nakil i\u00e7in b\u00f6brek aray\u0131\u015f\u0131 devam edecek. Cihan\u2019\u0131n Sumru\u2019yla Melek hakk\u0131nda konu\u015fmas\u0131 ve \u00e7ekip gidece\u011fini s\u00f6ylemesi Melek\u2019in duygu dolu anlar ya\u015famas\u0131na sebep olacak. Cihan\u2019\u0131n ve Sevilay\u2019\u0131n bo\u015fan\u0131p bo\u015fanmayaca\u011f\u0131 merak edilirken, Samet\u2019in eve geli\u015fiyle birlikte do\u011fum g\u00fcn\u00fc kutlamas\u0131 d\u00fczenlenecek. Kutlamaya Tahsin ve Sumru\u2019nun da kat\u0131lmas\u0131yla birlikte Nihayet, B\u00fcnyamin\u2019in Samet\u2019in o\u011flu oldu\u011funu oraya \u00e7\u0131karacak. Yeni b\u00f6l\u00fcm 6 \u015eubat bu ak\u015fam Show TV ekranlar\u0131nda saat 20.00\u2019da izleyici kar\u015f\u0131s\u0131na \u00e7\u0131kacak.<\/p>\n","protected":false},"excerpt":{"rendered":"<p>Show TV ekranlar\u0131n\u0131n ilgiyle takip edilen dizisi Siyah Kalp t\u00fcm h\u0131z\u0131yla devam ediyor. Dizinin yeni b\u00f6l\u00fcm\u00fcnde ise neler olaca\u011f\u0131 merak ediliyor. Peki, Siyah Kalp dizisi yeni b\u00f6l\u00fcmde neler olacak? \u0130\u015fte detaylar\u2026 <\/p>\n","protected":false},"author":26,"featured_media":129885,"comment_status":"closed","ping_status":"closed","sticky":false,"template":"","format":"standard","meta":{"rank_math_lock_modified_date":false,"footnotes":""},"categories":[602],"tags":[2574,9409,3790,3884,9410,4823],"class_list":["post-129882","post","type-post","status-publish","format-standard","has-post-thumbnail","hentry","category-diziler","tag-siyah-kalp","tag-siyah-kalp-bunyamin","tag-siyah-kalp-dizi","tag-siyah-kalp-dizisi","tag-siyah-kalp-samet","tag-siyah-kalp-yeni-bolum"],"_links":{"self":[{"href":"https:\/\/www.tgrthaber.com\/mavikadin\/wp-json\/wp\/v2\/posts\/129882"}],"collection":[{"href":"https:\/\/www.tgrthaber.com\/mavikadin\/wp-json\/wp\/v2\/posts"}],"about":[{"href":"https:\/\/www.tgrthaber.com\/mavikadin\/wp-json\/wp\/v2\/types\/post"}],"author":[{"embeddable":true,"href":"https:\/\/www.tgrthaber.com\/mavikadin\/wp-json\/wp\/v2\/users\/26"}],"replies":[{"embeddable":true,"href":"https:\/\/www.tgrthaber.com\/mavikadin\/wp-json\/wp\/v2\/comments?post=129882"}],"version-history":[{"count":1,"href":"https:\/\/www.tgrthaber.com\/mavikadin\/wp-json\/wp\/v2\/posts\/129882\/revisions"}],"predecessor-version":[{"id":129891,"href":"https:\/\/www.tgrthaber.com\/mavikadin\/wp-json\/wp\/v2\/posts\/129882\/revisions\/129891"}],"wp:featuredmedia":[{"embeddable":true,"href":"https:\/\/www.tgrthaber.com\/mavikadin\/wp-json\/wp\/v2\/media\/129885"}],"wp:attachment":[{"href":"https:\/\/www.tgrthaber.com\/mavikadin\/wp-json\/wp\/v2\/media?parent=129882"}],"wp:term":[{"taxonomy":"category","embeddable":true,"href":"https:\/\/www.tgrthaber.com\/mavikadin\/wp-json\/wp\/v2\/categories?post=129882"},{"taxonomy":"post_tag","embeddable":true,"href":"https:\/\/www.tgrthaber.com\/mavikadin\/wp-json\/wp\/v2\/tags?post=129882"}],"curies":[{"name":"wp","href":"https:\/\/api.w.org\/{rel}","templated":true}]}}