{"id":129924,"date":"2025-02-06T10:07:18","date_gmt":"2025-02-06T07:07:18","guid":{"rendered":"https:\/\/www.tgrthaber.com\/mavikadin\/?p=129924"},"modified":"2025-02-06T10:07:18","modified_gmt":"2025-02-06T07:07:18","slug":"gonul-dagi-suleyman-kimdir-nasil-bir-karakter","status":"publish","type":"post","link":"https:\/\/www.tgrthaber.com\/mavikadin\/gonul-dagi-suleyman-kimdir-nasil-bir-karakter\/","title":{"rendered":"G\u00f6n\u00fcl da\u011f\u0131 S\u00fcleyman kimdir? Nas\u0131l bir karakter?"},"content":{"rendered":"<p>TRT 1 ekranlar\u0131n\u0131n sevilen dizilerinden olan G\u00f6n\u00fcl Da\u011f\u0131 dizisine rolleriyle haf\u0131zalara kaz\u0131nan Erdal \u00d6zya\u011fc\u0131lar kat\u0131ld\u0131. \u00d6zya\u011fc\u0131lar \u201cS\u00fcleyman\u201d karakteri ile seyirci kar\u015f\u0131s\u0131na \u00e7\u0131kacak. Peki, S\u00fcleyman karakteri kim, diziyi nas\u0131l bir etkileyecek? Merak edilenler ve daha fazlas\u0131 haberimizde\u2026<\/p>\n<p>TRT 1\u2019 in sevilen dizisi G\u00f6n\u00fcl Da\u011f\u0131\u2019na s\u00fcrpriz bir karakter daha izleyenlere merhaba diyecek. 5 sezon boyunca izleyicileri ekran ba\u015f\u0131na toplamay\u0131 ba\u015faran dizi, her b\u00f6l\u00fcm izleyenlere ayr\u0131 bir duygu yo\u011funlu\u011fu ya\u015fat\u0131yor. K\u00f6pr\u00fc film imzal\u0131 diziye usta oyuncu Erdal \u00d6zya\u011fc\u0131lar \u201cS\u00fcleyman\u201d rol\u00fc ile kat\u0131l\u0131yor.<\/p>\n<h3><strong>ERDAL \u00d6ZYA\u011eCILAR K\u0130MD\u0130R?<\/strong><\/h3>\n<p>Ba\u015far\u0131l\u0131 oyuncu Erdal \u00d6zya\u011fc\u0131lar 4 A\u011fustos 1948 tarihinde Bursa\u2019da d\u00fcnyaya geldi. Lise \u00f6\u011freniminden sonra \u0130stanbul \u00dcniversitesi Hukuk fak\u00fcltesini ikinci s\u0131nfta b\u0131rakarak \u0130stanbul Belediye Konservatuar&#8217;\u0131na girdi. Kenter Tiyatrosu ve Dormen Tiyatrosu\u2019nun kadrolar\u0131nda yer ald\u0131. \u00c7e\u015fitli dizi ve filmlerde oynayan \u00d6zya\u011fc\u0131lar\u2019\u0131n sevilen dizileri \u201cElveda Rumeli\u201d, \u201cBizimkiler\u201d, \u201cYabanc\u0131 Damat\u201d gibi isimli dizileri y\u0131llar ge\u00e7se de sevilen diziler aras\u0131nda yer al\u0131yor.<\/p>\n<p><img loading=\"lazy\" decoding=\"async\" class=\"wp-image-129938\" src=\"https:\/\/www.tgrthaber.com\/mavikadin\/wp-content\/uploads\/gonul-dagi-1-1-1024x576.jpg\" alt=\"g\u00f6n\u00fcl da\u011f\u0131 \" width=\"1208\" height=\"680\" title=\"\" srcset=\"https:\/\/www.tgrthaber.com\/mavikadin\/wp-content\/uploads\/gonul-dagi-1-1-1024x576.jpg 1024w, https:\/\/www.tgrthaber.com\/mavikadin\/wp-content\/uploads\/gonul-dagi-1-1-300x169.jpg 300w, https:\/\/www.tgrthaber.com\/mavikadin\/wp-content\/uploads\/gonul-dagi-1-1-768x432.jpg 768w, https:\/\/www.tgrthaber.com\/mavikadin\/wp-content\/uploads\/gonul-dagi-1-1-1536x864.jpg 1536w, https:\/\/www.tgrthaber.com\/mavikadin\/wp-content\/uploads\/gonul-dagi-1-1.jpg 1600w\" sizes=\"(max-width: 1208px) 100vw, 1208px\" \/><\/p>\n<hr \/>\n<h3><strong>G\u00d6N\u00dcL DA\u011eI S\u00dcLEYMAN K\u0130MD\u0130R? <\/strong><\/h3>\n<p>TRT 1 ekranlar\u0131n\u0131n sevilen yap\u0131mlar\u0131ndan olan G\u00f6n\u00fcl Da\u011f\u0131 dizisi her cumartesi izleyicisiyle bulu\u015fuyor. G\u00fc\u00e7l\u00fc oyuncu ve senaryosuyla dikkat \u00e7eken diziye yeni bir karakter daha geliyor. Ba\u015far\u0131l\u0131 projeye \u201cS\u00fcleyman\u201d karakteri ile Erdal \u00d6zya\u011fc\u0131lar dizeye dahil oluyor. \u00d6zya\u011fc\u0131lar\u2019\u0131n \u201cCirit\u00e7i Abdullah\u2019\u0131n abisi rol\u00fcn\u00fc oynayaca\u011f\u0131 s\u00f6yleniyor. Diziye en son \u201cH\u00fcseyin\u201d karakterini oynayan Erdal Cindoruk veda etmi\u015fti.<\/p>\n<p><img loading=\"lazy\" decoding=\"async\" class=\"wp-image-129942\" src=\"https:\/\/www.tgrthaber.com\/mavikadin\/wp-content\/uploads\/gonul-dagi-2-2-1024x576.jpg\" alt=\"g\u00f6n\u00fcl da\u011f\u0131 \" width=\"1208\" height=\"680\" title=\"\" srcset=\"https:\/\/www.tgrthaber.com\/mavikadin\/wp-content\/uploads\/gonul-dagi-2-2-1024x576.jpg 1024w, https:\/\/www.tgrthaber.com\/mavikadin\/wp-content\/uploads\/gonul-dagi-2-2-300x169.jpg 300w, https:\/\/www.tgrthaber.com\/mavikadin\/wp-content\/uploads\/gonul-dagi-2-2-768x432.jpg 768w, https:\/\/www.tgrthaber.com\/mavikadin\/wp-content\/uploads\/gonul-dagi-2-2-1536x864.jpg 1536w, https:\/\/www.tgrthaber.com\/mavikadin\/wp-content\/uploads\/gonul-dagi-2-2.jpg 1600w\" sizes=\"(max-width: 1208px) 100vw, 1208px\" \/><\/p>\n<hr \/>\n<h3><strong>S\u00dcLEYMAN KARAKTER\u0130 D\u0130Z\u0130Y\u0130 NASIL ETLK\u0130LEYECEK?<\/strong><\/h3>\n<p>\u201cS\u00fcleyman\u201d karakteri Cirit\u00e7i Abdullah\u2019\u0131n karde\u015fi olarak diziye kat\u0131l\u0131yor. Gerilim ve duygu dolu sahnelerle S\u00fcleyman\u2019\u0131n, aile i\u00e7i \u00e7at\u0131\u015fmalardan k\u00f6y ya\u015fam\u0131n\u0131n zorluklar\u0131na kadar pek \u00e7ok kilit rol de oynayacak. Dizinin \u00e7ekimleri ise Eski\u015fehir\u2019de \u00e7ekilmeye devam ediyor.<\/p>\n","protected":false},"excerpt":{"rendered":"<p>TRT 1 ekranlar\u0131n\u0131n sevilen dizilerinden olan G\u00f6n\u00fcl Da\u011f\u0131 dizisine rolleriyle haf\u0131zalara kaz\u0131nan Erdal \u00d6zya\u011fc\u0131lar kat\u0131ld\u0131. \u00d6zya\u011fc\u0131lar \u201cS\u00fcleyman\u201d karakteri ile seyirci kar\u015f\u0131s\u0131na \u00e7\u0131kacak. Peki, S\u00fcleyman karakteri kim, diziyi nas\u0131l bir etkileyecek? Merak edilenler ve daha fazlas\u0131 haberimizde\u2026 TRT 1\u2019 in sevilen dizisi G\u00f6n\u00fcl Da\u011f\u0131\u2019na s\u00fcrpriz bir karakter daha izleyenlere merhaba diyecek. 5 sezon boyunca izleyicileri ekran [&hellip;]<\/p>\n","protected":false},"author":34,"featured_media":129936,"comment_status":"closed","ping_status":"closed","sticky":false,"template":"","format":"standard","meta":{"rank_math_lock_modified_date":false,"footnotes":""},"categories":[602],"tags":[3687,10035,9027],"class_list":["post-129924","post","type-post","status-publish","format-standard","has-post-thumbnail","hentry","category-diziler","tag-gonul-dagi","tag-gonul-dagi-suleyman-erdal-ozyagcilar","tag-gonul-dagi-yeni-bolum"],"_links":{"self":[{"href":"https:\/\/www.tgrthaber.com\/mavikadin\/wp-json\/wp\/v2\/posts\/129924"}],"collection":[{"href":"https:\/\/www.tgrthaber.com\/mavikadin\/wp-json\/wp\/v2\/posts"}],"about":[{"href":"https:\/\/www.tgrthaber.com\/mavikadin\/wp-json\/wp\/v2\/types\/post"}],"author":[{"embeddable":true,"href":"https:\/\/www.tgrthaber.com\/mavikadin\/wp-json\/wp\/v2\/users\/34"}],"replies":[{"embeddable":true,"href":"https:\/\/www.tgrthaber.com\/mavikadin\/wp-json\/wp\/v2\/comments?post=129924"}],"version-history":[{"count":1,"href":"https:\/\/www.tgrthaber.com\/mavikadin\/wp-json\/wp\/v2\/posts\/129924\/revisions"}],"predecessor-version":[{"id":129945,"href":"https:\/\/www.tgrthaber.com\/mavikadin\/wp-json\/wp\/v2\/posts\/129924\/revisions\/129945"}],"wp:featuredmedia":[{"embeddable":true,"href":"https:\/\/www.tgrthaber.com\/mavikadin\/wp-json\/wp\/v2\/media\/129936"}],"wp:attachment":[{"href":"https:\/\/www.tgrthaber.com\/mavikadin\/wp-json\/wp\/v2\/media?parent=129924"}],"wp:term":[{"taxonomy":"category","embeddable":true,"href":"https:\/\/www.tgrthaber.com\/mavikadin\/wp-json\/wp\/v2\/categories?post=129924"},{"taxonomy":"post_tag","embeddable":true,"href":"https:\/\/www.tgrthaber.com\/mavikadin\/wp-json\/wp\/v2\/tags?post=129924"}],"curies":[{"name":"wp","href":"https:\/\/api.w.org\/{rel}","templated":true}]}}