{"id":129988,"date":"2025-02-06T11:27:59","date_gmt":"2025-02-06T08:27:59","guid":{"rendered":"https:\/\/www.tgrthaber.com\/mavikadin\/?p=129988"},"modified":"2025-02-06T11:31:47","modified_gmt":"2025-02-06T08:31:47","slug":"bahar-dizisi-kamera-arkasi-goruntuler-guldurdu","status":"publish","type":"post","link":"https:\/\/www.tgrthaber.com\/mavikadin\/bahar-dizisi-kamera-arkasi-goruntuler-guldurdu\/","title":{"rendered":"Bahar dizisi kamera arkas\u0131 g\u00f6r\u00fcnt\u00fcler g\u00fcld\u00fcrd\u00fc! Hastanede komik anlar ya\u015fand\u0131"},"content":{"rendered":"<p>Bahar dizisinde kamera arkas\u0131 g\u00f6r\u00fcnt\u00fcler sosyal medyada g\u00fcndem oldu. Dizide Bahar\u2019\u0131n annesi G\u00fcl\u00e7i\u00e7ek&#8217;in ak\u0131beti merak edilirken &#8220;Bahar&#8217;\u0131n annesi G\u00fcl\u00e7i\u00e7ek \u00f6ld\u00fc m\u00fc?,<\/p>\n<p>Bahar dizisi F\u00fcsun Demirel diziden ayr\u0131lacak m\u0131?, G\u00fcl\u00e7i\u00e7ek Han\u0131m&#8217;a ne oldu?&#8221; gibi sorular g\u00fcndem oldu.<\/p>\n<h3>BAHAR D\u0130Z\u0130S\u0130 KAMERA ARKASI G\u00d6R\u00dcNT\u00dcLER G\u00dcNDEM OLDU<\/h3>\n<p>Bahar dizisinde kamera arkas\u0131 g\u00f6r\u00fcnt\u00fcler g\u00fcl\u00fcmsetti. Bahar ve Evren\u2019in hastanede \u00e7ekilen bir sahnesinde komik anlar ya\u015fand\u0131. \u0130zleyiciyi ekranlara kilitleyen dizide Bahar ve Timur karantinaya al\u0131nd\u0131.<\/p>\n<div style=\"width: 576px;\" class=\"wp-video\"><!--[if lt IE 9]><script>document.createElement('video');<\/script><![endif]-->\n<video class=\"wp-video-shortcode\" id=\"video-129988-1\" width=\"576\" height=\"1024\" preload=\"metadata\" controls=\"controls\"><source type=\"video\/mp4\" src=\"https:\/\/www.tgrthaber.com\/mavikadin\/wp-content\/uploads\/Bahar-dizisi-1.mp4?_=1\" \/><a href=\"https:\/\/www.tgrthaber.com\/mavikadin\/wp-content\/uploads\/Bahar-dizisi-1.mp4\">https:\/\/www.tgrthaber.com\/mavikadin\/wp-content\/uploads\/Bahar-dizisi-1.mp4<\/a><\/video><\/div>\n<hr \/>\n<p>Di\u011fer yandan G\u00fcl\u00e7i\u00e7ek Han\u0131m&#8217;\u0131n yere y\u0131\u011f\u0131larak kalp krizi ge\u00e7irmesi ayr\u0131 bir olay oldu. Kalp krizi ge\u00e7irdi\u011fi d\u00fc\u015f\u00fcn\u00fclen G\u00fcl\u00e7i\u00e7ek\u2019e oldu\u011fu yerde kalp masaj\u0131 yap\u0131ld\u0131.<\/p>\n<h3>BAHAR\u2019IN ANNES\u0130 G\u00dcL\u00c7\u0130\u00c7EK \u00d6L\u00dcYOR MU?<\/h3>\n<p>Bahar\u2019da G\u00fcl\u00e7i\u00e7ek karakterinin diziye veda edip etmeyece\u011fi merak ediliyor.<\/p>\n<p><img loading=\"lazy\" decoding=\"async\" class=\"alignnone wp-image-129990\" src=\"https:\/\/www.tgrthaber.com\/mavikadin\/wp-content\/uploads\/Bahar-dizisi-1.jpg\" alt=\"\" width=\"1208\" height=\"680\" title=\"\" srcset=\"https:\/\/www.tgrthaber.com\/mavikadin\/wp-content\/uploads\/Bahar-dizisi-1.jpg 1920w, https:\/\/www.tgrthaber.com\/mavikadin\/wp-content\/uploads\/Bahar-dizisi-1-300x169.jpg 300w, https:\/\/www.tgrthaber.com\/mavikadin\/wp-content\/uploads\/Bahar-dizisi-1-1024x576.jpg 1024w, https:\/\/www.tgrthaber.com\/mavikadin\/wp-content\/uploads\/Bahar-dizisi-1-768x432.jpg 768w, https:\/\/www.tgrthaber.com\/mavikadin\/wp-content\/uploads\/Bahar-dizisi-1-1536x864.jpg 1536w\" sizes=\"(max-width: 1208px) 100vw, 1208px\" \/><\/p>\n<hr \/>\n<h3>BAHAR D\u0130Z\u0130S\u0130 G\u00dcL\u00c7\u0130\u00c7EK\u2019E NE OLDU?<\/h3>\n<p>Kalp krizi ge\u00e7iren Bahar\u2019\u0131n annesi G\u00fcl\u00e7i\u00e7ek\u2019e ne olaca\u011f\u0131 hen\u00fcz bilinmiyor.<\/p>\n<p><img loading=\"lazy\" decoding=\"async\" class=\"alignnone wp-image-129993\" src=\"https:\/\/www.tgrthaber.com\/mavikadin\/wp-content\/uploads\/Bahar-7.jpg\" alt=\"\" width=\"1208\" height=\"680\" title=\"\" srcset=\"https:\/\/www.tgrthaber.com\/mavikadin\/wp-content\/uploads\/Bahar-7.jpg 1920w, https:\/\/www.tgrthaber.com\/mavikadin\/wp-content\/uploads\/Bahar-7-300x169.jpg 300w, https:\/\/www.tgrthaber.com\/mavikadin\/wp-content\/uploads\/Bahar-7-1024x576.jpg 1024w, https:\/\/www.tgrthaber.com\/mavikadin\/wp-content\/uploads\/Bahar-7-768x432.jpg 768w, https:\/\/www.tgrthaber.com\/mavikadin\/wp-content\/uploads\/Bahar-7-1536x864.jpg 1536w\" sizes=\"(max-width: 1208px) 100vw, 1208px\" \/><\/p>\n<hr \/>\n<h3>BAHAR D\u0130Z\u0130S\u0130 OYUNCULARI<\/h3>\n<p>Ba\u015frolleri Demet Evgar, Bu\u011fra G\u00fclsoy ve Mehmet Y\u0131lmaz Ak\u2019\u0131n payla\u015ft\u0131\u011f\u0131 Bahar dizisinde F\u00fcsun Demirel, Ecem \u00d6zkaya, Elit Anda\u00e7 \u00c7am, Demirhan Demircio\u011flu, Nil Sude Albayrak, Sena Kal\u0131p, Alisa Sezen Sever ve Hatice Aslan yer al\u0131yor.<\/p>\n<p>&nbsp;<\/p>\n","protected":false},"excerpt":{"rendered":"<p>Bahar dizisinde kamera arkas\u0131 g\u00f6r\u00fcnt\u00fcler g\u00fcld\u00fcrd\u00fc. Ekranlar\u0131n sevilen dizisinde Bahar\u2019\u0131n annesi rol\u00fcndeki G\u00fcl\u00e7i\u00e7ek kalp krizi ge\u00e7irince izleyicinin de gerilim duygusu zirveye \u00e7\u0131kt\u0131.<\/p>\n","protected":false},"author":5,"featured_media":129991,"comment_status":"closed","ping_status":"closed","sticky":false,"template":"","format":"standard","meta":{"rank_math_lock_modified_date":false,"footnotes":""},"categories":[602],"tags":[2452,9938,2628],"class_list":["post-129988","post","type-post","status-publish","format-standard","has-post-thumbnail","hentry","category-diziler","tag-bahar-dizisi","tag-bahar-gulcicek","tag-dizi-haberleri"],"_links":{"self":[{"href":"https:\/\/www.tgrthaber.com\/mavikadin\/wp-json\/wp\/v2\/posts\/129988"}],"collection":[{"href":"https:\/\/www.tgrthaber.com\/mavikadin\/wp-json\/wp\/v2\/posts"}],"about":[{"href":"https:\/\/www.tgrthaber.com\/mavikadin\/wp-json\/wp\/v2\/types\/post"}],"author":[{"embeddable":true,"href":"https:\/\/www.tgrthaber.com\/mavikadin\/wp-json\/wp\/v2\/users\/5"}],"replies":[{"embeddable":true,"href":"https:\/\/www.tgrthaber.com\/mavikadin\/wp-json\/wp\/v2\/comments?post=129988"}],"version-history":[{"count":3,"href":"https:\/\/www.tgrthaber.com\/mavikadin\/wp-json\/wp\/v2\/posts\/129988\/revisions"}],"predecessor-version":[{"id":129996,"href":"https:\/\/www.tgrthaber.com\/mavikadin\/wp-json\/wp\/v2\/posts\/129988\/revisions\/129996"}],"wp:featuredmedia":[{"embeddable":true,"href":"https:\/\/www.tgrthaber.com\/mavikadin\/wp-json\/wp\/v2\/media\/129991"}],"wp:attachment":[{"href":"https:\/\/www.tgrthaber.com\/mavikadin\/wp-json\/wp\/v2\/media?parent=129988"}],"wp:term":[{"taxonomy":"category","embeddable":true,"href":"https:\/\/www.tgrthaber.com\/mavikadin\/wp-json\/wp\/v2\/categories?post=129988"},{"taxonomy":"post_tag","embeddable":true,"href":"https:\/\/www.tgrthaber.com\/mavikadin\/wp-json\/wp\/v2\/tags?post=129988"}],"curies":[{"name":"wp","href":"https:\/\/api.w.org\/{rel}","templated":true}]}}