{"id":129992,"date":"2025-02-06T11:52:04","date_gmt":"2025-02-06T08:52:04","guid":{"rendered":"https:\/\/www.tgrthaber.com\/mavikadin\/?p=129992"},"modified":"2025-02-06T12:29:44","modified_gmt":"2025-02-06T09:29:44","slug":"binbir-gece-masallari-konusu-ne-nerede-yayinlanacak-1001-gece-masallarinda-dev-kadro","status":"publish","type":"post","link":"https:\/\/www.tgrthaber.com\/mavikadin\/binbir-gece-masallari-konusu-ne-nerede-yayinlanacak-1001-gece-masallarinda-dev-kadro\/","title":{"rendered":"Binbir Gece Masallar\u0131 konusu ne, nerede yay\u0131nlanacak? 1001 Gece Masallar\u0131\u2019nda dev kadro"},"content":{"rendered":"<p>\u0130brahim \u00c7elikkol\u2019un \u015eehriyar, Cansu Dere\u2019nin \u015eehrazat rol\u00fcn\u00fc oynayaca\u011f\u0131 Binbir Gece Masallar\u0131 dizisi izleyiciyle bulu\u015fmaya haz\u0131rlan\u0131yor. Kurulu\u015f Osman, Dirili\u015f Ertu\u011frul gibi dizilerin yap\u0131mlar\u0131n\u0131 \u00fcstlenen Bozda\u011f Film\u2019in yeni dizisi Binbir Gece Masallar\u0131 olacak. Peki, Binbir Gece Masallar\u0131 konusu ne, nerede yay\u0131nlanacak?<\/p>\n<h3>1001 GECE MASALLARI\u2019NDA DEV KADRO<\/h3>\n<p>Plato kurulumunun yap\u0131ld\u0131\u011f\u0131 dizinin oyuncu kadrosu da netle\u015fmeye ba\u015flad\u0131. Ba\u015frollerinde Cansu Dere ve \u0130brahim \u00c7elikkol\u2019un yer alaca\u011f\u0131 diziye Yunus karakteriyle R\u00fczgar Aksoy\u2019un dahil olaca\u011f\u0131 a\u00e7\u0131klanm\u0131\u015ft\u0131. \u0130zleyiciyle bulu\u015fmas\u0131na say\u0131l\u0131 zamanlar kalan Binbir Gece Masallar\u0131\u2019na dahil olacak yeni isimler de belli olmaya ba\u015flad\u0131.<\/p>\n<p>\u015eehriyar karakterini \u0130brahim \u00c7elikkol\u2019un, \u015eehrazat karakterini Cansu Dere\u2019nin ve Yunus karakterini R\u00fczgar Aksoy\u2019un oynayaca\u011f\u0131 Binbir Gece Masallar\u0131\u2019na yeni isimler dahil oldu.<\/p>\n<p><img loading=\"lazy\" decoding=\"async\" class=\"alignnone wp-image-130019\" src=\"https:\/\/www.tgrthaber.com\/mavikadin\/wp-content\/uploads\/osman-hakan-senem-300x169.jpg\" alt=\"\" width=\"1280\" height=\"720\" title=\"\" srcset=\"https:\/\/www.tgrthaber.com\/mavikadin\/wp-content\/uploads\/osman-hakan-senem-300x169.jpg 300w, https:\/\/www.tgrthaber.com\/mavikadin\/wp-content\/uploads\/osman-hakan-senem-1024x576.jpg 1024w, https:\/\/www.tgrthaber.com\/mavikadin\/wp-content\/uploads\/osman-hakan-senem-768x432.jpg 768w, https:\/\/www.tgrthaber.com\/mavikadin\/wp-content\/uploads\/osman-hakan-senem.jpg 1280w\" sizes=\"(max-width: 1280px) 100vw, 1280px\" \/><\/p>\n<hr \/>\n<p>&nbsp;<\/p>\n<p>Gazeteci Birsen Altunta\u015f\u2019\u0131n haberine g\u00f6re; dizide yer alacak \u00fcnl\u00fc isimlerin oynayaca\u011f\u0131 karakterler de netle\u015fti. Buna g\u00f6re; usta oyuncu Osman Akka\u015f \u201cK\u00f6r Masalc\u0131 Sahir\u201di, Erdem Kaynarca \u201cHubeyb\u201di, Sevin\u00e7 K\u0131ranl\u0131 \u201cS\u00fcheyla\u201dy\u0131, Nazl\u0131 Senem \u00dcnal \u201cAzimet\u201di, Hakan Vanl\u0131 \u201cFerhad\u201d\u0131 ve Selin T\u00fcrkmen \u201cD\u00fcnyazad\u201d\u0131 oynayacak.<\/p>\n<p>Toplam 30 b\u00f6l\u00fcmden olu\u015facak dizide, destans\u0131 bir hikayenin izleyiciyle bulu\u015faca\u011f\u0131 \u00f6n g\u00f6r\u00fcl\u00fcyor.<\/p>\n<p>&nbsp;<\/p>\n<h3>B\u0130NB\u0130R GECE MASALLARI KONUSU NE?<\/h3>\n<p>\u0130hanet ile sars\u0131lan bir evlilik s\u00fcrecinden ge\u00e7en \u015eehriyar\u2019\u0131n t\u00fcm g\u00fcveni alt \u00fcst olmu\u015ftur. Kar\u015f\u0131la\u015ft\u0131\u011f\u0131 ki\u015filerle g\u00fcven ba\u011f\u0131 kurma konusunda sorunlar ya\u015fayan \u015eehriyar\u2019\u0131n kar\u015f\u0131s\u0131na \u015eehrazat \u00e7\u0131kar ve t\u00fcm hikaye yeniden ba\u015flar. Cansu Dere\u2019nin oynad\u0131\u011f\u0131 \u015eehrazat, \u0130brahim \u00c7elikkol\u2019un oynad\u0131\u011f\u0131 \u015eehriyar\u2019\u0131n hayata bak\u0131\u015f\u0131n\u0131 de\u011fi\u015ftirecek, anlatt\u0131\u011f\u0131 masallarla \u015eehriyar\u2019\u0131 iyile\u015ftirecektir.<\/p>\n<p>\u015eehrazat\u2019a a\u015f\u0131k olan ve R\u00fczgar Aksoy\u2019un oynayaca\u011f\u0131 Yunus, \u015eehriyar\u2019\u0131n en b\u00fcy\u00fck d\u00fc\u015fmanlar\u0131ndan biri olarak izleyicinin kar\u015f\u0131s\u0131na \u00e7\u0131kacak.<\/p>\n<p><img loading=\"lazy\" decoding=\"async\" class=\"alignnone wp-image-130020\" src=\"https:\/\/www.tgrthaber.com\/mavikadin\/wp-content\/uploads\/selin-sevinc-erdem-300x169.jpg\" alt=\"\" width=\"1280\" height=\"720\" title=\"\" srcset=\"https:\/\/www.tgrthaber.com\/mavikadin\/wp-content\/uploads\/selin-sevinc-erdem-300x169.jpg 300w, https:\/\/www.tgrthaber.com\/mavikadin\/wp-content\/uploads\/selin-sevinc-erdem-1024x576.jpg 1024w, https:\/\/www.tgrthaber.com\/mavikadin\/wp-content\/uploads\/selin-sevinc-erdem-768x432.jpg 768w, https:\/\/www.tgrthaber.com\/mavikadin\/wp-content\/uploads\/selin-sevinc-erdem.jpg 1280w\" sizes=\"(max-width: 1280px) 100vw, 1280px\" \/><\/p>\n<hr \/>\n<h3>B\u0130NB\u0130R GECE MASALLARI NEREDE YAYIMLANACAK?<\/h3>\n<p>Oyuncu kadrosunun netle\u015fmeye ba\u015flad\u0131\u011f\u0131 destans\u0131 ser\u00fcven Binbir Gece Masallar\u0131\u2019n\u0131n hangi platformda yay\u0131mlanaca\u011f\u0131 da belli oldu. TRT\u2019nin dijital platformu tabii\u2019de yay\u0131mlanacak dizi toplamda 30 b\u00f6l\u00fcmden olu\u015facak. Uzun s\u00fcredir ekranlarda g\u00f6r\u00fcnmeyen Cansu Dere\u2019nin Binbir Gece Masallar\u0131\u2019ndaki rol\u00fc izleyicileri heyecanland\u0131rd\u0131.<\/p>\n","protected":false},"excerpt":{"rendered":"<p>Cansu Dere ve \u0130brahim \u00c7elikkol\u2019un ba\u015frollerini payla\u015faca\u011f\u0131, Bozda\u011f Film imzal\u0131 Binbir Gece Masallar\u0131, izleyici kar\u015f\u0131s\u0131na \u00e7\u0131kmaya haz\u0131rlan\u0131yor. \u00c7ekimleri i\u00e7in platonun haz\u0131rlad\u0131\u011f\u0131 dizinin oyuncu kadrosu netle\u015fmeye ba\u015flad\u0131. Binbir Gece Masallar\u0131\u2019n\u0131n oyuncu kadrosunda kimler var? Binbir Gece Masallar\u0131 konusu ne? Nerede yay\u0131mlanacak?<\/p>\n","protected":false},"author":33,"featured_media":130018,"comment_status":"closed","ping_status":"closed","sticky":false,"template":"","format":"standard","meta":{"rank_math_lock_modified_date":false,"footnotes":""},"categories":[602],"tags":[10064,10063,10062],"class_list":["post-129992","post","type-post","status-publish","format-standard","has-post-thumbnail","hentry","category-diziler","tag-binbir-gece-masallari-hangi-kanalda","tag-binbir-gece-masallari-ne-zaman-yayinlanacak","tag-binbir-gece-masallari-oyunculari-kim"],"_links":{"self":[{"href":"https:\/\/www.tgrthaber.com\/mavikadin\/wp-json\/wp\/v2\/posts\/129992"}],"collection":[{"href":"https:\/\/www.tgrthaber.com\/mavikadin\/wp-json\/wp\/v2\/posts"}],"about":[{"href":"https:\/\/www.tgrthaber.com\/mavikadin\/wp-json\/wp\/v2\/types\/post"}],"author":[{"embeddable":true,"href":"https:\/\/www.tgrthaber.com\/mavikadin\/wp-json\/wp\/v2\/users\/33"}],"replies":[{"embeddable":true,"href":"https:\/\/www.tgrthaber.com\/mavikadin\/wp-json\/wp\/v2\/comments?post=129992"}],"version-history":[{"count":1,"href":"https:\/\/www.tgrthaber.com\/mavikadin\/wp-json\/wp\/v2\/posts\/129992\/revisions"}],"predecessor-version":[{"id":130024,"href":"https:\/\/www.tgrthaber.com\/mavikadin\/wp-json\/wp\/v2\/posts\/129992\/revisions\/130024"}],"wp:featuredmedia":[{"embeddable":true,"href":"https:\/\/www.tgrthaber.com\/mavikadin\/wp-json\/wp\/v2\/media\/130018"}],"wp:attachment":[{"href":"https:\/\/www.tgrthaber.com\/mavikadin\/wp-json\/wp\/v2\/media?parent=129992"}],"wp:term":[{"taxonomy":"category","embeddable":true,"href":"https:\/\/www.tgrthaber.com\/mavikadin\/wp-json\/wp\/v2\/categories?post=129992"},{"taxonomy":"post_tag","embeddable":true,"href":"https:\/\/www.tgrthaber.com\/mavikadin\/wp-json\/wp\/v2\/tags?post=129992"}],"curies":[{"name":"wp","href":"https:\/\/api.w.org\/{rel}","templated":true}]}}