{"id":130120,"date":"2025-02-06T15:38:11","date_gmt":"2025-02-06T12:38:11","guid":{"rendered":"https:\/\/www.tgrthaber.com\/mavikadin\/?p=130120"},"modified":"2025-02-06T15:38:12","modified_gmt":"2025-02-06T12:38:12","slug":"gupse-ozay-hande-erceli-kiskaniyor-mu-esi-baris-arducla-basrolde","status":"publish","type":"post","link":"https:\/\/www.tgrthaber.com\/mavikadin\/gupse-ozay-hande-erceli-kiskaniyor-mu-esi-baris-arducla-basrolde\/","title":{"rendered":"Gupse \u00d6zay Hande Er\u00e7el&#8217;i k\u0131skan\u0131yor mu? E\u015fi Bar\u0131\u015f Ardu\u00e7&#8217;la ba\u015frolde"},"content":{"rendered":"<p>Bar\u0131\u015f Ardu\u00e7 ve Hande Er\u00e7el&#8217;in ba\u015frollerini payla\u015ft\u0131\u011f\u0131\u00a0 R\u00fczgara B\u0131rak filmi, vizyona girmeden hem hikayesiyle hem de oyuncu kadrosuyla g\u00fcndeme girdi. Gupse \u00d6zay e\u015fi Bar\u0131\u015f Ardu\u00e7&#8217;un Hande Er\u00e7el&#8217;le ba\u015frol\u00fc payla\u015fmas\u0131 \u00fczerine muhabirlerden gelen sorulara dikkat \u00e7ekici bir yan\u0131t verdi. Bar\u0131\u015f Ardu\u00e7&#8217;un k\u0131skan\u0131p k\u0131skan\u0131lmad\u0131\u011f\u0131 merak konusu oldu.<\/p>\n<h3>GUPSE \u00d6ZAYDAN KISKAN\u00c7LIK SORULARINA YANIT<\/h3>\n<p>\u00dcnl\u00fc oyuncu ve senarist Gupse \u00d6zay, magazinciler taraf\u0131ndan ona y\u00f6neltilen k\u0131skan\u00e7l\u0131k sorular\u0131na esprili bir \u015fekilde yan\u0131t verdi. Gupse \u00d6zay: &#8221; Ka\u00e7 sene oldu art\u0131k&#8230; Geceleri uyku uyuyam\u0131yorum!&#8221; diyerek kahkaha att\u0131. Mizahi kimli\u011fiyle tan\u0131nan Gupse \u00d6zay&#8217;\u0131n verdi\u011fi cevap, e\u015fiyle birbirlerine olan g\u00fcveni g\u00f6zler \u00f6n\u00fcne serdi.<\/p>\n<p><img loading=\"lazy\" decoding=\"async\" class=\"alignnone wp-image-130147\" src=\"https:\/\/www.tgrthaber.com\/mavikadin\/wp-content\/uploads\/2-67.png\" alt=\"\" width=\"1208\" height=\"680\" title=\"\" srcset=\"https:\/\/www.tgrthaber.com\/mavikadin\/wp-content\/uploads\/2-67.png 1280w, https:\/\/www.tgrthaber.com\/mavikadin\/wp-content\/uploads\/2-67-300x169.png 300w, https:\/\/www.tgrthaber.com\/mavikadin\/wp-content\/uploads\/2-67-1024x576.png 1024w, https:\/\/www.tgrthaber.com\/mavikadin\/wp-content\/uploads\/2-67-768x432.png 768w\" sizes=\"(max-width: 1208px) 100vw, 1208px\" \/><\/p>\n<hr \/>\n<h3>BARI\u015e ARDU\u00c7 HANDE ER\u00c7EL HAKKINDA KONU\u015eTU<\/h3>\n<p>\u00d6te yandan Bar\u0131\u015f Ardu\u00e7, birlikte rol ald\u0131\u011f\u0131 Hande Er\u00e7el&#8217;in oyunculu\u011fu hakk\u0131nda olumlu konu\u015farak, ba\u015far\u0131s\u0131ndan bahsetti.<\/p>\n<p><img loading=\"lazy\" decoding=\"async\" class=\"alignnone wp-image-130148\" src=\"https:\/\/www.tgrthaber.com\/mavikadin\/wp-content\/uploads\/3-69.png\" alt=\"\" width=\"1208\" height=\"680\" title=\"\" srcset=\"https:\/\/www.tgrthaber.com\/mavikadin\/wp-content\/uploads\/3-69.png 1280w, https:\/\/www.tgrthaber.com\/mavikadin\/wp-content\/uploads\/3-69-300x169.png 300w, https:\/\/www.tgrthaber.com\/mavikadin\/wp-content\/uploads\/3-69-1024x576.png 1024w, https:\/\/www.tgrthaber.com\/mavikadin\/wp-content\/uploads\/3-69-768x432.png 768w\" sizes=\"(max-width: 1208px) 100vw, 1208px\" \/><\/p>\n<hr \/>\n<h3>R\u00dcZGARA BIRAK F\u0130LM\u0130N\u0130N KONUSU NED\u0130R?<\/h3>\n<p>Ba\u015frollerinde Hande Er\u00e7el ve Bar\u0131\u015f Ardu\u00e7&#8217;un rol ald\u0131\u011f\u0131 R\u00fczgara B\u0131rak filmi, senaryosu ve oyuncu kadrosuyla son g\u00fcnlerin merak edilenleri aras\u0131nda. Netflix&#8217;te yay\u0131mlanacak olan filmin \u00e7ekimleri hem \u0130stanbul&#8217;da hem de \u00c7e\u015fme&#8217;de \u00e7ekildi. Film, i\u015f d\u00fcnyas\u0131n\u0131n h\u0131rsl\u0131 CEO&#8217;su Asl\u0131 Mansoy (Hande Er\u00e7el) ile \u00c7e\u015fme&#8217;de s\u00f6rf okulu i\u015fleten Ege Yaz\u0131c\u0131&#8217;n\u0131n (Bar\u0131\u015f Ardu\u00e7) yollar\u0131n\u0131n kesi\u015fmesini anlat\u0131yor. Asl\u0131, \u015firketinin otel projesi i\u00e7in Ege&#8217;yi ikna etmeye \u00e7al\u0131\u015f\u0131rken aralar\u0131ndaki beklenmedik \u00e7ekimle i\u015fin seyri de\u011fi\u015fir. \u0130kilinin hayat\u0131n\u0131 de\u011fi\u015ftirecek kararlar almas\u0131na sebep olur. Film, a\u015fk\u0131 \u00e7at\u0131\u015fmay\u0131 ve ki\u015fisel ke\u015fifleri ele al\u0131yor. 14 \u015eubat&#8217;ta Netflix&#8217;te yay\u0131nlanmas\u0131 beklenen film i\u00e7in geri say\u0131m ba\u015flad\u0131.<\/p>\n<p><img loading=\"lazy\" decoding=\"async\" class=\"alignnone wp-image-130149\" src=\"https:\/\/www.tgrthaber.com\/mavikadin\/wp-content\/uploads\/4-51.png\" alt=\"\" width=\"1208\" height=\"680\" title=\"\" srcset=\"https:\/\/www.tgrthaber.com\/mavikadin\/wp-content\/uploads\/4-51.png 1280w, https:\/\/www.tgrthaber.com\/mavikadin\/wp-content\/uploads\/4-51-300x169.png 300w, https:\/\/www.tgrthaber.com\/mavikadin\/wp-content\/uploads\/4-51-1024x576.png 1024w, https:\/\/www.tgrthaber.com\/mavikadin\/wp-content\/uploads\/4-51-768x432.png 768w\" sizes=\"(max-width: 1208px) 100vw, 1208px\" \/><\/p>\n<hr \/>\n<h3>GUPSE \u00d6ZAY, BARU\u015e ARDU\u00c7 NE ZAMAN EVLEND\u0130?<\/h3>\n<p>Gupse \u00d6zay ve Bar\u0131\u015f Ardu\u00e7 \u00e7ifti uzun s\u00fcren beraberliklerinin ard\u0131ndan, ili\u015fkilerini evlilikle ta\u00e7land\u0131rd\u0131. Komedi setinde tan\u0131\u015f\u0131p ili\u015fki ya\u015famaya ba\u015flayan \u00e7ift, 29 Temmuz 2020 tarihinde \u00c7e\u015fme&#8217;de sade bir nikah t\u00f6reniyle evlendi. \u00d6zel hayatlar\u0131n\u0131 g\u00f6zlerden uzak ya\u015famay\u0131 tercih eden \u00e7iftin Jan Asya ad\u0131nda bir k\u0131zlar\u0131 var. 2022 y\u0131l\u0131nda d\u00fcnyaya gelen k\u0131zlar\u0131 \u015fu an 2 ya\u015f\u0131nda. Bar\u0131\u015f Ardu\u00e7&#8217;un k\u0131z\u0131n\u0131n 2. ya\u015f do\u011fum g\u00fcn\u00fcnde yapt\u0131\u011f\u0131 a\u00e7\u0131klamayla g\u00fcndeme gelmi\u015fti. Ardu\u00e7, &#8220;\u015eu anki tek g\u00f6revim babal\u0131k yapmak. B\u00f6yle bir mesai i\u00e7erisindeyim. Babal\u0131\u011f\u0131n tad\u0131n\u0131 \u00e7\u0131kar\u0131yorum.&#8221; a\u00e7\u0131klamalar\u0131nda bulunmu\u015ftu.<\/p>\n","protected":false},"excerpt":{"rendered":"<p>Bar\u0131\u015f Ardu\u00e7&#8217;un Hande Er\u00e7el&#8217;le ba\u015frollerini payla\u015ft\u0131\u011f\u0131 R\u00fczgara b\u0131rak filmi son g\u00fcnlerin merak edilenleri aras\u0131nda. Gupse \u00f6zay e\u015fi Bar\u0131\u015f Ardu\u00e7&#8217;un birlikte rol ald\u0131\u011f\u0131 Hande Er\u00e7el&#8217;\u0130 k\u0131skan\u0131p k\u0131skanmad\u0131\u011f\u0131 magazinciler taraf\u0131ndan ona y\u00f6neltildi. Verdi\u011fi cevaplarla dikkat \u00e7eken Gupse \u00d6zay&#8217;\u0131n soruya verdi\u011fi cevaplar haberimizde&#8230;<\/p>\n","protected":false},"author":28,"featured_media":130146,"comment_status":"closed","ping_status":"closed","sticky":false,"template":"","format":"standard","meta":{"rank_math_lock_modified_date":false,"footnotes":""},"categories":[76],"tags":[2392,8261,2391,2390],"class_list":["post-130120","post","type-post","status-publish","format-standard","has-post-thumbnail","hentry","category-magazin","tag-baris-arduc","tag-gupse-ozay","tag-hande-ercel","tag-ruzgara-birak"],"_links":{"self":[{"href":"https:\/\/www.tgrthaber.com\/mavikadin\/wp-json\/wp\/v2\/posts\/130120"}],"collection":[{"href":"https:\/\/www.tgrthaber.com\/mavikadin\/wp-json\/wp\/v2\/posts"}],"about":[{"href":"https:\/\/www.tgrthaber.com\/mavikadin\/wp-json\/wp\/v2\/types\/post"}],"author":[{"embeddable":true,"href":"https:\/\/www.tgrthaber.com\/mavikadin\/wp-json\/wp\/v2\/users\/28"}],"replies":[{"embeddable":true,"href":"https:\/\/www.tgrthaber.com\/mavikadin\/wp-json\/wp\/v2\/comments?post=130120"}],"version-history":[{"count":1,"href":"https:\/\/www.tgrthaber.com\/mavikadin\/wp-json\/wp\/v2\/posts\/130120\/revisions"}],"predecessor-version":[{"id":130151,"href":"https:\/\/www.tgrthaber.com\/mavikadin\/wp-json\/wp\/v2\/posts\/130120\/revisions\/130151"}],"wp:featuredmedia":[{"embeddable":true,"href":"https:\/\/www.tgrthaber.com\/mavikadin\/wp-json\/wp\/v2\/media\/130146"}],"wp:attachment":[{"href":"https:\/\/www.tgrthaber.com\/mavikadin\/wp-json\/wp\/v2\/media?parent=130120"}],"wp:term":[{"taxonomy":"category","embeddable":true,"href":"https:\/\/www.tgrthaber.com\/mavikadin\/wp-json\/wp\/v2\/categories?post=130120"},{"taxonomy":"post_tag","embeddable":true,"href":"https:\/\/www.tgrthaber.com\/mavikadin\/wp-json\/wp\/v2\/tags?post=130120"}],"curies":[{"name":"wp","href":"https:\/\/api.w.org\/{rel}","templated":true}]}}