{"id":130124,"date":"2025-02-06T15:12:55","date_gmt":"2025-02-06T12:12:55","guid":{"rendered":"https:\/\/www.tgrthaber.com\/mavikadin\/?p=130124"},"modified":"2025-02-06T15:14:20","modified_gmt":"2025-02-06T12:14:20","slug":"sila-turkoglu-kizilcik-serbeti-dizisindeki-doga-karakteri-hakkinda-konustu","status":"publish","type":"post","link":"https:\/\/www.tgrthaber.com\/mavikadin\/sila-turkoglu-kizilcik-serbeti-dizisindeki-doga-karakteri-hakkinda-konustu\/","title":{"rendered":"S\u0131la T\u00fcrko\u011flu K\u0131z\u0131lc\u0131k \u015eerbeti dizisindeki Do\u011fa karakteri hakk\u0131nda konu\u015ftu!"},"content":{"rendered":"<p>Show TV ekranlar\u0131n\u0131n b\u00fcy\u00fck bir ilgiyle takip edilen dizisi K\u0131z\u0131lc\u0131k \u015eerbeti\u2019nde Do\u011fa karakterini oynayan S\u0131la T\u00fcrko\u011flu, rol\u00fc hakk\u0131nda \u00e7e\u015fitli a\u00e7\u0131klamalarda bulundu. Her Cuma izleyici kar\u015f\u0131s\u0131na ge\u00e7en reyting rekortmeni dizide, S\u0131la T\u00fcrko\u011flu\u2019nun \u201cDo\u011fa\u201d karakteri hakk\u0131nda neler s\u00f6yledi\u011fi merak edildi. Peki, S\u0131la T\u00fcrko\u011flu K\u0131z\u0131lc\u0131k \u015eerbeti dizisindeki Do\u011fa karakteri hakk\u0131nda neler konu\u015ftu? \u0130\u015fte S\u0131la T\u00fcrko\u011flu\u2019nun Do\u011fa karakteri hakk\u0131nda a\u00e7\u0131klamalar\u0131\u2026<\/p>\n<hr \/>\n<h3>SILA T\u00dcRKO\u011eLU KIZILCIK \u015eERBET\u0130\u2019NDEK\u0130 DO\u011eA KARAKTER\u0130 HAKKINDA KONU\u015eTU!<\/h3>\n<p>Show TV ekranlar\u0131n\u0131n sevilen dizisi K\u0131z\u0131lc\u0131k \u015eerbeti\u2019nde Do\u011fa karakterini oynayan S\u0131la T\u00fcrko\u011flu, rol\u00fc hakk\u0131nda \u00e7e\u015fitli a\u00e7\u0131klamalarda bulundu. Elle T\u00fcrkiye dergisinin \u015eubat kapa\u011f\u0131na konuk olan S\u0131la T\u00fcrko\u011flu, oynad\u0131\u011f\u0131 \u201cDo\u011fa\u201d karakteri hakk\u0131nda konu\u015ftu.<\/p>\n<p><img loading=\"lazy\" decoding=\"async\" class=\"alignnone wp-image-130129\" src=\"https:\/\/www.tgrthaber.com\/mavikadin\/wp-content\/uploads\/Adsiz-tasarim-53-15-1024x576.jpg\" alt=\"S\u0131la T\u00fcrko\u011flu K\u0131z\u0131lc\u0131k \u015eerbeti dizisindeki Do\u011fa karakteri hakk\u0131nda konu\u015ftu! \" width=\"1208\" height=\"680\" title=\"\" srcset=\"https:\/\/www.tgrthaber.com\/mavikadin\/wp-content\/uploads\/Adsiz-tasarim-53-15-1024x576.jpg 1024w, https:\/\/www.tgrthaber.com\/mavikadin\/wp-content\/uploads\/Adsiz-tasarim-53-15-300x169.jpg 300w, https:\/\/www.tgrthaber.com\/mavikadin\/wp-content\/uploads\/Adsiz-tasarim-53-15-768x432.jpg 768w, https:\/\/www.tgrthaber.com\/mavikadin\/wp-content\/uploads\/Adsiz-tasarim-53-15-1536x864.jpg 1536w, https:\/\/www.tgrthaber.com\/mavikadin\/wp-content\/uploads\/Adsiz-tasarim-53-15.jpg 1600w\" sizes=\"(max-width: 1208px) 100vw, 1208px\" \/><\/p>\n<hr \/>\n<p>Elle T\u00fcrkiye dergisine verdi\u011fi r\u00f6portajda K\u0131z\u0131lc\u0131k \u015eerbeti dizisinde oynad\u0131\u011f\u0131 Do\u011fa karakteri hakk\u0131nda a\u00e7\u0131klamalarda bulunan T\u00fcrko\u011flu, \u201cBen Do\u011fa\u2019y\u0131 hep daha sakin bir yerden almay\u0131 tercih ettim. \u00c7evremden g\u00f6zlemledi\u011fim kadar\u0131yla, bir ailenin en b\u00fcy\u00fck bireyleri genelde duygular\u0131n\u0131 daha i\u00e7inde ya\u015fayan insanlar. Do\u011fa da herkesin yan\u0131nda ac\u0131s\u0131n\u0131, sevincini daha sakin ve kontroll\u00fc yans\u0131t\u0131r gibi geldi. \u0130kili ili\u015fkilerde verdi\u011fi tepkilerinde de hep toylu\u011funu vurgulamaya \u00e7al\u0131\u015ft\u0131m. Ancak anne olduktan sonra bamba\u015fka bir Do\u011fa ile tan\u0131\u015ft\u0131k. \u00c7ocu\u011funu her \u015feyin \u00f6n\u00fcne koyan, ne istedi\u011fini ve istemedi\u011fini bilen, daha net bir kad\u0131na evrildi.\u201d ifadelerine yer verdi.<\/p>\n<p><img loading=\"lazy\" decoding=\"async\" class=\"alignnone wp-image-130130\" src=\"https:\/\/www.tgrthaber.com\/mavikadin\/wp-content\/uploads\/Adsiz-tasarim-52-16-1024x576.jpg\" alt=\"S\u0131la T\u00fcrko\u011flu K\u0131z\u0131lc\u0131k \u015eerbeti dizisindeki Do\u011fa karakteri hakk\u0131nda konu\u015ftu! \" width=\"1208\" height=\"680\" title=\"\" srcset=\"https:\/\/www.tgrthaber.com\/mavikadin\/wp-content\/uploads\/Adsiz-tasarim-52-16-1024x576.jpg 1024w, https:\/\/www.tgrthaber.com\/mavikadin\/wp-content\/uploads\/Adsiz-tasarim-52-16-300x169.jpg 300w, https:\/\/www.tgrthaber.com\/mavikadin\/wp-content\/uploads\/Adsiz-tasarim-52-16-768x432.jpg 768w, https:\/\/www.tgrthaber.com\/mavikadin\/wp-content\/uploads\/Adsiz-tasarim-52-16-1536x864.jpg 1536w, https:\/\/www.tgrthaber.com\/mavikadin\/wp-content\/uploads\/Adsiz-tasarim-52-16.jpg 1600w\" sizes=\"(max-width: 1208px) 100vw, 1208px\" \/><\/p>\n<hr \/>\n<h3>\u201cBA\u015eARI BEN\u0130M \u0130\u00c7\u0130N H\u0130\u00c7 MATERYAL\u0130ST B\u0130R YERDE DE\u011e\u0130L\u201d<\/h3>\n<p>Daha \u00f6nce Kanal 7 ekranlar\u0131nda \u201cYemin\u201d dizisiyle izleyici kar\u015f\u0131s\u0131na \u00e7\u0131kan S\u0131la T\u00fcrko\u011flu, K\u0131z\u0131lc\u0131k \u015eerbeti\u2019ndeki \u201cDo\u011fa\u201d karakteriyle b\u00fcy\u00fck bir \u00fcn kazand\u0131 ve pop\u00fclerli\u011fini art\u0131rd\u0131. Do\u011fa karakteriyle ad\u0131ndan s\u0131k\u00e7a s\u00f6z ettiren ve y\u0131ld\u0131z\u0131 parlayan ba\u015far\u0131l\u0131 oyuncu Elle T\u00fcrkiye dergisine verdi\u011fi r\u00f6portajda ba\u015far\u0131n\u0131n kendisi i\u00e7in ne anlam ifade etti\u011fini de dile getirdi.<\/p>\n<p><img loading=\"lazy\" decoding=\"async\" class=\"alignnone wp-image-130132\" src=\"https:\/\/www.tgrthaber.com\/mavikadin\/wp-content\/uploads\/Adsiz-tasarim-51-13-1024x576.jpg\" alt=\"S\u0131la T\u00fcrko\u011flu K\u0131z\u0131lc\u0131k \u015eerbeti dizisindeki Do\u011fa karakteri hakk\u0131nda konu\u015ftu! \" width=\"1208\" height=\"680\" title=\"\" srcset=\"https:\/\/www.tgrthaber.com\/mavikadin\/wp-content\/uploads\/Adsiz-tasarim-51-13-1024x576.jpg 1024w, https:\/\/www.tgrthaber.com\/mavikadin\/wp-content\/uploads\/Adsiz-tasarim-51-13-300x169.jpg 300w, https:\/\/www.tgrthaber.com\/mavikadin\/wp-content\/uploads\/Adsiz-tasarim-51-13-768x432.jpg 768w, https:\/\/www.tgrthaber.com\/mavikadin\/wp-content\/uploads\/Adsiz-tasarim-51-13-1536x864.jpg 1536w, https:\/\/www.tgrthaber.com\/mavikadin\/wp-content\/uploads\/Adsiz-tasarim-51-13.jpg 1600w\" sizes=\"(max-width: 1208px) 100vw, 1208px\" \/><\/p>\n<hr \/>\n<p>Ba\u015far\u0131n\u0131n ve mutluluk kayna\u011f\u0131n\u0131n kendisi i\u00e7in ne anlam ifade etti\u011fini dile getiren S\u0131la T\u00fcrko\u011flu, \u201cBa\u015far\u0131 benim i\u00e7in hi\u00e7 materyalist bir yerde de\u011fil. Kendim mutluysam, birilerini mutlu edebiliyorsam yahut yapt\u0131\u011f\u0131m i\u015ften eminsem, i\u015fte o zaman kendimi ba\u015far\u0131l\u0131 hissediyorum. Tabii, eme\u011fimin kar\u015f\u0131l\u0131\u011f\u0131n\u0131 g\u00f6rmek de inan\u0131lmaz bir mutluluk kayna\u011f\u0131. \u015eansa inan\u0131r\u0131m ve \u015fans\u0131n kalbi temiz tutmaktan ge\u00e7ti\u011fine inan\u0131r\u0131m.\u201d ifadelerine yer verdi.<\/p>\n<h3>SILA T\u00dcRKO\u011eLU YEN\u0130 \u0130MAJIYLA D\u0130KKATLER\u0130 \u00dcZER\u0130NE \u00c7EKM\u0130\u015eT\u0130!<\/h3>\n<p>Son zamanlarda ba\u015far\u0131l\u0131 oyunculuk performans\u0131 ve a\u015fk hayat\u0131yla s\u0131k s\u0131k g\u00fcndeme gelen S\u0131la T\u00fcrko\u011flu, \u015fimdilerde yeni imaj\u0131yla dikkatleri \u00fczerine topluyor. Elle T\u00fcrkiye dergisinin kapak \u00e7ekimi i\u00e7in kamera kar\u015f\u0131s\u0131na ge\u00e7en T\u00fcrko\u011flu, ka\u015flar\u0131n\u0131 tamamen sar\u0131ya boyatarak radikal bir de\u011fi\u015fime imza att\u0131.<\/p>\n<p><img loading=\"lazy\" decoding=\"async\" class=\"alignnone wp-image-130137\" src=\"https:\/\/www.tgrthaber.com\/mavikadin\/wp-content\/uploads\/Adsiz-tasarim-50-17-1024x576.jpg\" alt=\"S\u0131la T\u00fcrko\u011flu K\u0131z\u0131lc\u0131k \u015eerbeti dizisindeki Do\u011fa karakteri hakk\u0131nda konu\u015ftu! \" width=\"1208\" height=\"680\" title=\"\" srcset=\"https:\/\/www.tgrthaber.com\/mavikadin\/wp-content\/uploads\/Adsiz-tasarim-50-17-1024x576.jpg 1024w, https:\/\/www.tgrthaber.com\/mavikadin\/wp-content\/uploads\/Adsiz-tasarim-50-17-300x169.jpg 300w, https:\/\/www.tgrthaber.com\/mavikadin\/wp-content\/uploads\/Adsiz-tasarim-50-17-768x432.jpg 768w, https:\/\/www.tgrthaber.com\/mavikadin\/wp-content\/uploads\/Adsiz-tasarim-50-17-1536x864.jpg 1536w, https:\/\/www.tgrthaber.com\/mavikadin\/wp-content\/uploads\/Adsiz-tasarim-50-17.jpg 1600w\" sizes=\"(max-width: 1208px) 100vw, 1208px\" \/><\/p>\n<hr \/>\n<p>Son d\u00f6nemlerde olduk\u00e7a pop\u00fcler olan sar\u0131 ka\u015f modas\u0131na uyum sa\u011flayan S\u0131la T\u00fcrko\u011flu, yeni imaj\u0131yla hayranlar\u0131n\u0131 \u015fa\u015fk\u0131na \u00e7evirdi. Sosyal medyada k\u0131sa s\u00fcrede g\u00fcndem olan T\u00fcrko\u011flu, magazin d\u00fcnyas\u0131n\u0131n g\u00fcndemine de bomba gibi oturdu. T\u00fcrko\u011flu\u2019nun baz\u0131 hayranlar\u0131 de\u011fi\u015fimini desteklerken baz\u0131lar\u0131 ise sert ele\u015ftirilerde bulundu.<\/p>\n","protected":false},"excerpt":{"rendered":"<p>K\u0131z\u0131lc\u0131k \u015eerbeti dizisinin sevilen oyuncusu S\u0131la T\u00fcrko\u011flu, oynad\u0131\u011f\u0131 Do\u011fa karakteri hakk\u0131nda a\u00e7\u0131klamalarda bulundu. Peki, S\u0131la T\u00fcrko\u011flu K\u0131z\u0131lc\u0131k \u015eerbeti dizisindeki Do\u011fa karakteri hakk\u0131nda neler s\u00f6yledi? \u0130\u015fte detaylar\u2026 <\/p>\n","protected":false},"author":26,"featured_media":130138,"comment_status":"closed","ping_status":"closed","sticky":false,"template":"","format":"standard","meta":{"rank_math_lock_modified_date":false,"footnotes":""},"categories":[76],"tags":[157,5056,2182],"class_list":["post-130124","post","type-post","status-publish","format-standard","has-post-thumbnail","hentry","category-magazin","tag-kizilcik-serbeti","tag-kizilcik-serbeti-doga","tag-sila-turkoglu"],"_links":{"self":[{"href":"https:\/\/www.tgrthaber.com\/mavikadin\/wp-json\/wp\/v2\/posts\/130124"}],"collection":[{"href":"https:\/\/www.tgrthaber.com\/mavikadin\/wp-json\/wp\/v2\/posts"}],"about":[{"href":"https:\/\/www.tgrthaber.com\/mavikadin\/wp-json\/wp\/v2\/types\/post"}],"author":[{"embeddable":true,"href":"https:\/\/www.tgrthaber.com\/mavikadin\/wp-json\/wp\/v2\/users\/26"}],"replies":[{"embeddable":true,"href":"https:\/\/www.tgrthaber.com\/mavikadin\/wp-json\/wp\/v2\/comments?post=130124"}],"version-history":[{"count":2,"href":"https:\/\/www.tgrthaber.com\/mavikadin\/wp-json\/wp\/v2\/posts\/130124\/revisions"}],"predecessor-version":[{"id":130140,"href":"https:\/\/www.tgrthaber.com\/mavikadin\/wp-json\/wp\/v2\/posts\/130124\/revisions\/130140"}],"wp:featuredmedia":[{"embeddable":true,"href":"https:\/\/www.tgrthaber.com\/mavikadin\/wp-json\/wp\/v2\/media\/130138"}],"wp:attachment":[{"href":"https:\/\/www.tgrthaber.com\/mavikadin\/wp-json\/wp\/v2\/media?parent=130124"}],"wp:term":[{"taxonomy":"category","embeddable":true,"href":"https:\/\/www.tgrthaber.com\/mavikadin\/wp-json\/wp\/v2\/categories?post=130124"},{"taxonomy":"post_tag","embeddable":true,"href":"https:\/\/www.tgrthaber.com\/mavikadin\/wp-json\/wp\/v2\/tags?post=130124"}],"curies":[{"name":"wp","href":"https:\/\/api.w.org\/{rel}","templated":true}]}}