{"id":130241,"date":"2025-02-06T21:49:40","date_gmt":"2025-02-06T18:49:40","guid":{"rendered":"https:\/\/www.tgrthaber.com\/mavikadin\/?p=130241"},"modified":"2025-02-07T00:10:00","modified_gmt":"2025-02-06T21:10:00","slug":"inci-taneleri-azemin-sirri-ne-azemin-karisini-olduren-kim-cocuklari-mi","status":"publish","type":"post","link":"https:\/\/www.tgrthaber.com\/mavikadin\/inci-taneleri-azemin-sirri-ne-azemin-karisini-olduren-kim-cocuklari-mi\/","title":{"rendered":"\u0130nci Taneleri Azem&#8217;in kar\u0131s\u0131n\u0131 kim, neden \u00f6ld\u00fcrd\u00fc? \u0130nci Taneleri Azem&#8217;in s\u0131rr\u0131 neydi?"},"content":{"rendered":"<p>Y\u0131lmaz Erdo\u011fan\u2019\u0131n Azem Y\u00fcceda\u011f karakterini oynad\u0131\u011f\u0131 \u0130nci Taneleri dizisi her per\u015fembe ekrana geliyor. Dizide ger\u00e7ekle\u015fen olaylar seyircinin ilgi ile takip etti\u011fi ba\u015fl\u0131klar aras\u0131nda yer al\u0131yor. Bu ak\u015fam yeni b\u00f6l\u00fcmde\u00a0 Azem\u2019in kar\u0131s\u0131n\u0131 kim \u00f6ld\u00fcrd\u00fc\u011f\u00fc netle\u015fiyor. Peki,\u0130nci Taneleri Azem&#8217;in kar\u0131s\u0131n\u0131 kim, neden \u00f6ld\u00fcrd\u00fc? \u0130nci Taneleri Azem&#8217;in s\u0131rr\u0131 neydi?<\/p>\n<h3>\u0130NC\u0130 TANELER\u0130 AZEM&#8217;\u0130N SIRRI NE?<\/h3>\n<p>\u0130nci Taneleri Azem&#8217;in s\u0131rr\u0131 ne? sorusu geceye damga vurdu. Ekranlar\u0131n fenomen dizilerinden biri olan \u0130nci Taneleri\u2019nde nefesler tutuldu. Her hafta izleyiciyi televizyon kar\u015f\u0131s\u0131na kilitleyen yap\u0131mda yeni olaylar heyecan\u0131 art\u0131r\u0131yor. Seyirciler neredeyse 1 y\u0131ld\u0131r bu an\u0131 bekliyordu. T\u00fcm T\u00fcrkiye&#8217;nin merakla bekledi\u011fi dizide s\u0131r perdesi Azem&#8217;in a\u00e7\u0131klamalar\u0131 ile son buluyor. S\u0131r bu ak\u015fam yay\u0131nlanan yeni b\u00f6l\u00fcmde netli\u011fe kavu\u015ftu.<\/p>\n<p><img loading=\"lazy\" decoding=\"async\" class=\"alignnone wp-image-130243\" src=\"https:\/\/www.tgrthaber.com\/mavikadin\/wp-content\/uploads\/WhatsApp-Image-2025-02-06-at-21.41.41-1-300x200.jpeg\" alt=\"\" width=\"1280\" height=\"853\" title=\"\" srcset=\"https:\/\/www.tgrthaber.com\/mavikadin\/wp-content\/uploads\/WhatsApp-Image-2025-02-06-at-21.41.41-1-300x200.jpeg 300w, https:\/\/www.tgrthaber.com\/mavikadin\/wp-content\/uploads\/WhatsApp-Image-2025-02-06-at-21.41.41-1-1024x683.jpeg 1024w, https:\/\/www.tgrthaber.com\/mavikadin\/wp-content\/uploads\/WhatsApp-Image-2025-02-06-at-21.41.41-1-768x512.jpeg 768w, https:\/\/www.tgrthaber.com\/mavikadin\/wp-content\/uploads\/WhatsApp-Image-2025-02-06-at-21.41.41-1.jpeg 1200w\" sizes=\"(max-width: 1280px) 100vw, 1280px\" \/><\/p>\n<hr \/>\n<h3>\u0130NC\u0130 TANELER\u0130 AZEM&#8217;\u0130N KARISINI K\u0130M, NEDEN \u00d6LD\u00dcRD\u00dc?<\/h3>\n<p>\u0130nci Taneleri dizisiyle ilgili ak\u0131llardaki b\u00fcy\u00fck soru i\u015faretlerinden biri Azem&#8217;in kar\u0131s\u0131n\u0131n kimin \u00f6ld\u00fcrd\u00fc\u011f\u00fc sorusuydu. Dizinin yay\u0131n hayat\u0131na ba\u015flad\u0131\u011f\u0131 g\u00fcnde bu yana \u00e7o\u011fu izleyicinin merakla takip etti\u011fi sorunun yeni b\u00f6l\u00fcmde ortaya \u00e7\u0131kt\u0131.<\/p>\n<p>Dizide Azem, \u00e7ocuklar\u0131na annesinin nas\u0131l ve neden \u00f6ld\u00fc\u011f\u00fcn\u00fc anlatt\u0131.\u00a0Azem Y\u00fcceda\u011f&#8217;\u0131 ba\u015fka bir kad\u0131ndan olan k\u00fc\u00e7\u00fck \u00e7ocu\u011fu annesini korumak isterken Hande&#8217;yi itip d\u00fc\u015f\u00fcr\u00fcr. B\u00f6ylelikle \u0130nci Taneleri Azem&#8217;in kar\u0131s\u0131 merdivenden yuvarlanarak hayat\u0131n\u0131 kaybetmi\u015f oldu.<\/p>\n<p>6 \u015eubat 2025 Per\u015fembe ak\u015fam\u0131 ekrana gelen yeni b\u00f6l\u00fcmde Azem, \u00e7ocuklar\u0131na ger\u00e7e\u011fi a\u00e7\u0131klad\u0131ktan sonra bir \u00e7\u0131\u011fl\u0131k kopuyor. Nehir ve Cihan, ac\u0131 ger\u00e7ek kar\u015f\u0131s\u0131nda g\u00f6zya\u015flar\u0131na hakim olam\u0131yor.<\/p>\n<p><img loading=\"lazy\" decoding=\"async\" class=\"alignnone wp-image-130244\" src=\"https:\/\/www.tgrthaber.com\/mavikadin\/wp-content\/uploads\/WhatsApp-Image-2025-02-06-at-21.41.41-300x169.jpeg\" alt=\"\" width=\"1280\" height=\"720\" title=\"\" srcset=\"https:\/\/www.tgrthaber.com\/mavikadin\/wp-content\/uploads\/WhatsApp-Image-2025-02-06-at-21.41.41-300x169.jpeg 300w, https:\/\/www.tgrthaber.com\/mavikadin\/wp-content\/uploads\/WhatsApp-Image-2025-02-06-at-21.41.41-1024x576.jpeg 1024w, https:\/\/www.tgrthaber.com\/mavikadin\/wp-content\/uploads\/WhatsApp-Image-2025-02-06-at-21.41.41-768x432.jpeg 768w, https:\/\/www.tgrthaber.com\/mavikadin\/wp-content\/uploads\/WhatsApp-Image-2025-02-06-at-21.41.41-1536x864.jpeg 1536w, https:\/\/www.tgrthaber.com\/mavikadin\/wp-content\/uploads\/WhatsApp-Image-2025-02-06-at-21.41.41.jpeg 1600w\" sizes=\"(max-width: 1280px) 100vw, 1280px\" \/><\/p>\n<hr \/>\n<h3>\u0130NC\u0130 TANELER\u0130 KONUSU NED\u0130R?<\/h3>\n<p>\u0130ncisi Taneleri dizisinde Azem Y\u00fcceda\u011f&#8217;\u0131 hayat\u0131n\u0131 bulma m\u00fccadelesi konu al\u0131nmaktad\u0131r. Kendisi gibi \u00f6\u011fretmen e\u015fini \u00f6ld\u00fcrmekle su\u00e7lanan ve hapis yatan Y\u00fcceda\u011f&#8217;\u0131n hayat\u0131 ele al\u0131n\u0131r. E\u015fi ve 2 \u00e7ocu\u011fu ile mutlu bir hayat\u0131 olan edebiyat \u00f6\u011fretmeni Azem Y\u00fcceda\u011f&#8217;\u0131n ya\u015fam\u0131 bir gecede tamamen de\u011fi\u015fir.<\/p>\n<h3>\u0130NC\u0130 TANELER\u0130 OYUNCU KADROSU<\/h3>\n<p>Kanal D&#8217;nin sevilen dizisi hem gen\u00e7 hem de usta oyuncular\u0131 bir araya getiriyor. \u0130nci Taneleri dizisinin oyuncu kadrosunda Y\u0131lmaz Erdo\u011fan, Hazar Erg\u00fc\u00e7l\u00fc, Selma Erge\u00e7, Kubilay Aka, R\u0131za Kocao\u011flu, Sera Kutlubey, Bora Cengiz, Yasemin Ba\u015ftan, G\u00fcven K\u0131ra\u00e7, Selim Erdo\u011fan, Bestemsu \u00d6zdemir, \u0130rem \u00c7\u0131ray, Onur Akbay, Mustafa Y\u0131ld\u0131ran, \u00dclk\u00fc Hilal \u00c7ift\u00e7i, Orkuncan \u0130zan, Furkan R\u0131za Demirel yer al\u0131yor.<\/p>\n","protected":false},"excerpt":{"rendered":"<p>\u0130nci Taneleri dizisi her per\u015fembe Kanal D&#8217;de ekrana geliyor. Konusu ile dikkat \u00e7eken dizide bu hafta Azem\u2019in saklad\u0131\u011f\u0131 b\u00fcy\u00fck s\u0131rr\u0131 ortaya \u00e7\u0131k\u0131yor. BKM imzal\u0131 dizinin yeni b\u00f6l\u00fcm\u00fcnde s\u0131rlar a\u00e7\u0131\u011fa \u00e7\u0131karken izleyiciler, \u0130nci Taneleri Azem&#8217;in kar\u0131s\u0131n\u0131 kim, neden \u00f6ld\u00fcrd\u00fc? \u0130nci Taneleri Azem&#8217;in s\u0131rr\u0131 neydi? \u015feklindeki sorulara cevap aramaya devam ediyor.  <\/p>\n","protected":false},"author":33,"featured_media":130242,"comment_status":"closed","ping_status":"closed","sticky":false,"template":"","format":"standard","meta":{"rank_math_lock_modified_date":false,"footnotes":""},"categories":[602],"tags":[10118,10133,10119],"class_list":["post-130241","post","type-post","status-publish","format-standard","has-post-thumbnail","hentry","category-diziler","tag-inci-taneleri-azemin-karisi-kim-oldurdu","tag-inci-taneleri-azemin-karisi-nede-oldu","tag-inci-taneleri-azemin-sirri"],"_links":{"self":[{"href":"https:\/\/www.tgrthaber.com\/mavikadin\/wp-json\/wp\/v2\/posts\/130241"}],"collection":[{"href":"https:\/\/www.tgrthaber.com\/mavikadin\/wp-json\/wp\/v2\/posts"}],"about":[{"href":"https:\/\/www.tgrthaber.com\/mavikadin\/wp-json\/wp\/v2\/types\/post"}],"author":[{"embeddable":true,"href":"https:\/\/www.tgrthaber.com\/mavikadin\/wp-json\/wp\/v2\/users\/33"}],"replies":[{"embeddable":true,"href":"https:\/\/www.tgrthaber.com\/mavikadin\/wp-json\/wp\/v2\/comments?post=130241"}],"version-history":[{"count":6,"href":"https:\/\/www.tgrthaber.com\/mavikadin\/wp-json\/wp\/v2\/posts\/130241\/revisions"}],"predecessor-version":[{"id":130310,"href":"https:\/\/www.tgrthaber.com\/mavikadin\/wp-json\/wp\/v2\/posts\/130241\/revisions\/130310"}],"wp:featuredmedia":[{"embeddable":true,"href":"https:\/\/www.tgrthaber.com\/mavikadin\/wp-json\/wp\/v2\/media\/130242"}],"wp:attachment":[{"href":"https:\/\/www.tgrthaber.com\/mavikadin\/wp-json\/wp\/v2\/media?parent=130241"}],"wp:term":[{"taxonomy":"category","embeddable":true,"href":"https:\/\/www.tgrthaber.com\/mavikadin\/wp-json\/wp\/v2\/categories?post=130241"},{"taxonomy":"post_tag","embeddable":true,"href":"https:\/\/www.tgrthaber.com\/mavikadin\/wp-json\/wp\/v2\/tags?post=130241"}],"curies":[{"name":"wp","href":"https:\/\/api.w.org\/{rel}","templated":true}]}}