{"id":130259,"date":"2025-02-06T22:18:11","date_gmt":"2025-02-06T19:18:11","guid":{"rendered":"https:\/\/www.tgrthaber.com\/mavikadin\/?p=130259"},"modified":"2025-02-06T23:46:19","modified_gmt":"2025-02-06T20:46:19","slug":"iste-2025-yilinin-en-beklenen-dizileri-ve-yayin-tarihleri","status":"publish","type":"post","link":"https:\/\/www.tgrthaber.com\/mavikadin\/iste-2025-yilinin-en-beklenen-dizileri-ve-yayin-tarihleri\/","title":{"rendered":"\u0130\u015fte 2025 y\u0131l\u0131n\u0131n en \u00e7ok beklenen dizileri ve yay\u0131n tarihleri"},"content":{"rendered":"<p>\u00dclkemizde global yap\u0131mlar, yerli yap\u0131mlar kadar ilgi g\u00f6r\u00fcyor. T\u00fcm d\u00fcnyay\u0131 etkisi alt\u0131na alan dizi ve filmler pandemi sonras\u0131nda toparlanmaya ba\u015flad\u0131. \u0130\u00e7erik platformlar\u0131n\u0131n ve TV kanallar\u0131n\u0131n yap\u0131mlar\u0131 desteklemeye ba\u015flamas\u0131yla birlikte ivme kazanan sekt\u00f6r 2025 y\u0131l\u0131 i\u00e7in heyecan verici geli\u015fmelere de sahne olacak. 2025 y\u0131l\u0131nda herkesin b\u00fcy\u00fck bir heyecanla bekledi\u011fi dizi ve filmleri haberimizde derledik.<\/p>\n<h3>RICK AND MORTY<\/h3>\n<p>Justin Roiland ve Dan Harmon taraf\u0131ndan film da\u011f\u0131t\u0131c\u0131s\u0131 Adult Swim i\u00e7in yaz\u0131lan yeti\u015fkin animasyon televizyon dizisi Rick and Morty, 2025 y\u0131l\u0131nda 8. Sezonuyla izleyici kar\u015f\u0131s\u0131na \u00e7\u0131kacak. Birlikte sonsuz evrenleri ke\u015ffeden dede Ricky ile torun Morty\u2019nin hikayelerini anlatan yeti\u015fkin animasyon dizisi, dede-torunun kendi hayatlar\u0131 ve evrenlerdeki maceralar\u0131n\u0131 konu almaktad\u0131r. Ge\u00e7ti\u011fimiz y\u0131l 10 b\u00f6l\u00fcm olarak yay\u0131mlanan 7. Sezonun ard\u0131ndan dizinin 8. Sezonu bu y\u0131l yay\u0131nlanacak. Yay\u0131n tarihi ve ka\u00e7 b\u00f6l\u00fcm yay\u0131nlanaca\u011f\u0131 kesin olmayan dizi, Rick ve Morty\u2019nin yeni maceralar\u0131n\u0131 izleyicilerine sunacak.<\/p>\n<p><img loading=\"lazy\" decoding=\"async\" class=\"alignnone wp-image-130260\" src=\"https:\/\/www.tgrthaber.com\/mavikadin\/wp-content\/uploads\/rick-and-morty-300x169.jpg\" alt=\"\" width=\"1280\" height=\"720\" title=\"\" srcset=\"https:\/\/www.tgrthaber.com\/mavikadin\/wp-content\/uploads\/rick-and-morty-300x169.jpg 300w, https:\/\/www.tgrthaber.com\/mavikadin\/wp-content\/uploads\/rick-and-morty-1024x576.jpg 1024w, https:\/\/www.tgrthaber.com\/mavikadin\/wp-content\/uploads\/rick-and-morty-768x432.jpg 768w, https:\/\/www.tgrthaber.com\/mavikadin\/wp-content\/uploads\/rick-and-morty-1536x864.jpg 1536w, https:\/\/www.tgrthaber.com\/mavikadin\/wp-content\/uploads\/rick-and-morty.jpg 1920w\" sizes=\"(max-width: 1280px) 100vw, 1280px\" \/><\/p>\n<hr \/>\n<h3>THE STUDIO<\/h3>\n<p>Seth Rogen\u2019\u0131n; yazar\u0131, y\u00f6netmeni, yap\u0131mc\u0131s\u0131 ve ba\u015frol oyuncusu oyuncusu oldu\u011fu The Studio dizisi, Continental Studios&#8217;a ba\u015fkan olarak atanan Matt Remick karakterinin ya\u015fad\u0131\u011f\u0131 zorluklar\u0131 konu al\u0131yor. Komedi t\u00fcr\u00fcndeki dizide Hollywood\u2019un se\u00e7kinleri taraf\u0131ndan tan\u0131nmaya \u00e7al\u0131\u015fan Remick\u2019in ola\u011fan d\u0131\u015f\u0131 hedefleri, ticari altyap\u0131y\u0131 g\u00fc\u00e7lendirme \u00e7abalar\u0131 ve farkl\u0131 fikirler bulma \u00e7abas\u0131n\u0131 izleyiciyle bulu\u015fturuyor. Bir\u00e7ok izleyici taraf\u0131ndan merak edilen The Studio, 26 Mart&#8217;ta Apple TV+&#8217;ta izleyicilerle bulu\u015facak.<\/p>\n<p><img loading=\"lazy\" decoding=\"async\" class=\"alignnone wp-image-130261\" src=\"https:\/\/www.tgrthaber.com\/mavikadin\/wp-content\/uploads\/the-studio-300x169.jpg\" alt=\"\" width=\"1280\" height=\"720\" title=\"\" srcset=\"https:\/\/www.tgrthaber.com\/mavikadin\/wp-content\/uploads\/the-studio-300x169.jpg 300w, https:\/\/www.tgrthaber.com\/mavikadin\/wp-content\/uploads\/the-studio-1024x576.jpg 1024w, https:\/\/www.tgrthaber.com\/mavikadin\/wp-content\/uploads\/the-studio-768x432.jpg 768w, https:\/\/www.tgrthaber.com\/mavikadin\/wp-content\/uploads\/the-studio.jpg 1280w\" sizes=\"(max-width: 1280px) 100vw, 1280px\" \/><\/p>\n<hr \/>\n<h3>SQUID GAME<\/h3>\n<p>Netflix\u2019te yay\u0131nlanan ve izleyiciyle bulu\u015ftuktan sonra T\u00fcrkiye dahil t\u00fcm d\u00fcnyada b\u00fcy\u00fck yank\u0131 uyand\u0131ran dizinin 2. Sezonu 2024 y\u0131l\u0131 sonunda yay\u0131mland\u0131. 7 b\u00f6l\u00fcmden olu\u015fan 2. Sezonun finali soru i\u015faretleriyle b\u0131rak\u0131ld\u0131. Ara jenerik sahneyle merak\u0131 iyice art\u0131ran dizinin yap\u0131mc\u0131s\u0131, yazar\u0131 ve y\u00f6netmeni\u00a0Hwang Dong-hyuk, yeni sezona ili\u015fkin a\u00e7\u0131klama yapt\u0131. Dong-hyuk 2025&#8217;te hik\u00e2yeyi sonland\u0131racak \u00fc\u00e7\u00fcnc\u00fc ve son bir sezonun \u00e7ekilece\u011fi s\u00f6z\u00fcn\u00fc verdi.<\/p>\n<p><img loading=\"lazy\" decoding=\"async\" class=\"alignnone wp-image-130262\" src=\"https:\/\/www.tgrthaber.com\/mavikadin\/wp-content\/uploads\/squid-game-300x169.jpg\" alt=\"\" width=\"1280\" height=\"720\" title=\"\" srcset=\"https:\/\/www.tgrthaber.com\/mavikadin\/wp-content\/uploads\/squid-game-300x169.jpg 300w, https:\/\/www.tgrthaber.com\/mavikadin\/wp-content\/uploads\/squid-game-1024x576.jpg 1024w, https:\/\/www.tgrthaber.com\/mavikadin\/wp-content\/uploads\/squid-game-768x432.jpg 768w, https:\/\/www.tgrthaber.com\/mavikadin\/wp-content\/uploads\/squid-game.jpg 1200w\" sizes=\"(max-width: 1280px) 100vw, 1280px\" \/><\/p>\n<h3>THE WHITE LOTUS<\/h3>\n<p>Her sezonunda farkl\u0131 oyuncu kadrosu ve olay \u00f6rg\u00fcs\u00fcne \u015fahit oldu\u011fumuz The White Lotus dizisi, tropikal b\u00f6lgede yer alan bir otele gelen ziyaret\u00e7iler ve otel \u00e7al\u0131\u015fanlar\u0131n\u0131n hayatlar\u0131n\u0131 konu al\u0131yor. Mekanda, otele gelen gezginlerde ve otel \u00e7al\u0131\u015fanlar\u0131nda anormallik sezen tatilcilerin karma\u015f\u0131k olaylarla kar\u015f\u0131la\u015fmas\u0131n\u0131 konu edinen dizinin 3. Sezonu 2025 y\u0131l\u0131nda yay\u0131mlanacak. Walton Goggins,\u00a0Leslie Bibb,\u00a0 Scott Glenn,\u00a0Carrie Coon, Michelle Monaghan,\u00a0Parker Posey\u00a0ve Blackpink\u2019ten Lisa gibi \u00fcnl\u00fc oyuncu kadrosuna sahip dizinin 3. Sezonu 16 \u015eubat\u2019ta HBO\u2019da izleyiciyle bulu\u015facak.<\/p>\n<p><img loading=\"lazy\" decoding=\"async\" class=\"alignnone wp-image-130263\" src=\"https:\/\/www.tgrthaber.com\/mavikadin\/wp-content\/uploads\/the-white-lotus-300x225.jpg\" alt=\"\" width=\"1280\" height=\"960\" title=\"\" srcset=\"https:\/\/www.tgrthaber.com\/mavikadin\/wp-content\/uploads\/the-white-lotus-300x225.jpg 300w, https:\/\/www.tgrthaber.com\/mavikadin\/wp-content\/uploads\/the-white-lotus-1024x768.jpg 1024w, https:\/\/www.tgrthaber.com\/mavikadin\/wp-content\/uploads\/the-white-lotus-768x576.jpg 768w, https:\/\/www.tgrthaber.com\/mavikadin\/wp-content\/uploads\/the-white-lotus.jpg 1068w\" sizes=\"(max-width: 1280px) 100vw, 1280px\" \/><\/p>\n<hr \/>\n<h3>YOU<\/h3>\n<p>Ba\u015frol\u00fcnde Penn Badgley\u2019in oldu\u011fu ve Joe karakterini oynad\u0131\u011f\u0131 dizinin 5. Sezonu yay\u0131na girecek. Final sezonu olmas\u0131 beklenen dizi, ABD\u2019nin New York \u015fehrinde ya\u015fayan Joe Goldberg isimli bir kitap\u00e7\u0131n\u0131n, d\u00fckk\u00e2n\u0131na gelen Elizabeth Lail\u2019in oynad\u0131\u011f\u0131 Guinevere Beck&#8217;e a\u015f\u0131k olu\u015funu ve tak\u0131nt\u0131l\u0131 hale geli\u015fini konu al\u0131yor. You\u2019nun final sezonu 24 Nisan\u2019da Netflix\u2019te yay\u0131mlanacak.<\/p>\n<p><img loading=\"lazy\" decoding=\"async\" class=\"alignnone wp-image-130264\" src=\"https:\/\/www.tgrthaber.com\/mavikadin\/wp-content\/uploads\/you-1-300x200.jpg\" alt=\"\" width=\"1280\" height=\"853\" title=\"\" srcset=\"https:\/\/www.tgrthaber.com\/mavikadin\/wp-content\/uploads\/you-1-300x200.jpg 300w, https:\/\/www.tgrthaber.com\/mavikadin\/wp-content\/uploads\/you-1-1024x683.jpg 1024w, https:\/\/www.tgrthaber.com\/mavikadin\/wp-content\/uploads\/you-1-768x512.jpg 768w, https:\/\/www.tgrthaber.com\/mavikadin\/wp-content\/uploads\/you-1-1536x1024.jpg 1536w, https:\/\/www.tgrthaber.com\/mavikadin\/wp-content\/uploads\/you-1.jpg 2048w\" sizes=\"(max-width: 1280px) 100vw, 1280px\" \/><\/p>\n<hr \/>\n<h3>BLACK MIRROR<\/h3>\n<p>Her bir b\u00f6l\u00fcm\u00fc farkl\u0131 senaryoya ve oyunculara sahip antoloji dizisi Black Mirror, i\u015fledi\u011fi ele\u015ftirel konularla d\u00fcnyada b\u00fcy\u00fck bir izleyici kitlesine ula\u015ft\u0131. 4 y\u0131ll\u0131k aran\u0131n ard\u0131ndan 2023 y\u0131l\u0131nda 6. sezonu yay\u0131nlanan dizi, izlenme rekorlar\u0131 k\u0131rm\u0131\u015f, 92 \u00fclkede ilk 10\u2019da yer alm\u0131\u015ft\u0131. Dizinin 7. sezonu 14 Mart&#8217;ta Netflix\u2019te yay\u0131nlanacak.<\/p>\n<p><img loading=\"lazy\" decoding=\"async\" class=\"alignnone wp-image-130267\" src=\"https:\/\/www.tgrthaber.com\/mavikadin\/wp-content\/uploads\/black-mirror-300x200.jpg\" alt=\"\" width=\"1280\" height=\"853\" title=\"\" srcset=\"https:\/\/www.tgrthaber.com\/mavikadin\/wp-content\/uploads\/black-mirror-300x200.jpg 300w, https:\/\/www.tgrthaber.com\/mavikadin\/wp-content\/uploads\/black-mirror-768x512.jpg 768w, https:\/\/www.tgrthaber.com\/mavikadin\/wp-content\/uploads\/black-mirror.jpg 824w\" sizes=\"(max-width: 1280px) 100vw, 1280px\" \/><\/p>\n<hr \/>\n<h3>THE LAST OF US<\/h3>\n<p>Oyundan uyarlanan The Last of Us\u2019ta ba\u015frolleri Pedro Pascal\u00a0ve\u00a0Bella Ramsey oynuyor. Dizi, hayatta tek ba\u015f\u0131na kalan Joel ve 14 ya\u015f\u0131nda bir k\u0131z olan Ellie\u2019nin ya\u015fad\u0131klar\u0131n\u0131 konu al\u0131yor. HBO\u2019nun t\u00fcm zamanlar\u0131n en \u00e7ok izlenen yap\u0131m\u0131 konumdaki dizisi The Last of Us\u2019\u0131n 2. sezonunun Nisan ay\u0131nda yay\u0131nlanmas\u0131 bekleniyor.<\/p>\n<p><img loading=\"lazy\" decoding=\"async\" class=\"alignnone wp-image-130268\" src=\"https:\/\/www.tgrthaber.com\/mavikadin\/wp-content\/uploads\/the-last-of-us-300x169.webp\" alt=\"\" width=\"1280\" height=\"720\" title=\"\" srcset=\"https:\/\/www.tgrthaber.com\/mavikadin\/wp-content\/uploads\/the-last-of-us-300x169.webp 300w, https:\/\/www.tgrthaber.com\/mavikadin\/wp-content\/uploads\/the-last-of-us-1024x576.webp 1024w, https:\/\/www.tgrthaber.com\/mavikadin\/wp-content\/uploads\/the-last-of-us-768x432.webp 768w, https:\/\/www.tgrthaber.com\/mavikadin\/wp-content\/uploads\/the-last-of-us.webp 1280w\" sizes=\"(max-width: 1280px) 100vw, 1280px\" \/><\/p>\n<hr \/>\n<h3>A NIGHT OF THE SEVEN KINGDOMS<\/h3>\n<p>Game of Thrones\u2019un yazar\u0131 George R. R. Martin\u2019in &#8220;Dunk and Egg&#8221; roman\u0131ndan uyarlanan A Night of The Seven Kingdoms, Game of Thrones\u2019tan bin y\u0131l \u00f6nce ya\u015fanan olaylar\u0131 konu al\u0131yor. Sir Duncan The Tall ile yaveri Egg&#8217;in maceralar\u0131n\u0131 anlatan dizinin \u00e7\u0131k\u0131\u015f tarihi merakla bekleniyor. Peter Claffey\u2019in Dunkan, Dexter Sol Ansell\u2019in Egg, Finn Bennett\u2019in Aerion Targaryen,\u00a0Bertie Carvel\u2019in Baelor Targaryen,\u00a0Tanzyn Crawford\u2019un Tanselle,\u00a0Daniel Ings\u2019in Ser Lyonel Barotheon ve\u00a0Sam Spruell\u2019in Maekar Targaryen rollerini oynayaca\u011f\u0131 dizi 2025 y\u0131l\u0131n\u0131n son aylar\u0131nda izleyiciyle bulu\u015facak.<\/p>\n<p><img loading=\"lazy\" decoding=\"async\" class=\"alignnone wp-image-130269\" src=\"https:\/\/www.tgrthaber.com\/mavikadin\/wp-content\/uploads\/a-night-of-the-seven-kingdoms-300x169.webp\" alt=\"\" width=\"1280\" height=\"720\" title=\"\" srcset=\"https:\/\/www.tgrthaber.com\/mavikadin\/wp-content\/uploads\/a-night-of-the-seven-kingdoms-300x169.webp 300w, https:\/\/www.tgrthaber.com\/mavikadin\/wp-content\/uploads\/a-night-of-the-seven-kingdoms.webp 654w\" sizes=\"(max-width: 1280px) 100vw, 1280px\" \/><\/p>\n<hr \/>\n<h3>DEXTER: RESURRECTION<\/h3>\n<p>Dexter: New Blood dizisinin devam\u0131 niteli\u011finde olacak Dexter: Resurrection\u2019da seri katil Dexter Morgan\u2019\u0131 yeniden Michael C. Hall oynayacak. \u0130\u00e7inde katillik arzusu bulunan Dexter\u2019\u0131n bunu kendince k\u00f6t\u00fc tabir etti\u011fi ki\u015filere y\u00f6nlendirerek sosyal adaleti sa\u011flama \u00e7abalar\u0131n\u0131 konu alan dizinin Resurrection k\u0131sm\u0131, Dexter: New Blood\u2019un devam\u0131 niteli\u011finde olacak. Hen\u00fcz senaryosu ve konusu hakk\u0131nda net a\u00e7\u0131klama yap\u0131lmayan dizinin 2025 y\u0131l\u0131nda yay\u0131mlanmas\u0131 bekleniyor.<\/p>\n<p><img loading=\"lazy\" decoding=\"async\" class=\"alignnone wp-image-130270\" src=\"https:\/\/www.tgrthaber.com\/mavikadin\/wp-content\/uploads\/dexter-resurrection-300x169.jpeg\" alt=\"\" width=\"1280\" height=\"720\" title=\"\" srcset=\"https:\/\/www.tgrthaber.com\/mavikadin\/wp-content\/uploads\/dexter-resurrection-300x169.jpeg 300w, https:\/\/www.tgrthaber.com\/mavikadin\/wp-content\/uploads\/dexter-resurrection-1024x576.jpeg 1024w, https:\/\/www.tgrthaber.com\/mavikadin\/wp-content\/uploads\/dexter-resurrection-768x432.jpeg 768w, https:\/\/www.tgrthaber.com\/mavikadin\/wp-content\/uploads\/dexter-resurrection.jpeg 1280w\" sizes=\"(max-width: 1280px) 100vw, 1280px\" \/><\/p>\n<hr \/>\n<p>&nbsp;<\/p>\n","protected":false},"excerpt":{"rendered":"<p>Ge\u00e7mi\u015f d\u00f6nemlerde b\u00fcy\u00fck bir ivme yakalayan dizi ve film sekt\u00f6r\u00fc, pandemi s\u00fcreciyle birlikte sekteye u\u011fram\u0131\u015ft\u0131. Bir\u00e7ok ki\u015finin merakla bekledi\u011fi ve takip etti\u011fi dizi ve filmler ya yay\u0131mlanmam\u0131\u015f ya da sezonlar k\u0131sa tutulmu\u015ftu. Pandemi etkisinin azalmas\u0131yla birlikte sekt\u00f6r kendine gelmeye ba\u015flad\u0131. \u0130\u015fte 2025\u2019te herkesin merakla bekledi\u011fi dizi ve filmler&#8230;<\/p>\n","protected":false},"author":33,"featured_media":130271,"comment_status":"closed","ping_status":"closed","sticky":false,"template":"","format":"standard","meta":{"rank_math_lock_modified_date":false,"footnotes":""},"categories":[602,101],"tags":[10124,8541,10125,10123],"class_list":["post-130259","post","type-post","status-publish","format-standard","has-post-thumbnail","hentry","category-diziler","category-kesfet","tag-2025te-yayinlanacak-diziler","tag-dexter-resurrection-ne-zaman-baslayacak","tag-netflix-dizileri","tag-squid-game-yeni-sezon"],"_links":{"self":[{"href":"https:\/\/www.tgrthaber.com\/mavikadin\/wp-json\/wp\/v2\/posts\/130259"}],"collection":[{"href":"https:\/\/www.tgrthaber.com\/mavikadin\/wp-json\/wp\/v2\/posts"}],"about":[{"href":"https:\/\/www.tgrthaber.com\/mavikadin\/wp-json\/wp\/v2\/types\/post"}],"author":[{"embeddable":true,"href":"https:\/\/www.tgrthaber.com\/mavikadin\/wp-json\/wp\/v2\/users\/33"}],"replies":[{"embeddable":true,"href":"https:\/\/www.tgrthaber.com\/mavikadin\/wp-json\/wp\/v2\/comments?post=130259"}],"version-history":[{"count":3,"href":"https:\/\/www.tgrthaber.com\/mavikadin\/wp-json\/wp\/v2\/posts\/130259\/revisions"}],"predecessor-version":[{"id":130274,"href":"https:\/\/www.tgrthaber.com\/mavikadin\/wp-json\/wp\/v2\/posts\/130259\/revisions\/130274"}],"wp:featuredmedia":[{"embeddable":true,"href":"https:\/\/www.tgrthaber.com\/mavikadin\/wp-json\/wp\/v2\/media\/130271"}],"wp:attachment":[{"href":"https:\/\/www.tgrthaber.com\/mavikadin\/wp-json\/wp\/v2\/media?parent=130259"}],"wp:term":[{"taxonomy":"category","embeddable":true,"href":"https:\/\/www.tgrthaber.com\/mavikadin\/wp-json\/wp\/v2\/categories?post=130259"},{"taxonomy":"post_tag","embeddable":true,"href":"https:\/\/www.tgrthaber.com\/mavikadin\/wp-json\/wp\/v2\/tags?post=130259"}],"curies":[{"name":"wp","href":"https:\/\/api.w.org\/{rel}","templated":true}]}}