{"id":130355,"date":"2025-02-07T10:20:25","date_gmt":"2025-02-07T07:20:25","guid":{"rendered":"https:\/\/www.tgrthaber.com\/mavikadin\/?p=130355"},"modified":"2025-02-07T10:56:41","modified_gmt":"2025-02-07T07:56:41","slug":"yali-capkini-final-mi-yapacak","status":"publish","type":"post","link":"https:\/\/www.tgrthaber.com\/mavikadin\/yali-capkini-final-mi-yapacak\/","title":{"rendered":"Yal\u0131 \u00c7apk\u0131n\u0131 final mi yapacak? Seyircinin merakla bekledi\u011fi cevap"},"content":{"rendered":"<p>Star TV\u2019nin merakla takip edilen dizisi Yal\u0131 \u00c7apk\u0131n\u0131 her hafta ekrana gelmeye devam ediyor. 3. Sezonuyla ekranlara gelen dizinin reytinglerde d\u00fc\u015f\u00fc\u015f ya\u015famas\u0131 sebebiyle final tarihi ise belli oldu. Peki, Yal\u0131 \u00c7apk\u0131n\u0131 final yapacak m\u0131? Dizi ne zaman final oluyor? \u0130\u015fte Yal\u0131 \u00c7apk\u0131n\u0131 dizisiyle ilgili son geli\u015fimler\u2026<\/p>\n<h3><strong>YALI \u00c7APKINI SON B\u00d6L\u00dcMDE NELER OLDU?<\/strong><\/h3>\n<p>Aile i\u00e7indeki kay\u0131plar\u0131n ve ihanetlerin ya\u015fanmas\u0131 Korhanlar i\u00e7in her \u015feyi de\u011fi\u015ftirdi. Ailede yas ve \u00f6fke b\u00fcy\u00fcrken Ferit\u2019in ise intikam almak i\u00e7in g\u00f6z\u00fc d\u00f6nm\u00fc\u015f durumdad\u0131r. Seyran, Suna ve Ferit\u2019in a\u011f\u0131r yaraland\u0131\u011f\u0131 bir sald\u0131r\u0131n\u0131n ard\u0131ndan, aile \u00fcyeleri hastane koridorlar\u0131nda hem fiziksel hem de duygusal bir s\u0131nav verir.<\/p>\n<p><img loading=\"lazy\" decoding=\"async\" class=\"alignnone wp-image-130368\" src=\"https:\/\/www.tgrthaber.com\/mavikadin\/wp-content\/uploads\/yali-capkini-3-2-1024x576.jpg\" alt=\"yal\u0131 \u00e7apk\u0131n\u0131 \" width=\"1208\" height=\"680\" title=\"\" srcset=\"https:\/\/www.tgrthaber.com\/mavikadin\/wp-content\/uploads\/yali-capkini-3-2-1024x576.jpg 1024w, https:\/\/www.tgrthaber.com\/mavikadin\/wp-content\/uploads\/yali-capkini-3-2-300x169.jpg 300w, https:\/\/www.tgrthaber.com\/mavikadin\/wp-content\/uploads\/yali-capkini-3-2-768x432.jpg 768w, https:\/\/www.tgrthaber.com\/mavikadin\/wp-content\/uploads\/yali-capkini-3-2-1536x864.jpg 1536w, https:\/\/www.tgrthaber.com\/mavikadin\/wp-content\/uploads\/yali-capkini-3-2.jpg 1600w\" sizes=\"(max-width: 1208px) 100vw, 1208px\" \/><\/p>\n<hr \/>\n<h3><strong>YALI \u00c7APKININ DA NELER OLUYOR?<\/strong><\/h3>\n<p>OGM Pictures yap\u0131m\u0131 olan Yal\u0131 \u00c7apk\u0131n\u0131 dizisi izleyen herkesi ilk sezonlarda izleyiciyi ekranda tutmay\u0131 ba\u015farm\u0131\u015ft\u0131. Oyuncu kadrosu ve senaryosu ile merak edilen dizi 3. sezonuyla istenilen ilgiyi g\u00f6remedi. Reytinglerde d\u00fc\u015f\u00fc\u015f ya\u015famas\u0131 dizinin final verme karar\u0131n\u0131 h\u0131zland\u0131rd\u0131. Dizinin oyuncular\u0131 ve ba\u015frollerinde ise Afra Sara\u00e7o\u011flu, Mert Ramazan Demir, \u00c7etin Tekindor, \u015eerif Sezer, G\u00fcl\u00e7in Sant\u0131rc\u0131o\u011flu, Emre Altu\u011f, G\u00f6zde Kansu, Ersin Ar\u0131c\u0131, Beril Pozam, Diren Polato\u011fullar\u0131, Sezin Bozac\u0131, H\u00fclya Duyar, Yi\u011fit Tuncay gibi ba\u015far\u0131l\u0131 isimler yer al\u0131yor.<\/p>\n<p><img loading=\"lazy\" decoding=\"async\" class=\"wp-image-130379\" src=\"https:\/\/www.tgrthaber.com\/mavikadin\/wp-content\/uploads\/Adsiz-tasarim-143-1024x576.jpg\" alt=\"yal\u0131 \u00e7apk\u0131n\u0131 \" width=\"1208\" height=\"680\" title=\"\" srcset=\"https:\/\/www.tgrthaber.com\/mavikadin\/wp-content\/uploads\/Adsiz-tasarim-143-1024x576.jpg 1024w, https:\/\/www.tgrthaber.com\/mavikadin\/wp-content\/uploads\/Adsiz-tasarim-143-300x169.jpg 300w, https:\/\/www.tgrthaber.com\/mavikadin\/wp-content\/uploads\/Adsiz-tasarim-143-768x432.jpg 768w, https:\/\/www.tgrthaber.com\/mavikadin\/wp-content\/uploads\/Adsiz-tasarim-143-1536x864.jpg 1536w, https:\/\/www.tgrthaber.com\/mavikadin\/wp-content\/uploads\/Adsiz-tasarim-143.jpg 1600w\" sizes=\"(max-width: 1208px) 100vw, 1208px\" \/><\/p>\n<hr \/>\n<h3><strong>YALI \u00c7APKINI D\u0130Z\u0130S\u0130 F\u0130NAL M\u0130 YAPIYOR?<\/strong><\/h3>\n<p>Ba\u015frollerinin Afra Sara\u00e7o\u011flu ve Mert Ramazan \u2018\u0131n payla\u015ft\u0131\u011f\u0131 dizi, ikilin ili\u015fkilerinde ya\u015fad\u0131klar\u0131 sorunlar diziye de yans\u0131yor. Bir darg\u0131n bir bar\u0131\u015f\u0131k halleri bulunan ikilinin sette \u00e7al\u0131\u015fma ortam\u0131n\u0131 da olumsuz etkiliyor. Demir\u2019in, Sara\u00e7o\u011flu\u2019na ihanet iddialar\u0131 nedeniyle bu kez ge\u00e7mi\u015fte ya\u015fanan ayr\u0131l\u0131klardan k\u00f6t\u00fc oldu\u011fu i\u00e7in sette daha \u00e7ok gergin ortam oldu\u011fu \u00f6\u011frenildi. \u00a0Gazeteci Birsen Altunta\u015f\u2019\u0131n haberine g\u00f6re, Yal\u0131 \u00c7apk\u0131n\u0131n\u0131n 100. b\u00f6l\u00fcme kadar devam etmesi planlan\u0131yor. Ancak reytinglerin beklenenden daha fazla d\u00fc\u015fmesi durumunda, dizinin final tarihinin \u00f6ne \u00e7ekilebilece\u011fi belirtiliyor. \u015eu anki takvime g\u00f6re, dizinin Mart 2025 sonunda ekranlara veda edece\u011fi konu\u015fuluyor.<\/p>\n","protected":false},"excerpt":{"rendered":"<p>Star TV\u2019nin merakla takip edilen dizisi Yal\u0131 \u00c7apk\u0131n\u0131 her hafta ekrana gelmeye devam ediyor. 3. Sezonuyla ekranlara gelen dizinin reytinglerde d\u00fc\u015f\u00fc\u015f ya\u015famas\u0131 sebebiyle final tarihi ise belli oldu. Peki, Yal\u0131 \u00c7apk\u0131n\u0131 final yapacak m\u0131? Dizi ne zaman final oluyor? \u0130\u015fte Yal\u0131 \u00c7apk\u0131n\u0131 dizisiyle ilgili son geli\u015fimler\u2026<\/p>\n","protected":false},"author":34,"featured_media":130407,"comment_status":"closed","ping_status":"closed","sticky":false,"template":"","format":"standard","meta":{"rank_math_lock_modified_date":false,"footnotes":""},"categories":[602],"tags":[2505,8573,2638],"class_list":["post-130355","post","type-post","status-publish","format-standard","has-post-thumbnail","hentry","category-diziler","tag-yali-capkini","tag-yali-capkini-dizisi","tag-yali-capkini-final"],"_links":{"self":[{"href":"https:\/\/www.tgrthaber.com\/mavikadin\/wp-json\/wp\/v2\/posts\/130355"}],"collection":[{"href":"https:\/\/www.tgrthaber.com\/mavikadin\/wp-json\/wp\/v2\/posts"}],"about":[{"href":"https:\/\/www.tgrthaber.com\/mavikadin\/wp-json\/wp\/v2\/types\/post"}],"author":[{"embeddable":true,"href":"https:\/\/www.tgrthaber.com\/mavikadin\/wp-json\/wp\/v2\/users\/34"}],"replies":[{"embeddable":true,"href":"https:\/\/www.tgrthaber.com\/mavikadin\/wp-json\/wp\/v2\/comments?post=130355"}],"version-history":[{"count":4,"href":"https:\/\/www.tgrthaber.com\/mavikadin\/wp-json\/wp\/v2\/posts\/130355\/revisions"}],"predecessor-version":[{"id":130384,"href":"https:\/\/www.tgrthaber.com\/mavikadin\/wp-json\/wp\/v2\/posts\/130355\/revisions\/130384"}],"wp:featuredmedia":[{"embeddable":true,"href":"https:\/\/www.tgrthaber.com\/mavikadin\/wp-json\/wp\/v2\/media\/130407"}],"wp:attachment":[{"href":"https:\/\/www.tgrthaber.com\/mavikadin\/wp-json\/wp\/v2\/media?parent=130355"}],"wp:term":[{"taxonomy":"category","embeddable":true,"href":"https:\/\/www.tgrthaber.com\/mavikadin\/wp-json\/wp\/v2\/categories?post=130355"},{"taxonomy":"post_tag","embeddable":true,"href":"https:\/\/www.tgrthaber.com\/mavikadin\/wp-json\/wp\/v2\/tags?post=130355"}],"curies":[{"name":"wp","href":"https:\/\/api.w.org\/{rel}","templated":true}]}}