{"id":130387,"date":"2025-02-07T19:20:02","date_gmt":"2025-02-07T16:20:02","guid":{"rendered":"https:\/\/www.tgrthaber.com\/mavikadin\/?p=130387"},"modified":"2025-02-07T19:20:31","modified_gmt":"2025-02-07T16:20:31","slug":"kece-gibi-sertlesen-saclar-nasil-yumusatilir-sert-saclari-yumusacik-yapan-dogal-sac-maske-tarifleri","status":"publish","type":"post","link":"https:\/\/www.tgrthaber.com\/mavikadin\/kece-gibi-sertlesen-saclar-nasil-yumusatilir-sert-saclari-yumusacik-yapan-dogal-sac-maske-tarifleri\/","title":{"rendered":"Ke\u00e7e gibi sertle\u015fen sa\u00e7lar nas\u0131l yumu\u015fat\u0131l\u0131r? Sert sa\u00e7lar\u0131 yumu\u015fac\u0131k yapan do\u011fal maske tarifleri"},"content":{"rendered":"<p>Sa\u00e7 bak\u0131m\u0131 konusunda internette en \u00e7ok ara\u015ft\u0131r\u0131lan konulardan birisi de sertle\u015fen sa\u00e7lar\u0131 nas\u0131l ipek gibi kaygan, p\u00fcr\u00fczs\u00fcz ve yumu\u015fak bir hale d\u00f6nd\u00fcr\u00fclebilece\u011fidir. Kuru, mat ve sa\u011fl\u0131ks\u0131z g\u00f6r\u00fcnen sa\u00e7lar\u0131 t\u0131pk\u0131 hayallerinizde oldu\u011fu gibi yumu\u015fatabilir ve oldu\u011fundan \u00e7ok daha parlak bir hale getirerek daha sa\u011fl\u0131kl\u0131 bir g\u00f6r\u00fcn\u00fcm elde edebilirsiniz. Peki yumu\u015fak sa\u00e7lar i\u00e7in ne yap\u0131lmal\u0131?<\/p>\n<h3>SERT SA\u00c7LAR NASIL YUMU\u015eATILIR?<\/h3>\n<p>Son derece kuru, y\u0131pranm\u0131\u015f ve mat g\u00f6r\u00fcn\u00fcm\u00fcndeki bir sa\u00e7 \u00f6zellikle de defalarca kez i\u015flem g\u00f6r\u00fcp boyat\u0131lm\u0131\u015f sa\u00e7lar i\u00e7in ka\u00e7\u0131n\u0131lmaz bir sondur.<\/p>\n<p><img loading=\"lazy\" decoding=\"async\" class=\"wp-image-130657\" src=\"https:\/\/www.tgrthaber.com\/mavikadin\/wp-content\/uploads\/Ekran-goruntusu-2025-02-07-190728.png\" alt=\"sertle\u015fen sa\u00e7lar nas\u0131l yumu\u015fat\u0131l\u0131r\" width=\"1208\" height=\"681\" title=\"\" srcset=\"https:\/\/www.tgrthaber.com\/mavikadin\/wp-content\/uploads\/Ekran-goruntusu-2025-02-07-190728.png 757w, https:\/\/www.tgrthaber.com\/mavikadin\/wp-content\/uploads\/Ekran-goruntusu-2025-02-07-190728-300x169.png 300w\" sizes=\"(max-width: 1208px) 100vw, 1208px\" \/><\/p>\n<hr \/>\n<p>Boyalar\u0131n i\u00e7erisinde bulunan kimyasal i\u00e7erikli maddeler, k\u0131\u015f aylar\u0131nda g\u00f6r\u00fclen so\u011fuk ve kuru hava ko\u015fullar\u0131, genetik etkenler gibi daha bir\u00e7ok durumdan kaynaklanabilen sa\u00e7 sertle\u015fmesinin \u00f6n\u00fcne ge\u00e7ebilmek i\u00e7in sa\u00e7 bak\u0131m rutininizde baz\u0131 de\u011fi\u015fikler yapmak gerekir. Peki sertle\u015fen sa\u00e7lar nas\u0131l yumu\u015fat\u0131l\u0131r?<\/p>\n<h3>EVDE DO\u011eAL SA\u00c7 YUMU\u015eATMA Y\u00d6NTEMLER\u0130:<\/h3>\n<p>Kozmetik piyasas\u0131nda sa\u00e7 yumu\u015fatmaya dair \u00f6ne s\u00fcr\u00fclen onlarca \u00fcr\u00fcne \u00fcstelik i\u015fe yaray\u0131p yaramayaca\u011f\u0131 kesin olmayan \u00fcr\u00fcnlere para sa\u00e7mak yerine i\u00e7eri\u011finde ne oldu\u011funu bildi\u011finiz, do\u011fal ve besleyici malzemelerle \u00e7ok etkili sa\u00e7 kar\u0131\u015f\u0131mlar\u0131 haz\u0131rlayabilirsiniz.<\/p>\n<p><img loading=\"lazy\" decoding=\"async\" class=\"alignnone wp-image-130653\" src=\"https:\/\/www.tgrthaber.com\/mavikadin\/wp-content\/uploads\/ggg-4.png\" alt=\"\" width=\"1208\" height=\"797\" title=\"\" srcset=\"https:\/\/www.tgrthaber.com\/mavikadin\/wp-content\/uploads\/ggg-4.png 1233w, https:\/\/www.tgrthaber.com\/mavikadin\/wp-content\/uploads\/ggg-4-300x198.png 300w, https:\/\/www.tgrthaber.com\/mavikadin\/wp-content\/uploads\/ggg-4-1024x675.png 1024w, https:\/\/www.tgrthaber.com\/mavikadin\/wp-content\/uploads\/ggg-4-768x506.png 768w\" sizes=\"(max-width: 1208px) 100vw, 1208px\" \/><\/p>\n<hr \/>\n<p>Sa\u00e7 yumu\u015fatma konusunda isimlerini s\u0131k\u00e7a duydu\u011fumuz en trend sa\u00e7 bak\u0131m k\u00fcrleri olan bal maskesi, s\u00fct maskesi, zeytinya\u011f\u0131 maskesi ve Argan ya\u011f\u0131 maskesi sa\u00e7lar \u00fczerinde beklenen etkiyi g\u00f6stermede harikulade i\u015fe yaramaktad\u0131r.<\/p>\n<p>\u00d6zellikle de i\u00e7inde bal olan sa\u00e7 bak\u0131m k\u00fcrleri h\u0131zl\u0131 sa\u00e7 uzatmak isteyenlerin vakit kaybetmeden deneyece\u011fi \u00f6ncelikli k\u00fcr tarifi olmal\u0131d\u0131r.<\/p>\n<h3>SA\u00c7LARINIZI \u0130PEK G\u0130B\u0130 YUMU\u015eACIK YAPACAK OLAN BAL VE S\u00dcT MASKES\u0130 TAR\u0130F\u0130!<\/h3>\n<h3>MALZEMELER:<\/h3>\n<p>-1 su barda\u011f\u0131 s\u00fct<br \/>\n-1 tatl\u0131 ka\u015f\u0131\u011f\u0131 bal<\/p>\n<h3>YAPILI\u015eI:<\/h3>\n<p>S\u00fct\u00fcn i\u00e7inde bal\u0131 g\u00fczelce eritip kar\u0131\u015f\u0131m\u0131 sa\u00e7 diplerinden u\u00e7 k\u0131s\u0131mlara do\u011fru yedire yedire s\u00fcr\u00fcn. 15 dakika boyunca bu \u015fekilde beklettikten sonra \u0131l\u0131k su ile y\u0131kay\u0131n.<\/p>\n<h3>AVOKADO, S\u00dcT VE ZEYT\u0130NYA\u011eI SA\u00c7 MASKES\u0130 TAR\u0130F\u0130:<\/h3>\n<p><img loading=\"lazy\" decoding=\"async\" class=\"wp-image-130660\" src=\"https:\/\/www.tgrthaber.com\/mavikadin\/wp-content\/uploads\/gfg-4.png\" alt=\"yumu\u015fak sa\u00e7 i\u00e7in ne yap\u0131lmal\u0131\" width=\"1208\" height=\"591\" title=\"\" srcset=\"https:\/\/www.tgrthaber.com\/mavikadin\/wp-content\/uploads\/gfg-4.png 1626w, https:\/\/www.tgrthaber.com\/mavikadin\/wp-content\/uploads\/gfg-4-300x147.png 300w, https:\/\/www.tgrthaber.com\/mavikadin\/wp-content\/uploads\/gfg-4-1024x501.png 1024w, https:\/\/www.tgrthaber.com\/mavikadin\/wp-content\/uploads\/gfg-4-768x375.png 768w, https:\/\/www.tgrthaber.com\/mavikadin\/wp-content\/uploads\/gfg-4-1536x751.png 1536w\" sizes=\"(max-width: 1208px) 100vw, 1208px\" \/><\/p>\n<hr \/>\n<h3>MALZEMELER:<\/h3>\n<p>-1 adet olgunla\u015fm\u0131\u015f avokado<br \/>\n-1 yemek ka\u015f\u0131\u011f\u0131 zeytinya\u011f\u0131<br \/>\n-100 ml. s\u00fct<\/p>\n<h3>YAPILI\u015eI:<\/h3>\n<p>Avokado, s\u00fct ve zeytinya\u011f\u0131 sa\u00e7 maskesi i\u00e7in ilk \u00f6nce avokadoyu blenderda b\u0131ztlat\u0131p iyice p\u00fcr\u00fczs\u00fcz hale gelene dek kar\u0131\u015ft\u0131r\u0131n.<br \/>\nDaha sonra \u00fcst\u00fcne biraz zeytinya\u011f\u0131 ve s\u00fct\u00fc d\u00f6kerek tekrardan blenderdan ge\u00e7irin. Kar\u0131\u015f\u0131m\u0131 sa\u00e7lar\u0131n\u0131za e\u015fit \u015fekilde da\u011f\u0131t\u0131p 15 dakika bekleyin ve \u0131l\u0131k suyla y\u0131kay\u0131n.<br \/>\nDaha sonra \u00fcstten bir \u015fampuanlama i\u015flemi yap\u0131n. \u0130\u015fte bitti&#8230;<\/p>\n<h3>SA\u00c7 MASKELER\u0130 NE SIKLIKLA UYGULANMALI?<\/h3>\n<p>Sa\u00e7 bak\u0131m rutininize ekleyece\u011finiz do\u011fal sa\u00e7 k\u00fcr\u00fc ve maskelerinden etkili ve verimli bir sonu\u00e7 alabilmek i\u00e7in sa\u00e7 \u00fczerinde bir-iki saat kalmas\u0131 tavsiye edilmekle beraber haftal\u0131k olarak da iki defa uygulanmas\u0131 \u00f6nerilmektedir.<\/p>\n<h3>SA\u00c7LAR NEDEN SERTLE\u015e\u0130R?<\/h3>\n<p>Aile genlerinden gelen kal\u0131t\u0131msal fakt\u00f6rler, sa\u00e7\u0131n do\u011fal yap\u0131s\u0131na do\u011frudan bir etki sa\u011flayarak baz\u0131 sa\u00e7 tiplerinin do\u011fu\u015ftan daha da sert olmas\u0131na sebep olabilir. Sa\u00e7 bak\u0131m \u00fcr\u00fcnlerinin yanl\u0131\u015f uygulanmas\u0131, \u00f6zellikle de sa\u00e7\u0131n daha da sertle\u015fmesine yol a\u00e7an \u015fampuan ve sa\u00e7 bak\u0131m \u00fcr\u00fcnleri, sa\u00e7 \u00fczerindeki nem dengesinin kaybolmas\u0131na zemin haz\u0131rlayarak sa\u00e7lar\u0131 sertle\u015ftirir.<\/p>\n<p><img loading=\"lazy\" decoding=\"async\" class=\"wp-image-130662\" src=\"https:\/\/www.tgrthaber.com\/mavikadin\/wp-content\/uploads\/Yipranmis-Sac-Losyonu-Sac-Yenileme-Formu-86b9-1.jpeg\" alt=\"sert sa\u00e7\" width=\"1208\" height=\"566\" title=\"\" srcset=\"https:\/\/www.tgrthaber.com\/mavikadin\/wp-content\/uploads\/Yipranmis-Sac-Losyonu-Sac-Yenileme-Formu-86b9-1.jpeg 1920w, https:\/\/www.tgrthaber.com\/mavikadin\/wp-content\/uploads\/Yipranmis-Sac-Losyonu-Sac-Yenileme-Formu-86b9-1-300x141.jpeg 300w, https:\/\/www.tgrthaber.com\/mavikadin\/wp-content\/uploads\/Yipranmis-Sac-Losyonu-Sac-Yenileme-Formu-86b9-1-1024x480.jpeg 1024w, https:\/\/www.tgrthaber.com\/mavikadin\/wp-content\/uploads\/Yipranmis-Sac-Losyonu-Sac-Yenileme-Formu-86b9-1-768x360.jpeg 768w, https:\/\/www.tgrthaber.com\/mavikadin\/wp-content\/uploads\/Yipranmis-Sac-Losyonu-Sac-Yenileme-Formu-86b9-1-1536x720.jpeg 1536w\" sizes=\"(max-width: 1208px) 100vw, 1208px\" \/><\/p>\n<hr \/>\n<p>G\u00fcndelik ya\u015fant\u0131 i\u00e7erisinde ger\u00e7ekle\u015ftirilen sa\u011fl\u0131ks\u0131z beslenme de, sa\u00e7\u0131n gerek g\u00f6rd\u00fc\u011f\u00fc besinleri alamamas\u0131 sebebiyle sa\u00e7\u0131n sertle\u015fmesine dair sonu\u00e7 g\u00f6sterebilir.<\/p>\n<h3>BOYADAN SERTLE\u015eEN SA\u00c7 NASIL D\u00dcZEL\u0130R? YUMU\u015eAK SA\u00c7 \u0130\u00c7\u0130N&#8230;<\/h3>\n<p>\u0130ster a\u00e7\u0131k ister koyu hangi ton olursa olsan sa\u00e7 boyama i\u015flemleri ilk etapta ki\u015fiye her ne kadar cazip gelse de sonras\u0131nda derin bir pi\u015fmanl\u0131k hissine b\u0131rakabilir. Sa\u00e7 boyama i\u015flemi esnas\u0131nda sa\u00e7\u0131n yap\u0131s\u0131nda ortaya \u00e7\u0131kan farkl\u0131l\u0131klar, sa\u00e7\u0131n nemini kaybetmesine ve sertle\u015fmesine yol a\u00e7abilir.<\/p>\n<p>Sa\u00e7 boyas\u0131ndan dolay\u0131 sertle\u015fen ve y\u0131pranan sa\u00e7lar i\u00e7in, sa\u00e7\u0131n nem dengesini tekrardan kazand\u0131r\u0131lmas\u0131 gerekir.<\/p>\n<p>Renk koruyucu ve onar\u0131c\u0131 t\u00fcrde oldu\u011fu belirtilen \u015fampuan ve sa\u00e7 kremlerinin d\u00fczenli olarak kullan\u0131lmas\u0131; sa\u00e7\u0131n renkli yap\u0131s\u0131n\u0131 korurken ayn\u0131 zamanda nemlendirme ve yumu\u015fatma \u00f6zelli\u011fini kazand\u0131rmaya da yard\u0131mc\u0131 olmaktad\u0131r.<\/p>\n","protected":false},"excerpt":{"rendered":"<p>Boyadan dolay\u0131 ke\u00e7e gibi sertle\u015fen kuru, cans\u0131z ve mat g\u00f6r\u00fcn\u00fcmdeki sa\u00e7lar\u0131n\u0131z\u0131 pamuk gibi yumu\u015fac\u0131k olmas\u0131n\u0131 sa\u011flayacak do\u011fal y\u00f6ntemleri sizler i\u00e7in ara\u015ft\u0131rd\u0131k. Evde sa\u00e7lar\u0131 yumu\u015fatan bak\u0131m k\u00fcrleri neler? Yumu\u015fak sa\u00e7 i\u00e7in ne yap\u0131lmal\u0131? Sertle\u015fen sa\u00e7lar\u0131 yumu\u015fac\u0131k yapan sa\u00e7 maskeleri<\/p>\n","protected":false},"author":27,"featured_media":130655,"comment_status":"closed","ping_status":"closed","sticky":false,"template":"","format":"standard","meta":{"rank_math_lock_modified_date":false,"footnotes":""},"categories":[166],"tags":[10214,10213,10212,10215],"class_list":["post-130387","post","type-post","status-publish","format-standard","has-post-thumbnail","hentry","category-sac-bakimi-sac-uzatma","tag-saclar-nasil-yumusatilir","tag-sert-sac","tag-yumusak","tag-yumusak-sac-icin-dogal-yontemler"],"_links":{"self":[{"href":"https:\/\/www.tgrthaber.com\/mavikadin\/wp-json\/wp\/v2\/posts\/130387"}],"collection":[{"href":"https:\/\/www.tgrthaber.com\/mavikadin\/wp-json\/wp\/v2\/posts"}],"about":[{"href":"https:\/\/www.tgrthaber.com\/mavikadin\/wp-json\/wp\/v2\/types\/post"}],"author":[{"embeddable":true,"href":"https:\/\/www.tgrthaber.com\/mavikadin\/wp-json\/wp\/v2\/users\/27"}],"replies":[{"embeddable":true,"href":"https:\/\/www.tgrthaber.com\/mavikadin\/wp-json\/wp\/v2\/comments?post=130387"}],"version-history":[{"count":3,"href":"https:\/\/www.tgrthaber.com\/mavikadin\/wp-json\/wp\/v2\/posts\/130387\/revisions"}],"predecessor-version":[{"id":130667,"href":"https:\/\/www.tgrthaber.com\/mavikadin\/wp-json\/wp\/v2\/posts\/130387\/revisions\/130667"}],"wp:featuredmedia":[{"embeddable":true,"href":"https:\/\/www.tgrthaber.com\/mavikadin\/wp-json\/wp\/v2\/media\/130655"}],"wp:attachment":[{"href":"https:\/\/www.tgrthaber.com\/mavikadin\/wp-json\/wp\/v2\/media?parent=130387"}],"wp:term":[{"taxonomy":"category","embeddable":true,"href":"https:\/\/www.tgrthaber.com\/mavikadin\/wp-json\/wp\/v2\/categories?post=130387"},{"taxonomy":"post_tag","embeddable":true,"href":"https:\/\/www.tgrthaber.com\/mavikadin\/wp-json\/wp\/v2\/tags?post=130387"}],"curies":[{"name":"wp","href":"https:\/\/api.w.org\/{rel}","templated":true}]}}