{"id":130389,"date":"2025-02-07T10:40:31","date_gmt":"2025-02-07T07:40:31","guid":{"rendered":"https:\/\/www.tgrthaber.com\/mavikadin\/?p=130389"},"modified":"2025-02-07T10:40:31","modified_gmt":"2025-02-07T07:40:31","slug":"kanal-d-ekranlarinin-karadeniz-dizisi-bulutlarin-ustunde-yeni-sezona-ertelendi","status":"publish","type":"post","link":"https:\/\/www.tgrthaber.com\/mavikadin\/kanal-d-ekranlarinin-karadeniz-dizisi-bulutlarin-ustunde-yeni-sezona-ertelendi\/","title":{"rendered":"Kanal D ekranlar\u0131n\u0131n Karadeniz dizisi \u201cBulutlar\u0131n \u00dcst\u00fcnde\u201d yeni sezona ertelendi!"},"content":{"rendered":"<p>Yeni sezona ertelenen diziler aras\u0131na \u201cBulutlar\u0131n \u00dcst\u00fcnde\u201d eklendi. Kanal D ekranlar\u0131nda izleyici kar\u015f\u0131s\u0131na \u00e7\u0131kmas\u0131 planlanan dizi yeni sezona ertelendi. Son zamanlarda pe\u015f pe\u015fe ertelenen dizilerden biri de Kanal D\u2019nin BKM imzal\u0131 Karadeniz dizisi, \u201cBulutlar\u0131n \u00dcst\u00fcnde\u201d oldu.<\/p>\n<h3>\u201cBULUTLARIN \u00dcST\u00dcNDE\u201d D\u0130Z\u0130S\u0130 YEN\u0130 SEZONA ERTELEND\u0130!<\/h3>\n<p>Yeni sezona ertelenen diziler aras\u0131na Bulutlar\u0131n \u00dcst\u00fcnde dizisi eklendi. Son zamanlarda bir\u00e7ok dizi oyuncu se\u00e7imi ba\u015flamas\u0131na ra\u011fmen yeni sezona erteleniyor. Pe\u015f pe\u015fe ertelenen dizilerin aras\u0131na Kanal D ekranlar\u0131n\u0131n BKM yap\u0131m imzal\u0131 Karadeniz dizisi \u201cBulutlar\u0131n \u00dcst\u00fcnde\u201d eklendi.<\/p>\n<p><img loading=\"lazy\" decoding=\"async\" class=\"alignnone wp-image-130393\" src=\"https:\/\/www.tgrthaber.com\/mavikadin\/wp-content\/uploads\/Adsiz-tasarim-54-15-1024x576.jpg\" alt=\"Kanal D ekranlar\u0131n\u0131n Karadeniz dizisi \u201cBulutlar\u0131n \u00dcst\u00fcnde\u201d yeni sezona ertelendi! \" width=\"1208\" height=\"680\" title=\"\" srcset=\"https:\/\/www.tgrthaber.com\/mavikadin\/wp-content\/uploads\/Adsiz-tasarim-54-15-1024x576.jpg 1024w, https:\/\/www.tgrthaber.com\/mavikadin\/wp-content\/uploads\/Adsiz-tasarim-54-15-300x169.jpg 300w, https:\/\/www.tgrthaber.com\/mavikadin\/wp-content\/uploads\/Adsiz-tasarim-54-15-768x432.jpg 768w, https:\/\/www.tgrthaber.com\/mavikadin\/wp-content\/uploads\/Adsiz-tasarim-54-15-1536x864.jpg 1536w, https:\/\/www.tgrthaber.com\/mavikadin\/wp-content\/uploads\/Adsiz-tasarim-54-15.jpg 1600w\" sizes=\"(max-width: 1208px) 100vw, 1208px\" \/><\/p>\n<hr \/>\n<p>Bir\u00e7ok dizinin yeni sezona ertelendi\u011fi konu\u015fuluyordu. Kanal D ekranlar\u0131n\u0131n b\u00fcy\u00fck bir merakla beklenen Karadeniz dizisi Bulutlar\u0131n \u00dcst\u00fcnde ise oyuncu se\u00e7imi ba\u015flay\u0131p ertelenen 9. dizi oldu. Birsen Altunta\u015f\u2019\u0131n haberine g\u00f6re; bu sezon Gold Film\u2019in \u201c\u00c7i\u00e7ekler A\u00e7ar\u201d, Tims&amp;B\u2019nin \u201cYasak A\u015fk\u201d, Ay Yap\u0131m\u2019\u0131n \u201c\u0130\u015fgal G\u00fcnlerinde A\u015fk\u201d OGM Pictures ile Faro imzal\u0131 \u201cHalef\u201d, Most Yap\u0131m\u2019\u0131n kod ad\u0131 \u201cHalef\u201d, O3 Medya\u2019n\u0131n \u201cD\u00f6n\u00fc\u015f\u201d, OGM Pictures\u2019\u0131n \u201cFikriye\u201d ve Mia Yap\u0131m\u2019\u0131n \u201cDava\u201d adl\u0131 dizileri eyl\u00fcl sezonuna ertelenmi\u015fti. Ertelenen projelere ise bir yenisi eklendi. BKM\u2019nin Kanal D ekranlar\u0131 i\u00e7in haz\u0131rlad\u0131\u011f\u0131 dizi \u201cBulutlar\u0131n \u00dcst\u00fcnde\u201d yeni sezona ertelendi.<\/p>\n<p><img loading=\"lazy\" decoding=\"async\" class=\"alignnone wp-image-130395\" src=\"https:\/\/www.tgrthaber.com\/mavikadin\/wp-content\/uploads\/Adsiz-tasarim-56-10-1024x576.jpg\" alt=\"Kanal D ekranlar\u0131n\u0131n Karadeniz dizisi \u201cBulutlar\u0131n \u00dcst\u00fcnde\u201d yeni sezona ertelendi! \" width=\"1208\" height=\"680\" title=\"\" srcset=\"https:\/\/www.tgrthaber.com\/mavikadin\/wp-content\/uploads\/Adsiz-tasarim-56-10-1024x576.jpg 1024w, https:\/\/www.tgrthaber.com\/mavikadin\/wp-content\/uploads\/Adsiz-tasarim-56-10-300x169.jpg 300w, https:\/\/www.tgrthaber.com\/mavikadin\/wp-content\/uploads\/Adsiz-tasarim-56-10-768x432.jpg 768w, https:\/\/www.tgrthaber.com\/mavikadin\/wp-content\/uploads\/Adsiz-tasarim-56-10-1536x864.jpg 1536w, https:\/\/www.tgrthaber.com\/mavikadin\/wp-content\/uploads\/Adsiz-tasarim-56-10.jpg 1600w\" sizes=\"(max-width: 1208px) 100vw, 1208px\" \/><\/p>\n<hr \/>\n<h3>BULUTLARIN \u00dcST\u00dcNDE D\u0130Z\u0130S\u0130 KARADEN\u0130Z\u2019DE \u00c7EK\u0130LECEK!<\/h3>\n<p>\u0130nci Taneleri ve Annem Ankara dizilerine imza atan BKM\u2019nin yeni projesi Bulutlar\u0131n \u00dcst\u00fcnde Kanal D ekranlar\u0131nda izleyici kar\u015f\u0131s\u0131na \u00e7\u0131kmaya haz\u0131rlan\u0131yordu. Fakat dizinin oyuncu se\u00e7imleri ba\u015flamas\u0131na ra\u011fmen yeni sezona ertelenmesi izleyicileri \u015fa\u015fk\u0131na \u00e7evirdi. BKM\u2019nin iddial\u0131 dizileri aras\u0131nda yer alan Bulutlar\u0131n \u00dcst\u00fcnde, Al\u0131han Malbora ve Ayta\u00e7 \u015ea\u015fmaz\u2019\u0131 bulu\u015fturan Mavi Ku\u015f filmini \u00e7eken Soner Caner\u2019in y\u00f6neticili\u011finde Karadeniz\u2019in e\u015fsiz do\u011fas\u0131nda \u00e7ekilecek.<\/p>\n<p><img loading=\"lazy\" decoding=\"async\" class=\"alignnone wp-image-130397\" src=\"https:\/\/www.tgrthaber.com\/mavikadin\/wp-content\/uploads\/Adsiz-tasarim-57-12-1024x576.jpg\" alt=\"Kanal D ekranlar\u0131n\u0131n Karadeniz dizisi \u201cBulutlar\u0131n \u00dcst\u00fcnde\u201d yeni sezona ertelendi! \" width=\"1208\" height=\"680\" title=\"\" srcset=\"https:\/\/www.tgrthaber.com\/mavikadin\/wp-content\/uploads\/Adsiz-tasarim-57-12-1024x576.jpg 1024w, https:\/\/www.tgrthaber.com\/mavikadin\/wp-content\/uploads\/Adsiz-tasarim-57-12-300x169.jpg 300w, https:\/\/www.tgrthaber.com\/mavikadin\/wp-content\/uploads\/Adsiz-tasarim-57-12-768x432.jpg 768w, https:\/\/www.tgrthaber.com\/mavikadin\/wp-content\/uploads\/Adsiz-tasarim-57-12-1536x864.jpg 1536w, https:\/\/www.tgrthaber.com\/mavikadin\/wp-content\/uploads\/Adsiz-tasarim-57-12.jpg 1600w\" sizes=\"(max-width: 1208px) 100vw, 1208px\" \/><\/p>\n<hr \/>\n<p>Birbirinden ba\u015far\u0131l\u0131 isimlerin yer ald\u0131\u011f\u0131 Bulutlar\u0131n \u00dcst\u00fcnde dizisi eyl\u00fcl sezonuna ertelendi. Ercan Kesal, Uraz Kayg\u0131rlaro\u011flu, Erkan Kol\u00e7ak K\u00f6stendil, Ay\u00e7a Ay\u00e7in Turan ve \u00d6zge \u00d6zacar gibi \u00fcnl\u00fc isimlerin bulu\u015ftu\u011fu, Onur Ko\u00e7al\u2019\u0131n ise kaleme ald\u0131\u011f\u0131 dizinin Hopa\u2019da \u00e7ekilmesi planlan\u0131yor.<\/p>\n","protected":false},"excerpt":{"rendered":"<p>Kanal D ekranlar\u0131nda izleyici kar\u015f\u0131s\u0131na \u00e7\u0131kmaya haz\u0131rlanan \u201cBulutlar\u0131n \u00dcst\u00fcnde\u201d dizisi yeni sezona ertelendi. Yeni sezona ertelenen diziler aras\u0131na bir yenisi eklendi. \u0130\u015fte detaylar\u2026<\/p>\n","protected":false},"author":26,"featured_media":130392,"comment_status":"closed","ping_status":"closed","sticky":false,"template":"","format":"standard","meta":{"rank_math_lock_modified_date":false,"footnotes":""},"categories":[602],"tags":[10147,2628],"class_list":["post-130389","post","type-post","status-publish","format-standard","has-post-thumbnail","hentry","category-diziler","tag-bulutlarin-ustunde","tag-dizi-haberleri"],"_links":{"self":[{"href":"https:\/\/www.tgrthaber.com\/mavikadin\/wp-json\/wp\/v2\/posts\/130389"}],"collection":[{"href":"https:\/\/www.tgrthaber.com\/mavikadin\/wp-json\/wp\/v2\/posts"}],"about":[{"href":"https:\/\/www.tgrthaber.com\/mavikadin\/wp-json\/wp\/v2\/types\/post"}],"author":[{"embeddable":true,"href":"https:\/\/www.tgrthaber.com\/mavikadin\/wp-json\/wp\/v2\/users\/26"}],"replies":[{"embeddable":true,"href":"https:\/\/www.tgrthaber.com\/mavikadin\/wp-json\/wp\/v2\/comments?post=130389"}],"version-history":[{"count":2,"href":"https:\/\/www.tgrthaber.com\/mavikadin\/wp-json\/wp\/v2\/posts\/130389\/revisions"}],"predecessor-version":[{"id":130400,"href":"https:\/\/www.tgrthaber.com\/mavikadin\/wp-json\/wp\/v2\/posts\/130389\/revisions\/130400"}],"wp:featuredmedia":[{"embeddable":true,"href":"https:\/\/www.tgrthaber.com\/mavikadin\/wp-json\/wp\/v2\/media\/130392"}],"wp:attachment":[{"href":"https:\/\/www.tgrthaber.com\/mavikadin\/wp-json\/wp\/v2\/media?parent=130389"}],"wp:term":[{"taxonomy":"category","embeddable":true,"href":"https:\/\/www.tgrthaber.com\/mavikadin\/wp-json\/wp\/v2\/categories?post=130389"},{"taxonomy":"post_tag","embeddable":true,"href":"https:\/\/www.tgrthaber.com\/mavikadin\/wp-json\/wp\/v2\/tags?post=130389"}],"curies":[{"name":"wp","href":"https:\/\/api.w.org\/{rel}","templated":true}]}}