{"id":130521,"date":"2025-02-07T13:47:37","date_gmt":"2025-02-07T10:47:37","guid":{"rendered":"https:\/\/www.tgrthaber.com\/mavikadin\/?p=130521"},"modified":"2025-02-07T13:47:46","modified_gmt":"2025-02-07T10:47:46","slug":"bir-zamanlar-istanbul-dizisi-ne-zaman-basladi-bir-zamanlar-istanbul-nerede-cekiliyor","status":"publish","type":"post","link":"https:\/\/www.tgrthaber.com\/mavikadin\/bir-zamanlar-istanbul-dizisi-ne-zaman-basladi-bir-zamanlar-istanbul-nerede-cekiliyor\/","title":{"rendered":"Bir Zamanlar \u0130stanbul dizisi ne zaman ba\u015flad\u0131? Bir Zamanlar \u0130stanbul nerede \u00e7ekiliyor?"},"content":{"rendered":"<p>Seyircinin b\u00fcy\u00fck bir merakla bekledi\u011fi Bir Zamanlar \u0130stanbul dizisinin ne zaman ba\u015flad\u0131\u011f\u0131 merak ediliyor. Tan\u0131t\u0131mlar\u0131 sosyal medyada b\u00fcy\u00fck ses getiren d\u00f6nem dizisinin nerede \u00e7ekildi\u011fi de merak edilenler aras\u0131nda yer al\u0131yor. \u0130zleyiciyi 90\u2019l\u0131 y\u0131llar\u0131n \u0130stanbul\u2019una getirecek olan dizinin uyarlama olup olmad\u0131\u011f\u0131 da merak ediliyor. Peki, Bir Zamanlar \u0130stanbul dizisi ne zaman ba\u015flad\u0131? Bir Zamanlar \u0130stanbul nerede \u00e7ekiliyor? Bir Zamanlar \u0130stanbul hangi kitaptan uyarlama? Bir Zamanlar \u0130stanbul hangi platformdayd\u0131? Bir Zamanlar \u0130stanbul dizisi hakk\u0131nda merak edilenleri sizin i\u00e7in ara\u015ft\u0131rd\u0131k. \u0130\u015fte Bir Zamanlar \u0130stanbul hakk\u0131nda merak edilenler\u2026<\/p>\n<hr \/>\n<h3>B\u0130R ZAMANLAR \u0130STANBUL D\u0130Z\u0130S\u0130N\u0130N KONUSU NE?<\/h3>\n<p>Yeni sezonun sab\u0131rs\u0131zl\u0131kla beklenen dizisi Bir Zamanlar \u0130stanbul, bir d\u00f6nem dizisi olarak kar\u015f\u0131m\u0131za \u00e7\u0131k\u0131yor. 90\u2019l\u0131 y\u0131llar\u0131n karanl\u0131k atmosferine \u0131\u015f\u0131k tutacak olan Bir Zamanlar \u0130stanbul dizisi izleyiciyi o y\u0131llar\u0131n \u0130stanbul\u2019una g\u00f6t\u00fcrecek. A\u015fk, adalet ve m\u00fccadele temalar\u0131yla \u00f6n plana \u00e7\u0131kan Bir Zamanlar \u0130stanbul dizisi, 1990\u2019l\u0131 y\u0131llar\u0131n toplumsal sorunlar\u0131n\u0131 ve su\u00e7 d\u00fcnyas\u0131n\u0131 konu al\u0131yor. \u0130zleyiciyi derin bir hik\u00e2yenin i\u00e7erisine \u00e7ekecek olan dizi, iki gencin adalet aray\u0131\u015f\u0131n\u0131 merkeze al\u0131yor.<\/p>\n<p><img loading=\"lazy\" decoding=\"async\" class=\"alignnone wp-image-130523\" src=\"https:\/\/www.tgrthaber.com\/mavikadin\/wp-content\/uploads\/Bir-Zamanlar-Istanbul-3-1-1024x576.jpg\" alt=\"Bir Zamanlar \u0130stanbul dizisi ne zaman ba\u015flad\u0131? \" width=\"1208\" height=\"680\" title=\"\" srcset=\"https:\/\/www.tgrthaber.com\/mavikadin\/wp-content\/uploads\/Bir-Zamanlar-Istanbul-3-1-1024x576.jpg 1024w, https:\/\/www.tgrthaber.com\/mavikadin\/wp-content\/uploads\/Bir-Zamanlar-Istanbul-3-1-300x169.jpg 300w, https:\/\/www.tgrthaber.com\/mavikadin\/wp-content\/uploads\/Bir-Zamanlar-Istanbul-3-1-768x432.jpg 768w, https:\/\/www.tgrthaber.com\/mavikadin\/wp-content\/uploads\/Bir-Zamanlar-Istanbul-3-1-1536x864.jpg 1536w, https:\/\/www.tgrthaber.com\/mavikadin\/wp-content\/uploads\/Bir-Zamanlar-Istanbul-3-1.jpg 1600w\" sizes=\"(max-width: 1208px) 100vw, 1208px\" \/><\/p>\n<hr \/>\n<p>90\u2019l\u0131 y\u0131llar\u0131n toplumsal karanl\u0131klar\u0131na \u0131\u015f\u0131k tutacak olan Bir Zamanlar \u0130stanbul dizisi, Ali ve Seher karakterlerinin mafya a\u011f\u0131na kar\u015f\u0131 verdi\u011fi m\u00fccadeleyi konu al\u0131yor. Dizi, sadece d\u00f6nemsel konular\u0131 ele alm\u0131yor. Bunun yan\u0131nda adalet ve a\u015fk temalar\u0131n\u0131 da \u00f6n plana \u00e7\u0131kar\u0131yor. Ayn\u0131 \u00fcniversitede okuyan Ali ve Seher, bir m\u00fcnazara s\u0131ras\u0131nda tan\u0131\u015f\u0131r ve yollar\u0131 kesi\u015fir. \u201cBir insan\u0131 su\u00e7a iten toplum mudur, yoksa kendi se\u00e7imleri mi?\u201d sorusu Ali ve Seher\u2019in hem d\u00fc\u015f\u00fcnsel hem de duygusal bir ba\u011f kurmas\u0131na sebep olur. \u0130kili, zalimlere kar\u015f\u0131 omuz omuza vererek \u0130stanbul\u2019un su\u00e7 d\u00fcnyas\u0131n\u0131 alt\u00fcst eder.<\/p>\n<p><img loading=\"lazy\" decoding=\"async\" class=\"alignnone wp-image-130524\" src=\"https:\/\/www.tgrthaber.com\/mavikadin\/wp-content\/uploads\/Bir-Zamanlar-Istanbul-4-1-1024x576.jpg\" alt=\"Bir Zamanlar \u0130stanbul dizisi ne zaman ba\u015flad\u0131? \" width=\"1208\" height=\"680\" title=\"\" srcset=\"https:\/\/www.tgrthaber.com\/mavikadin\/wp-content\/uploads\/Bir-Zamanlar-Istanbul-4-1-1024x576.jpg 1024w, https:\/\/www.tgrthaber.com\/mavikadin\/wp-content\/uploads\/Bir-Zamanlar-Istanbul-4-1-300x169.jpg 300w, https:\/\/www.tgrthaber.com\/mavikadin\/wp-content\/uploads\/Bir-Zamanlar-Istanbul-4-1-768x432.jpg 768w, https:\/\/www.tgrthaber.com\/mavikadin\/wp-content\/uploads\/Bir-Zamanlar-Istanbul-4-1-1536x864.jpg 1536w, https:\/\/www.tgrthaber.com\/mavikadin\/wp-content\/uploads\/Bir-Zamanlar-Istanbul-4-1.jpg 1600w\" sizes=\"(max-width: 1208px) 100vw, 1208px\" \/><\/p>\n<hr \/>\n<h3>B\u0130R ZAMANLAR \u0130STANBUL D\u0130Z\u0130S\u0130 NE ZAMAN BA\u015eLADI?<\/h3>\n<p>Hem konusu hem de g\u00fc\u00e7l\u00fc oyuncu kadrosuyla dikkatleri \u00fczerine \u00e7eken Bir Zamanlar \u0130stanbul dizisinin ne zaman ba\u015flad\u0131\u011f\u0131 da en \u00e7ok merak edilen sorular aras\u0131nda. Tan\u0131t\u0131mlar\u0131yla sosyal medyada g\u00fcndem olan ve b\u00fcy\u00fck yank\u0131 uyand\u0131ran Bir Zamanlar \u0130stanbul dizisi, TRT 1 ekranlar\u0131nda 7 \u015eubat 2025 Cuma g\u00fcn\u00fc (bu ak\u015fam) ilk b\u00f6l\u00fcm\u00fc ile seyirci kar\u015f\u0131s\u0131na \u00e7\u0131kmaya haz\u0131rlan\u0131yor.<\/p>\n<p><img loading=\"lazy\" decoding=\"async\" class=\"alignnone wp-image-130525\" src=\"https:\/\/www.tgrthaber.com\/mavikadin\/wp-content\/uploads\/Bir-Zamanlar-Istanbul-5-1-1024x576.jpg\" alt=\"Bir Zamanlar \u0130stanbul dizisi ne zaman ba\u015flad\u0131? \" width=\"1208\" height=\"680\" title=\"\" srcset=\"https:\/\/www.tgrthaber.com\/mavikadin\/wp-content\/uploads\/Bir-Zamanlar-Istanbul-5-1-1024x576.jpg 1024w, https:\/\/www.tgrthaber.com\/mavikadin\/wp-content\/uploads\/Bir-Zamanlar-Istanbul-5-1-300x169.jpg 300w, https:\/\/www.tgrthaber.com\/mavikadin\/wp-content\/uploads\/Bir-Zamanlar-Istanbul-5-1-768x432.jpg 768w, https:\/\/www.tgrthaber.com\/mavikadin\/wp-content\/uploads\/Bir-Zamanlar-Istanbul-5-1-1536x864.jpg 1536w, https:\/\/www.tgrthaber.com\/mavikadin\/wp-content\/uploads\/Bir-Zamanlar-Istanbul-5-1.jpg 1600w\" sizes=\"(max-width: 1208px) 100vw, 1208px\" \/><\/p>\n<hr \/>\n<p>Dizi severlerin b\u00fcy\u00fck bir merakla bekledi\u011fi Bir Zamanlar \u0130stanbul dizisi her Cuma TRT 1 ekranlar\u0131nda izleyici ile bulu\u015facak. Ekran maceras\u0131na 7 \u015eubat 2025 Cuma bu ak\u015fam ba\u015flayacak olan dizinin ilk b\u00f6l\u00fcm\u00fc merakla bekleniyor. Bir Zamanlar \u0130stanbul dizisi her Cuma saat 20.00\u2019da TRT 1 ekranlar\u0131nda izleyici kar\u015f\u0131s\u0131na \u00e7\u0131kacak.<\/p>\n<h3>B\u0130R ZAMANLAR \u0130STANBUL NEREDE \u00c7EK\u0130L\u0130YOR?<\/h3>\n<p>Etkileyici konusuyla izleyici kar\u015f\u0131s\u0131na \u00e7\u0131kmaya haz\u0131rlanan Bir Zamanlar \u0130stanbul dizisi, 90\u2019l\u0131 y\u0131llar\u0131n \u0130stanbul\u2019unda ge\u00e7en bir hik\u00e2yeyi konu al\u0131yor. Bir d\u00f6nem dizisi olarak izleyici kar\u015f\u0131s\u0131na \u00e7\u0131kmaya haz\u0131rlanan dizinin \u00e7ekim yerlerinin neresi oldu\u011fu da merak ediliyor. Bir Zamanlar \u0130stanbul dizisi, \u015fehrin tarihi ve nostaljik dokusunu en iyi yans\u0131tan semtlerde \u00e7ekiliyor.<\/p>\n<p><img loading=\"lazy\" decoding=\"async\" class=\"alignnone wp-image-130526\" src=\"https:\/\/www.tgrthaber.com\/mavikadin\/wp-content\/uploads\/Bir-Zamanlar-Istanbul-7-1024x576.jpg\" alt=\"Bir Zamanlar \u0130stanbul dizisi ne zaman ba\u015flad\u0131? \" width=\"1208\" height=\"680\" title=\"\" srcset=\"https:\/\/www.tgrthaber.com\/mavikadin\/wp-content\/uploads\/Bir-Zamanlar-Istanbul-7-1024x576.jpg 1024w, https:\/\/www.tgrthaber.com\/mavikadin\/wp-content\/uploads\/Bir-Zamanlar-Istanbul-7-300x169.jpg 300w, https:\/\/www.tgrthaber.com\/mavikadin\/wp-content\/uploads\/Bir-Zamanlar-Istanbul-7-768x432.jpg 768w, https:\/\/www.tgrthaber.com\/mavikadin\/wp-content\/uploads\/Bir-Zamanlar-Istanbul-7-1536x864.jpg 1536w, https:\/\/www.tgrthaber.com\/mavikadin\/wp-content\/uploads\/Bir-Zamanlar-Istanbul-7.jpg 1600w\" sizes=\"(max-width: 1208px) 100vw, 1208px\" \/><\/p>\n<hr \/>\n<p>Bir Zamanlar \u0130stanbul dizisi, tarihi yap\u0131s\u0131yla herkesi etkileyen \u0130stanbul\u2019un Balat, Fatih, Beyo\u011flu ve Galata gibi semtlerinde \u00e7ekilerek, 90\u2019l\u0131 y\u0131llar\u0131n atmosferini olu\u015fturmu\u015ftur. \u0130stanbul\u2019un bu g\u00fczel semtleri, d\u00f6nemin ruhunu, mimarisini ve sokaklar\u0131n\u0131 diziye ger\u00e7ek\u00e7i bir \u015fekilde aktarmak i\u00e7in \u00f6zenle se\u00e7ilmi\u015f. Bu semtlerin yan\u0131 s\u0131ra dizinin seti 90\u2019l\u0131 y\u0131llar\u0131n \u0130stanbul\u2019unu seyirciye en g\u00fczel \u015fekilde aktarabilmek i\u00e7in \u00f6zel olarak tasarlanm\u0131\u015f. Bozda\u011f Film Platolar\u0131nda, d\u00f6nemin ruhunu yans\u0131tan sokaklar, binalar ve hayat tarz\u0131 en ince ayr\u0131nt\u0131s\u0131na kadar in\u015fa edilmi\u015f.<\/p>\n<p><img loading=\"lazy\" decoding=\"async\" class=\"alignnone wp-image-130527\" src=\"https:\/\/www.tgrthaber.com\/mavikadin\/wp-content\/uploads\/Bir-Zamanlar-Istanbul-10-1024x576.jpg\" alt=\"Bir Zamanlar \u0130stanbul dizisi ne zaman ba\u015flad\u0131? \" width=\"1208\" height=\"680\" title=\"\" srcset=\"https:\/\/www.tgrthaber.com\/mavikadin\/wp-content\/uploads\/Bir-Zamanlar-Istanbul-10-1024x576.jpg 1024w, https:\/\/www.tgrthaber.com\/mavikadin\/wp-content\/uploads\/Bir-Zamanlar-Istanbul-10-300x169.jpg 300w, https:\/\/www.tgrthaber.com\/mavikadin\/wp-content\/uploads\/Bir-Zamanlar-Istanbul-10-768x432.jpg 768w, https:\/\/www.tgrthaber.com\/mavikadin\/wp-content\/uploads\/Bir-Zamanlar-Istanbul-10-1536x864.jpg 1536w, https:\/\/www.tgrthaber.com\/mavikadin\/wp-content\/uploads\/Bir-Zamanlar-Istanbul-10.jpg 1600w\" sizes=\"(max-width: 1208px) 100vw, 1208px\" \/><\/p>\n<hr \/>\n<h3>B\u0130R ZAMANLAR \u0130STANBUL HANG\u0130 K\u0130TAPTAN UYARLAMA?<\/h3>\n<p>TRT 1 ekranlar\u0131n\u0131n iddial\u0131 dizileri aras\u0131nda yer alan Bir Zamanlar \u0130stanbul dizisinin uyarlama olup olmad\u0131\u011f\u0131 da en \u00e7ok merak edilen sorular aras\u0131nda yer al\u0131yor. Ger\u00e7ek\u00e7i set tasar\u0131m\u0131 ve dev prod\u00fcksiyonuyla 90\u2019l\u0131 y\u0131llar\u0131n \u0130stanbul\u2019unu izleyici kar\u015f\u0131s\u0131na \u00e7\u0131karmaya haz\u0131rlanan diziyi Birol Tezcan ve A. Kadir \u0130lter kaleme al\u0131yor.<\/p>\n<p><img loading=\"lazy\" decoding=\"async\" class=\"alignnone wp-image-130528\" src=\"https:\/\/www.tgrthaber.com\/mavikadin\/wp-content\/uploads\/Bir-Zamanlar-Istanbul-9-1024x576.jpg\" alt=\"Bir Zamanlar \u0130stanbul dizisi ne zaman ba\u015flad\u0131? \" width=\"1208\" height=\"680\" title=\"\" srcset=\"https:\/\/www.tgrthaber.com\/mavikadin\/wp-content\/uploads\/Bir-Zamanlar-Istanbul-9-1024x576.jpg 1024w, https:\/\/www.tgrthaber.com\/mavikadin\/wp-content\/uploads\/Bir-Zamanlar-Istanbul-9-300x169.jpg 300w, https:\/\/www.tgrthaber.com\/mavikadin\/wp-content\/uploads\/Bir-Zamanlar-Istanbul-9-768x432.jpg 768w, https:\/\/www.tgrthaber.com\/mavikadin\/wp-content\/uploads\/Bir-Zamanlar-Istanbul-9-1536x864.jpg 1536w, https:\/\/www.tgrthaber.com\/mavikadin\/wp-content\/uploads\/Bir-Zamanlar-Istanbul-9.jpg 1600w\" sizes=\"(max-width: 1208px) 100vw, 1208px\" \/><\/p>\n<hr \/>\n<p>Konusu ve g\u00fc\u00e7l\u00fc oyuncu kadrosuyla seyirci taraf\u0131ndan merakla beklenen Bir Zamanlar \u0130stanbul dizisinin herhangi bir kitaptan uyarlama olup olmad\u0131\u011f\u0131 bilinmiyor. Ba\u015frollerinde Cihangir Ceyhan ve Alina Boz\u2019un yer ald\u0131\u011f\u0131 dizi, 7 \u015eubat 2025 Cuma bu ak\u015fam ilk b\u00f6l\u00fcm\u00fcyle ekran maceras\u0131na ba\u015fl\u0131yor.<\/p>\n<h3>B\u0130R ZAMANLAR \u0130STANBUL HANG\u0130 PLATFORMDAYDI?<\/h3>\n<p>B\u00fcy\u00fck bir heyecan ve merakla beklenen Bir Zamanlar \u0130stanbul dizisi, TRT 1 ekranlar\u0131nda izleyici ile bulu\u015fuyor. Proje tasar\u0131m\u0131n\u0131 Mehmet Bozda\u011f\u2019\u0131n \u00fcstlendi\u011fi ve y\u00f6netmen koltu\u011funda Metin G\u00fcnay\u2019\u0131n oturdu\u011fu dizi her Cuma saat 20.00\u2019da TRT 1 ekranlar\u0131nda izleyici kar\u015f\u0131s\u0131na \u00e7\u0131k\u0131yor.<\/p>\n<p><img loading=\"lazy\" decoding=\"async\" class=\"alignnone wp-image-130529\" src=\"https:\/\/www.tgrthaber.com\/mavikadin\/wp-content\/uploads\/Bir-Zamanlar-Istanbul-11-1024x576.jpg\" alt=\"Bir Zamanlar \u0130stanbul dizisi ne zaman ba\u015flad\u0131? \" width=\"1208\" height=\"680\" title=\"\" srcset=\"https:\/\/www.tgrthaber.com\/mavikadin\/wp-content\/uploads\/Bir-Zamanlar-Istanbul-11-1024x576.jpg 1024w, https:\/\/www.tgrthaber.com\/mavikadin\/wp-content\/uploads\/Bir-Zamanlar-Istanbul-11-300x169.jpg 300w, https:\/\/www.tgrthaber.com\/mavikadin\/wp-content\/uploads\/Bir-Zamanlar-Istanbul-11-768x432.jpg 768w, https:\/\/www.tgrthaber.com\/mavikadin\/wp-content\/uploads\/Bir-Zamanlar-Istanbul-11-1536x864.jpg 1536w, https:\/\/www.tgrthaber.com\/mavikadin\/wp-content\/uploads\/Bir-Zamanlar-Istanbul-11.jpg 1600w\" sizes=\"(max-width: 1208px) 100vw, 1208px\" \/><\/p>\n<hr \/>\n<p>Bir Zamanlar \u0130stanbul dizisinin TRT 1 ekranlar\u0131n\u0131n yan\u0131 s\u0131ra TRT dijital platformu Tabii&#8217;de de yay\u0131nlanaca\u011f\u0131 d\u00fc\u015f\u00fcn\u00fcl\u00fcyor. \u0130zleyiciler TRT 1 ekranlar\u0131n\u0131n yan\u0131 s\u0131ra Tabii dijital platformundan da &#8220;Bir Zamanlar \u0130stanbul&#8221;\u00a0 dizisini izleyebilecek.<\/p>\n<h3>B\u0130R ZAMANLAR \u0130STANBUL OYUNCULARI K\u0130M?<\/h3>\n<p>Ba\u015frollerinde Cihangir Cihan ve Alina Boz\u2019un yer ald\u0131\u011f\u0131 Bir Zamanlar \u0130stanbul dizisi birbirinden ba\u015far\u0131l\u0131 isimler ve usta oyuncularla izleyici kar\u015f\u0131s\u0131na \u00e7\u0131k\u0131yor. Hem konusu hem de g\u00fc\u00e7l\u00fc oyuncu kadrosuyla dikkatleri \u00fczerine \u00e7eken dizi TRT 1 ekranlar\u0131nda izleyici ile bulu\u015fuyor. \u0130\u015fte Bir Zamanlar \u0130stanbul dizisinin oyuncular\u0131;<\/p>\n<p><img loading=\"lazy\" decoding=\"async\" class=\"alignnone wp-image-130530\" src=\"https:\/\/www.tgrthaber.com\/mavikadin\/wp-content\/uploads\/Bir-Zamanlar-Istanbul-1-1-1024x576.jpg\" alt=\"Bir Zamanlar \u0130stanbul dizisi ne zaman ba\u015flad\u0131? \" width=\"1208\" height=\"680\" title=\"\" srcset=\"https:\/\/www.tgrthaber.com\/mavikadin\/wp-content\/uploads\/Bir-Zamanlar-Istanbul-1-1-1024x576.jpg 1024w, https:\/\/www.tgrthaber.com\/mavikadin\/wp-content\/uploads\/Bir-Zamanlar-Istanbul-1-1-300x169.jpg 300w, https:\/\/www.tgrthaber.com\/mavikadin\/wp-content\/uploads\/Bir-Zamanlar-Istanbul-1-1-768x432.jpg 768w, https:\/\/www.tgrthaber.com\/mavikadin\/wp-content\/uploads\/Bir-Zamanlar-Istanbul-1-1-1536x864.jpg 1536w, https:\/\/www.tgrthaber.com\/mavikadin\/wp-content\/uploads\/Bir-Zamanlar-Istanbul-1-1.jpg 1600w\" sizes=\"(max-width: 1208px) 100vw, 1208px\" \/><\/p>\n<hr \/>\n<p>Cihangir Ceyhan (Ali Tuna)<\/p>\n<p>Alina Boz (Seher Nazar)<\/p>\n<p>H\u00fcseyin Avni Danyal (\u00c7etin Nazar)<\/p>\n<p>Didem Bal\u00e7\u0131n (Fidan Atik)<\/p>\n<p>\u015eebnem D\u00f6nmez (Nermin Sencer)<\/p>\n<p>Kaan Ta\u015faner (G\u00f6khan Atik)<\/p>\n<p>Deniz Celilo\u011flu (Emin Tuna)<\/p>\n<p>\u00d6zge \u00d6zder (Jale Nazar)<\/p>\n<p>\u00dcmit Kantarc\u0131lar (Og\u00fcn)<\/p>\n<p>\u0130pek Karap\u0131nar (\u00d6zlem Tuna)<\/p>\n<p>Murat Daltaban (Kenan Sencer)<\/p>\n<p>Nihal Kolda\u015f (Serpil Tuna)<\/p>\n<p>Mirza Bahattin Do\u011fan (K\u00fclhan)<\/p>\n<p>Serdar \u00d6zer (Celal)<\/p>\n","protected":false},"excerpt":{"rendered":"<p>Yeni sezonun iddial\u0131 dizileri aras\u0131nda yer alan Bir Zamanlar \u0130stanbul dizisinin ne zaman ba\u015flad\u0131\u011f\u0131 merak ediliyor. Peki, Bir Zamanlar \u0130stanbul dizisi ne zaman ba\u015flad\u0131? Bir Zamanlar \u0130stanbul nerede \u00e7ekiliyor? Bir Zamanlar \u0130stanbul dizisine dair merak edilenler\u2026 <\/p>\n","protected":false},"author":26,"featured_media":130522,"comment_status":"closed","ping_status":"closed","sticky":false,"template":"","format":"standard","meta":{"rank_math_lock_modified_date":false,"footnotes":""},"categories":[602],"tags":[3135,8483,8484,10180,2628],"class_list":["post-130521","post","type-post","status-publish","format-standard","has-post-thumbnail","hentry","category-diziler","tag-bir-zamanlar-istanbul","tag-bir-zamanlar-istanbul-dizisi","tag-bir-zamanlar-istanbul-dizisi-oyunculari","tag-bir-zamanlar-istanbul-nerede-cekiliyor","tag-dizi-haberleri"],"_links":{"self":[{"href":"https:\/\/www.tgrthaber.com\/mavikadin\/wp-json\/wp\/v2\/posts\/130521"}],"collection":[{"href":"https:\/\/www.tgrthaber.com\/mavikadin\/wp-json\/wp\/v2\/posts"}],"about":[{"href":"https:\/\/www.tgrthaber.com\/mavikadin\/wp-json\/wp\/v2\/types\/post"}],"author":[{"embeddable":true,"href":"https:\/\/www.tgrthaber.com\/mavikadin\/wp-json\/wp\/v2\/users\/26"}],"replies":[{"embeddable":true,"href":"https:\/\/www.tgrthaber.com\/mavikadin\/wp-json\/wp\/v2\/comments?post=130521"}],"version-history":[{"count":1,"href":"https:\/\/www.tgrthaber.com\/mavikadin\/wp-json\/wp\/v2\/posts\/130521\/revisions"}],"predecessor-version":[{"id":130531,"href":"https:\/\/www.tgrthaber.com\/mavikadin\/wp-json\/wp\/v2\/posts\/130521\/revisions\/130531"}],"wp:featuredmedia":[{"embeddable":true,"href":"https:\/\/www.tgrthaber.com\/mavikadin\/wp-json\/wp\/v2\/media\/130522"}],"wp:attachment":[{"href":"https:\/\/www.tgrthaber.com\/mavikadin\/wp-json\/wp\/v2\/media?parent=130521"}],"wp:term":[{"taxonomy":"category","embeddable":true,"href":"https:\/\/www.tgrthaber.com\/mavikadin\/wp-json\/wp\/v2\/categories?post=130521"},{"taxonomy":"post_tag","embeddable":true,"href":"https:\/\/www.tgrthaber.com\/mavikadin\/wp-json\/wp\/v2\/tags?post=130521"}],"curies":[{"name":"wp","href":"https:\/\/api.w.org\/{rel}","templated":true}]}}