{"id":130532,"date":"2025-02-07T14:34:04","date_gmt":"2025-02-07T11:34:04","guid":{"rendered":"https:\/\/www.tgrthaber.com\/mavikadin\/?p=130532"},"modified":"2025-02-14T10:18:58","modified_gmt":"2025-02-14T07:18:58","slug":"gelin-dizisi-melih-kimdir","status":"publish","type":"post","link":"https:\/\/www.tgrthaber.com\/mavikadin\/gelin-dizisi-melih-kimdir\/","title":{"rendered":"Gelin Dizisi Melih kimdir? Ka\u00e7 ya\u015f\u0131nda nerelerde oynad\u0131?"},"content":{"rendered":"<p>Kanal 7\u2019nin FYM yap\u0131m\u0131 olan \u201cGelin\u201d dizisi izleyiciyi ekrana s\u00fcr\u00fcklemeye devam ediyor. Reytinglerde h\u0131zl\u0131 y\u00fckseli\u015fe ge\u00e7en dizi hafta i\u00e7i ak\u015famlar\u0131n\u0131n izlenen yap\u0131mlar\u0131ndan biri oluyor. Dizinin konusu kadar karakterleri de merak edilenler aras\u0131nda yerini al\u0131yor. Dizinin karakterlerinden olan Melih ise izleyenler taraf\u0131ndan merak ediliyor. Peki, Dizinin konusu nedir, Melih karakteri kimdir? Sizler i\u00e7in ara\u015ft\u0131rd\u0131k\u2026<\/p>\n<p>Kanal 7 ekranlar\u0131n\u0131n sevilen dizisi \u201cGelin\u201d hafta i\u00e7i ak\u015famlar\u0131n\u0131n be\u011fenilen yap\u0131mlar\u0131ndan biri oluyor. Ba\u015frollerini Talya \u00c7elebi ve Cenay T\u00fcrksever\u2019 in payla\u015ft\u0131\u011f\u0131 dizi a\u015fklar\u0131 u\u011fruna fedakarl\u0131klar yapan gen\u00e7leri anlat\u0131yor. Hikayesi ile b\u00fcy\u00fck be\u011feni toplayan yap\u0131m izleyiciler taraf\u0131ndan takip ediliyor.<\/p>\n<h3><strong>GEL\u0130N D\u0130Z\u0130S\u0130 MEL\u0130H K\u0130MD\u0130R?<\/strong><\/h3>\n<p>Gelin adl\u0131 dizide, ailelerinin bask\u0131lar\u0131 ve kendi hayat m\u00fccadeleleri aras\u0131nda s\u0131k\u0131\u015fan Cihan ve Han\u00e7er\u2019in s\u00fcr\u00fckleyici hikayesini anlat\u0131yor. Dizi, hafta i\u00e7i her g\u00fcn saat 19:00\u2019da Kanal 7 ekranlar\u0131nda izleyicilerle bulu\u015fuyor.\u00a0 Develio\u011flu ailesinin soyunu devam ettirmek i\u00e7in \u00e7ocuk sahibi olmas\u0131 gereken Cihan kuzeni Beyza ile evlenmek zorunda kal\u0131yor. \u0130lk e\u015fi Beyza ile \u00e7ocuk sahibi olamay\u0131nca, annesinin y\u00f6nlendirmesiyle Han\u00e7er ile evleniyor.<\/p>\n<p>Anne ve babas\u0131n\u0131 kaybettikten sonra yeti\u015ftirme yurtlar\u0131nda b\u00fcy\u00fcyen Han\u00e7er, abisinin sa\u011fl\u0131k sorunlar\u0131 ve bor\u00e7lar\u0131 nedeniyle Cihan ile evlenmek zorunda kal\u0131yor. B\u00fcy\u00fck oyunlar i\u00e7erisinde kalan Han\u00e7er ve Cihan a\u015fk\u0131n etkisine kar\u015f\u0131 koyam\u0131yor. Dizinin y\u00f6netmenli\u011fini Taner Tun\u00e7 \u00fcstlenirken, senaryosu Ayla Hac\u0131o\u011fullar\u0131 ve Vilmer \u00d6z\u00e7\u0131nar taraf\u0131ndan kaleme al\u0131nm\u0131\u015ft\u0131r.<\/p>\n<p><img loading=\"lazy\" decoding=\"async\" class=\"wp-image-130533\" src=\"https:\/\/www.tgrthaber.com\/mavikadin\/wp-content\/uploads\/Adsiz-tasarim-8-29-1024x576.jpg\" alt=\"gelin dizi melih \" width=\"1208\" height=\"680\" title=\"\" srcset=\"https:\/\/www.tgrthaber.com\/mavikadin\/wp-content\/uploads\/Adsiz-tasarim-8-29-1024x576.jpg 1024w, https:\/\/www.tgrthaber.com\/mavikadin\/wp-content\/uploads\/Adsiz-tasarim-8-29-300x169.jpg 300w, https:\/\/www.tgrthaber.com\/mavikadin\/wp-content\/uploads\/Adsiz-tasarim-8-29-768x432.jpg 768w, https:\/\/www.tgrthaber.com\/mavikadin\/wp-content\/uploads\/Adsiz-tasarim-8-29-1536x864.jpg 1536w, https:\/\/www.tgrthaber.com\/mavikadin\/wp-content\/uploads\/Adsiz-tasarim-8-29.jpg 1600w\" sizes=\"(max-width: 1208px) 100vw, 1208px\" \/><\/p>\n<hr \/>\n<h3><strong>BARI\u015e G\u00dcM\u00dc\u015e BOLAYIR K\u0130MD\u0130R <\/strong><\/h3>\n<p>Bar\u0131\u015f G\u00fcm\u00fc\u015f Bolay\u0131r, K\u0131br\u0131s\u2019ta d\u00fcnyaya geldi. T\u00fcrk oyuncu ve yap\u0131mc\u0131 olan Bolay\u0131r aslen Sivasl\u0131d\u0131r. E\u011fitimini Ba\u015fkent \u0130leti\u015fim Bilimleri Akademisi\u2019nde tiyatro ve oyunculuk b\u00f6l\u00fcm\u00fcnde tamamlad\u0131. \u015eimdilerde ise \u201cGelin\u201d adl\u0131 dizide rol alm\u0131\u015f ve G\u00fcm\u00fc\u015f Melek Yap\u0131m\u2019da \u00e7al\u0131\u015fmaktad\u0131r. Bolay\u0131r \u201c\u0130ncir A\u011fac\u0131\u201d dizisinde de rol alm\u0131\u015ft\u0131r.<\/p>\n<p><img loading=\"lazy\" decoding=\"async\" class=\"wp-image-130535\" src=\"https:\/\/www.tgrthaber.com\/mavikadin\/wp-content\/uploads\/Adsiz-tasarim-10-35-1024x576.jpg\" alt=\"gelin dizi melih \" width=\"1208\" height=\"680\" title=\"\" srcset=\"https:\/\/www.tgrthaber.com\/mavikadin\/wp-content\/uploads\/Adsiz-tasarim-10-35-1024x576.jpg 1024w, https:\/\/www.tgrthaber.com\/mavikadin\/wp-content\/uploads\/Adsiz-tasarim-10-35-300x169.jpg 300w, https:\/\/www.tgrthaber.com\/mavikadin\/wp-content\/uploads\/Adsiz-tasarim-10-35-768x432.jpg 768w, https:\/\/www.tgrthaber.com\/mavikadin\/wp-content\/uploads\/Adsiz-tasarim-10-35-1536x864.jpg 1536w, https:\/\/www.tgrthaber.com\/mavikadin\/wp-content\/uploads\/Adsiz-tasarim-10-35.jpg 1600w\" sizes=\"(max-width: 1208px) 100vw, 1208px\" \/><\/p>\n<hr \/>\n<h3><strong>GEL\u0130N D\u0130Z\u0130S\u0130 OYUNCULARI<\/strong><\/h3>\n<ul>\n<li>Cenay T\u00fcrksever (Cihan Develio\u011flu)<\/li>\n<li>Talya \u00c7elebi (Han\u00e7er)<\/li>\n<li>Betig\u00fcl Ceylan (Mukadder)<\/li>\n<li>\u00c7isel Ku\u015fkan (Beyza)<\/li>\n<li>Ekrem Bozg\u00fcl (Nusret)<\/li>\n<li>Sidal Damar (Sinem)<\/li>\n<li>G\u00fcne\u015f Ebrar \u00d6zg\u00fcl (Mine)<\/li>\n<li>Can Tarakc\u0131 (Cemil)<\/li>\n<li>Bar\u0131\u015f G\u00fcm\u00fc\u015f Bolay\u0131r (Melih)<\/li>\n<li>Ceren Y\u00fcksekkaya (Derya)<\/li>\n<li>T\u00fcrker Kantar (Emir)<\/li>\n<li>Kutay S\u0327ahin (Engin)<\/li>\n<li>Arif Naz\u0131m (Ertu\u011frul)<\/li>\n<li>Deniz De\u011firmenci (Yasemin)<\/li>\n<li>Yasemin Ye\u015filg\u00f6z (Fadime)<\/li>\n<li>G\u00fcnnur Ad\u0131g\u00fczel (G\u00fcls\u00fcm)<\/li>\n<li>Elif \u00c7apk\u0131n (Yonca)<\/li>\n<li>Yi\u011fit T\u00fcrk Y\u0131ld\u0131r\u0131r<\/li>\n<\/ul>\n<p>&nbsp;<\/p>\n","protected":false},"excerpt":{"rendered":"<p>Kanal 7\u2019nin FYM yap\u0131m\u0131 olan \u201cGelin\u201d dizisi izleyiciyi ekrana s\u00fcr\u00fcklemeye devam ediyor. Reytinglerde h\u0131zl\u0131 y\u00fckseli\u015fe ge\u00e7en dizi hafta i\u00e7i ak\u015famlar\u0131n\u0131n izlenen yap\u0131mlar\u0131ndan biri oluyor. Dizinin konusu kadar karakterleri de merak edilenler aras\u0131nda yerini al\u0131yor. Dizinin karakterlerinden olan Melih ise izleyenler taraf\u0131ndan merak ediliyor. Peki, Dizinin konusu nedir, Melih karakteri kimdir? Sizler i\u00e7in ara\u015ft\u0131rd\u0131k\u2026<\/p>\n","protected":false},"author":34,"featured_media":130534,"comment_status":"closed","ping_status":"closed","sticky":false,"template":"","format":"standard","meta":{"rank_math_lock_modified_date":false,"footnotes":""},"categories":[491],"tags":[302,7058,10181],"class_list":["post-130532","post","type-post","status-publish","format-standard","has-post-thumbnail","hentry","category-biyografi","tag-gelin","tag-gelin-dizisi","tag-gelin-dizisi-melih"],"_links":{"self":[{"href":"https:\/\/www.tgrthaber.com\/mavikadin\/wp-json\/wp\/v2\/posts\/130532"}],"collection":[{"href":"https:\/\/www.tgrthaber.com\/mavikadin\/wp-json\/wp\/v2\/posts"}],"about":[{"href":"https:\/\/www.tgrthaber.com\/mavikadin\/wp-json\/wp\/v2\/types\/post"}],"author":[{"embeddable":true,"href":"https:\/\/www.tgrthaber.com\/mavikadin\/wp-json\/wp\/v2\/users\/34"}],"replies":[{"embeddable":true,"href":"https:\/\/www.tgrthaber.com\/mavikadin\/wp-json\/wp\/v2\/comments?post=130532"}],"version-history":[{"count":3,"href":"https:\/\/www.tgrthaber.com\/mavikadin\/wp-json\/wp\/v2\/posts\/130532\/revisions"}],"predecessor-version":[{"id":133708,"href":"https:\/\/www.tgrthaber.com\/mavikadin\/wp-json\/wp\/v2\/posts\/130532\/revisions\/133708"}],"wp:featuredmedia":[{"embeddable":true,"href":"https:\/\/www.tgrthaber.com\/mavikadin\/wp-json\/wp\/v2\/media\/130534"}],"wp:attachment":[{"href":"https:\/\/www.tgrthaber.com\/mavikadin\/wp-json\/wp\/v2\/media?parent=130532"}],"wp:term":[{"taxonomy":"category","embeddable":true,"href":"https:\/\/www.tgrthaber.com\/mavikadin\/wp-json\/wp\/v2\/categories?post=130532"},{"taxonomy":"post_tag","embeddable":true,"href":"https:\/\/www.tgrthaber.com\/mavikadin\/wp-json\/wp\/v2\/tags?post=130532"}],"curies":[{"name":"wp","href":"https:\/\/api.w.org\/{rel}","templated":true}]}}