{"id":130574,"date":"2025-02-07T16:02:57","date_gmt":"2025-02-07T13:02:57","guid":{"rendered":"https:\/\/www.tgrthaber.com\/mavikadin\/?p=130574"},"modified":"2025-02-07T16:03:58","modified_gmt":"2025-02-07T13:03:58","slug":"uc-kiz-kardesin-donusu-almila-ada-evlilik-yolunda-ilk-adimi-atti-sade-bir-torenle-nisan-yapti","status":"publish","type":"post","link":"https:\/\/www.tgrthaber.com\/mavikadin\/uc-kiz-kardesin-donusu-almila-ada-evlilik-yolunda-ilk-adimi-atti-sade-bir-torenle-nisan-yapti\/","title":{"rendered":"\u00dc\u00e7 K\u0131z Karde\u015f&#8217;in D\u00f6n\u00fc\u015f&#8217;\u00fc Almila Ada evlilik yolunda ilk ad\u0131m\u0131 att\u0131! Sade bir t\u00f6renle ni\u015fan yapt\u0131"},"content":{"rendered":"<p>\u00dc\u00e7 K\u0131z Karde\u015f&#8217;in D\u00f6n\u00fc\u015f&#8217;\u00fc Almila Ada uzun zamand\u0131r birlikte oldu\u011fu i\u015f insan\u0131 sevgilisi \u0130hsan \u00c7ilsal ile evlilik yolunda ilk ad\u0131m\u0131 att\u0131. \u00c7ift sadece aile bireylerinin yer ald\u0131\u011f\u0131 t\u00f6renle ni\u015fan yapt\u0131.<\/p>\n<h3>OYUNCU ALM\u0130LA ADA EVL\u0130L\u0130K YOLUNDA \u0130LK ADIMI ATTI!<\/h3>\n<p>Oyuncu Almila Ada bir s\u00fcredir ili\u015fki ya\u015fad\u0131\u011f\u0131 sevgilisi \u0130hsan \u00c7ilsal ile \u00f6nceki g\u00fcn aile aras\u0131nda ni\u015fan yapt\u0131. T\u00f6ren sonras\u0131 rotay\u0131 Milano&#8217;ya \u00e7eviren \u00e7ift \u015fehrin tarihi dokusunu da \u00f6n plana \u00e7\u0131karan yerlerde foto\u011fraf \u00e7ekimi ger\u00e7ekle\u015ftirdi.<\/p>\n<p>&#8216;\u00dc\u00e7 K\u0131z Karde\u015f&#8217;, &#8216;K\u0131rg\u0131n \u00c7i\u00e7ekler&#8217; ve &#8216;Bar\u0131\u015f Akarsu Merhaba&#8217; gibi projelerde boy g\u00f6steren Almida Ada, 6 ay \u00f6nce Yunanistan tatilinde do\u011fum g\u00fcn\u00fcn\u00fc kutlarken evlilik teklifi alm\u0131\u015ft\u0131.<\/p>\n<p>30 ya\u015f\u0131ndaki Almila Ada Cennet&#8217;in G\u00f6zya\u015flar\u0131, Ad\u0131 Efsane ve G\u00fcvercin gibi yap\u0131mlarda bulundu.<\/p>\n<p><img loading=\"lazy\" decoding=\"async\" class=\"alignnone wp-image-130582\" src=\"https:\/\/www.tgrthaber.com\/mavikadin\/wp-content\/uploads\/Almila-Ada-3.jpg\" alt=\"\" width=\"1208\" height=\"680\" title=\"\" srcset=\"https:\/\/www.tgrthaber.com\/mavikadin\/wp-content\/uploads\/Almila-Ada-3.jpg 1920w, https:\/\/www.tgrthaber.com\/mavikadin\/wp-content\/uploads\/Almila-Ada-3-300x169.jpg 300w, https:\/\/www.tgrthaber.com\/mavikadin\/wp-content\/uploads\/Almila-Ada-3-1024x576.jpg 1024w, https:\/\/www.tgrthaber.com\/mavikadin\/wp-content\/uploads\/Almila-Ada-3-768x432.jpg 768w, https:\/\/www.tgrthaber.com\/mavikadin\/wp-content\/uploads\/Almila-Ada-3-1536x864.jpg 1536w\" sizes=\"(max-width: 1208px) 100vw, 1208px\" \/><\/p>\n<hr \/>\n<h3>\u00dc\u00c7 KIZ KARDE\u015e&#8217;\u0130N D\u00d6N\u00dc\u015e&#8217;\u00dc ALM\u0130LA ADA K\u0130MD\u0130R?<\/h3>\n<p>\u0130stanbul\u2019da 4 A\u011fustos 1994 y\u0131l\u0131nda d\u00fcnyaya gelen Almila Ada Mimar Sinan \u00dcniversitesi Devlet Konservatuar\u0131 Bale B\u00f6l\u00fcm\u00fc\u2019nde e\u011fitim ald\u0131.<\/p>\n<p>Daha sonra Londra\u2019da y\u00fcksek lisans yapan Almila, yurt d\u0131\u015f\u0131nda IQ, Vogue ve Instyle gibi bir\u00e7ok dergi i\u00e7in kamera kar\u015f\u0131s\u0131na ge\u00e7erek modellik yapt\u0131.<\/p>\n<p>Londra&#8217;da bir metro dura\u011f\u0131nda iken bir cast direkt\u00f6r\u00fc taraf\u0131ndan ke\u015ffedilen \u00fcnl\u00fc isim Avengers filminin bir sahnesi i\u00e7in se\u00e7melere haz\u0131rlanarak oyunculu\u011fa ad\u0131m att\u0131.<\/p>\n<p>Bu filmde Scarlett Johansson&#8217;\u0131n k\u00fc\u00e7\u00fckl\u00fc\u011f\u00fcn\u00fc oynayacak balerin rol\u00fcn\u00fc \u00fcstlenen Ada bu olaydan sonra kameralar kar\u015f\u0131s\u0131nda yer almaya ba\u015flad\u0131.<\/p>\n<p><img loading=\"lazy\" decoding=\"async\" class=\"alignnone wp-image-130583\" src=\"https:\/\/www.tgrthaber.com\/mavikadin\/wp-content\/uploads\/Almila-Ada-1.jpg\" alt=\"\" width=\"1208\" height=\"680\" title=\"\" srcset=\"https:\/\/www.tgrthaber.com\/mavikadin\/wp-content\/uploads\/Almila-Ada-1.jpg 1920w, https:\/\/www.tgrthaber.com\/mavikadin\/wp-content\/uploads\/Almila-Ada-1-300x169.jpg 300w, https:\/\/www.tgrthaber.com\/mavikadin\/wp-content\/uploads\/Almila-Ada-1-1024x576.jpg 1024w, https:\/\/www.tgrthaber.com\/mavikadin\/wp-content\/uploads\/Almila-Ada-1-768x432.jpg 768w, https:\/\/www.tgrthaber.com\/mavikadin\/wp-content\/uploads\/Almila-Ada-1-1536x864.jpg 1536w\" sizes=\"(max-width: 1208px) 100vw, 1208px\" \/><\/p>\n<hr \/>\n<h3>ALM\u0130LA ADA HANG\u0130 D\u0130Z\u0130LERDE OYNADI?<\/h3>\n<p>\u00dc\u00e7 K\u0131z Karde\u015f (D\u00f6n\u00fc\u015f) &#8211; 2022<\/p>\n<p>Bir Deli R\u00fczgar (Gen\u00e7 Melike Candan (1978)) TV Dizisi \u2013 2018<\/p>\n<p>Cennet\u2019in G\u00f6zya\u015flar\u0131 (Cennet Y\u0131lmaz) TV Dizisi \u2013 2017<\/p>\n<p>Ad\u0131 Efsane (Melis) TV Dizisi \u2013 2017<\/p>\n<p>K\u0131rg\u0131n \u00c7i\u00e7ekler (Lalin) TV Dizisi \u2013 2016-2017<\/p>\n<p>Kaderimin Yaz\u0131ld\u0131\u011f\u0131 G\u00fcn (Nehir) TV Dizisi \u2013 2014<\/p>\n<p>2022 y\u0131l\u0131nda ekranlara gelen \u00dc\u00e7 K\u0131z Karde\u015f dizisiyle tan\u0131n\u0131rl\u0131\u011f\u0131 artan Almila Ada burada D\u00f6n\u00fc\u015f karakterini oynad\u0131.\u00a0\u0130clal Ayd\u0131n&#8217;\u0131n ayn\u0131 adl\u0131 roman\u0131ndan uyarlanan \u00dc\u00e7 K\u0131z Karde\u015f dizisi 3 sezon devam etti. Dizi 84. b\u00f6l\u00fcm\u00fcyle final yapt\u0131.<\/p>\n","protected":false},"excerpt":{"rendered":"<p>Bir zamanlar ekranlara damgas\u0131n\u0131 vuran \u00dc\u00e7 K\u0131z Karde\u015f dizisinin D\u00f6n\u00fc\u015f\u2019\u00fc Almila Ada evlilik yolunda ilk ad\u0131m\u0131 atarak sade bir t\u00f6renle ni\u015fan yapt\u0131. \u00dcnl\u00fc oyuncunun uzun zamand\u0131r birlikte oldu\u011fu i\u015f insan\u0131 sevgilisi \u0130hsan \u00c7ilsal\u2019\u0131n kim oldu\u011fu merak konusu oldu.<\/p>\n","protected":false},"author":5,"featured_media":130584,"comment_status":"closed","ping_status":"closed","sticky":false,"template":"","format":"standard","meta":{"rank_math_lock_modified_date":false,"footnotes":""},"categories":[76],"tags":[10190,10192,10191],"class_list":["post-130574","post","type-post","status-publish","format-standard","has-post-thumbnail","hentry","category-magazin","tag-almila-ada","tag-almila-ada-nisan","tag-uc-kiz-kardes"],"_links":{"self":[{"href":"https:\/\/www.tgrthaber.com\/mavikadin\/wp-json\/wp\/v2\/posts\/130574"}],"collection":[{"href":"https:\/\/www.tgrthaber.com\/mavikadin\/wp-json\/wp\/v2\/posts"}],"about":[{"href":"https:\/\/www.tgrthaber.com\/mavikadin\/wp-json\/wp\/v2\/types\/post"}],"author":[{"embeddable":true,"href":"https:\/\/www.tgrthaber.com\/mavikadin\/wp-json\/wp\/v2\/users\/5"}],"replies":[{"embeddable":true,"href":"https:\/\/www.tgrthaber.com\/mavikadin\/wp-json\/wp\/v2\/comments?post=130574"}],"version-history":[{"count":3,"href":"https:\/\/www.tgrthaber.com\/mavikadin\/wp-json\/wp\/v2\/posts\/130574\/revisions"}],"predecessor-version":[{"id":130590,"href":"https:\/\/www.tgrthaber.com\/mavikadin\/wp-json\/wp\/v2\/posts\/130574\/revisions\/130590"}],"wp:featuredmedia":[{"embeddable":true,"href":"https:\/\/www.tgrthaber.com\/mavikadin\/wp-json\/wp\/v2\/media\/130584"}],"wp:attachment":[{"href":"https:\/\/www.tgrthaber.com\/mavikadin\/wp-json\/wp\/v2\/media?parent=130574"}],"wp:term":[{"taxonomy":"category","embeddable":true,"href":"https:\/\/www.tgrthaber.com\/mavikadin\/wp-json\/wp\/v2\/categories?post=130574"},{"taxonomy":"post_tag","embeddable":true,"href":"https:\/\/www.tgrthaber.com\/mavikadin\/wp-json\/wp\/v2\/tags?post=130574"}],"curies":[{"name":"wp","href":"https:\/\/api.w.org\/{rel}","templated":true}]}}