{"id":130591,"date":"2025-02-07T16:33:27","date_gmt":"2025-02-07T13:33:27","guid":{"rendered":"https:\/\/www.tgrthaber.com\/mavikadin\/?p=130591"},"modified":"2025-02-07T17:20:03","modified_gmt":"2025-02-07T14:20:03","slug":"almila-ada-kac-yasinda-rol-aldigi-projeler","status":"publish","type":"post","link":"https:\/\/www.tgrthaber.com\/mavikadin\/almila-ada-kac-yasinda-rol-aldigi-projeler\/","title":{"rendered":"Almila Ada ka\u00e7 ya\u015f\u0131nda? Rol ald\u0131\u011f\u0131 projeler"},"content":{"rendered":"<p>\u00dc\u00e7 K\u0131z Karde\u015f dizisiyle ad\u0131n\u0131 duyuran Almila Ada sevenleri taraf\u0131ndan kariyeri ve \u00f6zel hayat\u0131 merak ediliyor. Peki, Almila Ada kimdir? Ka\u00e7 ya\u015f\u0131nda, rol ald\u0131\u011f\u0131 projeler neler? Detaylar haberimizde\u2026<\/p>\n<hr \/>\n<h3><strong>ALM\u0130LA ADA K\u0130MD\u0130R<\/strong><\/h3>\n<p>Almila Ada, 4 A\u011fustos 1994 tarihinde \u0130stanbul\u2019da d\u00fcnyaya geldi. Annesinin i\u015fi gere\u011fince bir s\u00fcre Rusya\u2019da ya\u015fad\u0131. K\u00fc\u00e7\u00fck ya\u015flardan itibaren baleye ilgi duyan Ada, \u0130stanbul \u00dcniversitesi Devlet Konservatuvar\u0131\u2019nda bale ve piyano e\u011fitimi ald\u0131ktan sonra Mimar Sinan G\u00fczel Sanatlar \u00dcniversitesi\u2019nde tam zamanl\u0131 bale e\u011fitimini tamamlam\u0131\u015ft\u0131r. Daha sonra Londra\u2019ya giderek bale ve sahne sanatlar\u0131 \u00fczerine e\u011fitim alm\u0131\u015ft\u0131r.<\/p>\n<p>Londra\u2019da bir cast direkt\u00f6r\u00fc taraf\u0131ndan oyunculu\u011fa te\u015fvik edildi. \u201cYenilmezler: Ultron \u00c7a\u011f\u0131\u201d filminde Scarlett Johansson&#8217;un balerin hali k\u00fc\u00e7\u00fckl\u00fc\u011f\u00fcn\u00fc oynayarak oyunculu\u011fa olan ilgisi artt\u0131. 2014 y\u0131l\u0131nda \u201cKaderimin Yaz\u0131ld\u0131\u011f\u0131 G\u00fcn\u201d dizisi ile ekranlarda yer almaya ba\u015flad\u0131. \u00c7e\u015fitli projelerde bulunan Almila Ada, k\u0131sa bir s\u00fcre \u201cK\u0131rg\u0131n \u00c7i\u00e7ekler\u201d dizisinde rol ald\u0131.<\/p>\n<p><img loading=\"lazy\" decoding=\"async\" class=\"wp-image-130594\" src=\"https:\/\/www.tgrthaber.com\/mavikadin\/wp-content\/uploads\/Adsiz-tasarim-15-21-1024x576.jpg\" alt=\"ALM\u0130LA ADA\" width=\"1208\" height=\"680\" title=\"\" srcset=\"https:\/\/www.tgrthaber.com\/mavikadin\/wp-content\/uploads\/Adsiz-tasarim-15-21-1024x576.jpg 1024w, https:\/\/www.tgrthaber.com\/mavikadin\/wp-content\/uploads\/Adsiz-tasarim-15-21-300x169.jpg 300w, https:\/\/www.tgrthaber.com\/mavikadin\/wp-content\/uploads\/Adsiz-tasarim-15-21-768x432.jpg 768w, https:\/\/www.tgrthaber.com\/mavikadin\/wp-content\/uploads\/Adsiz-tasarim-15-21-1536x864.jpg 1536w, https:\/\/www.tgrthaber.com\/mavikadin\/wp-content\/uploads\/Adsiz-tasarim-15-21.jpg 1600w\" sizes=\"(max-width: 1208px) 100vw, 1208px\" \/><\/p>\n<hr \/>\n<h3><strong>ALM\u0130LA ADA KA\u00c7 YA\u015eINDA, ROL ALDI\u011eI PROJELER NELER <\/strong><\/h3>\n<p>Tam ad\u0131 Almila Ada Bayaz\u0131to\u011flu, \u015fimdilerde 30\u2019lu ya\u015flar\u0131nda olan Bayaz\u0131to\u011flu 2017 y\u0131l\u0131nda ise Ad\u0131 Efsane dizisinde Erdal Be\u015fik\u00e7io\u011flu&#8217;nun k\u0131z\u0131n\u0131 oynayarak ilk ba\u015frol deneyimini ya\u015fad\u0131. 2020 y\u0131l\u0131nda Perihan Sava\u015f ve Ya\u011fmur \u00dcn\u2019le rol ald\u0131\u011f\u0131 \u201cThe Strange Story of a Shining Pearl\u201d adl\u0131 k\u0131sa film ABD&#8217;de d\u00fczenlenen &#8216;Queen Palm International Film&#8217; Festivali&#8217;nde &#8216;En \u0130yi Sinematografi&#8217;, &#8216;En \u0130yi K\u0131sa Film&#8217; ve &#8216;En \u0130yi M\u00fczik&#8217; dallar\u0131nda 3 farkl\u0131 \u00f6d\u00fcl kazand\u0131.<\/p>\n<p><img loading=\"lazy\" decoding=\"async\" class=\"wp-image-130595\" src=\"https:\/\/www.tgrthaber.com\/mavikadin\/wp-content\/uploads\/Adsiz-tasarim-17-19-1024x576.jpg\" alt=\"ALM\u0130LA ADA\" width=\"1208\" height=\"680\" title=\"\" srcset=\"https:\/\/www.tgrthaber.com\/mavikadin\/wp-content\/uploads\/Adsiz-tasarim-17-19-1024x576.jpg 1024w, https:\/\/www.tgrthaber.com\/mavikadin\/wp-content\/uploads\/Adsiz-tasarim-17-19-300x169.jpg 300w, https:\/\/www.tgrthaber.com\/mavikadin\/wp-content\/uploads\/Adsiz-tasarim-17-19-768x432.jpg 768w, https:\/\/www.tgrthaber.com\/mavikadin\/wp-content\/uploads\/Adsiz-tasarim-17-19-1536x864.jpg 1536w, https:\/\/www.tgrthaber.com\/mavikadin\/wp-content\/uploads\/Adsiz-tasarim-17-19.jpg 1600w\" sizes=\"(max-width: 1208px) 100vw, 1208px\" \/><\/p>\n<hr \/>\n<h3><strong>ROL ALDI\u011eI PROJELER<\/strong><\/h3>\n<ul>\n<li>Kaderimin Yaz\u0131ld\u0131\u011f\u0131 G\u00fcn (Nehir)<\/li>\n<li>K\u0131rg\u0131n \u00c7i\u00e7ekler (Lalin)<\/li>\n<li>Ad\u0131 Efsane (Melis)<\/li>\n<li>Cennet\u2019in G\u00f6zya\u015flar\u0131 (Cenent)<\/li>\n<li>Bir Deli R\u00fczg\u00e2r (Melike)<\/li>\n<li>Menajerimi Ara (Merve)<\/li>\n<li>\u00dc\u00e7 K\u0131z Karde\u015f (D\u00f6n\u00fc\u015f)<\/li>\n<li>Bar\u0131\u015f Akarsu \u201cMerhaba\u201d (Zeynep)<\/li>\n<\/ul>\n","protected":false},"excerpt":{"rendered":"<p>\u00dc\u00e7 K\u0131z Karde\u015f dizisiyle ad\u0131n\u0131 duyuran Almila Ada sevenleri taraf\u0131ndan kariyeri ve \u00f6zel hayat\u0131 merak ediliyor. Peki, Almila Ada kimdir? Ka\u00e7 ya\u015f\u0131nda, rol ald\u0131\u011f\u0131 projeler neler? Detaylar haberimizde\u2026<\/p>\n","protected":false},"author":34,"featured_media":130593,"comment_status":"closed","ping_status":"closed","sticky":false,"template":"","format":"standard","meta":{"rank_math_lock_modified_date":false,"footnotes":""},"categories":[491],"tags":[10190,10193,10194],"class_list":["post-130591","post","type-post","status-publish","format-standard","has-post-thumbnail","hentry","category-biyografi","tag-almila-ada","tag-almila-ada-kimdir","tag-almila-ada-yasi-kac"],"_links":{"self":[{"href":"https:\/\/www.tgrthaber.com\/mavikadin\/wp-json\/wp\/v2\/posts\/130591"}],"collection":[{"href":"https:\/\/www.tgrthaber.com\/mavikadin\/wp-json\/wp\/v2\/posts"}],"about":[{"href":"https:\/\/www.tgrthaber.com\/mavikadin\/wp-json\/wp\/v2\/types\/post"}],"author":[{"embeddable":true,"href":"https:\/\/www.tgrthaber.com\/mavikadin\/wp-json\/wp\/v2\/users\/34"}],"replies":[{"embeddable":true,"href":"https:\/\/www.tgrthaber.com\/mavikadin\/wp-json\/wp\/v2\/comments?post=130591"}],"version-history":[{"count":3,"href":"https:\/\/www.tgrthaber.com\/mavikadin\/wp-json\/wp\/v2\/posts\/130591\/revisions"}],"predecessor-version":[{"id":130639,"href":"https:\/\/www.tgrthaber.com\/mavikadin\/wp-json\/wp\/v2\/posts\/130591\/revisions\/130639"}],"wp:featuredmedia":[{"embeddable":true,"href":"https:\/\/www.tgrthaber.com\/mavikadin\/wp-json\/wp\/v2\/media\/130593"}],"wp:attachment":[{"href":"https:\/\/www.tgrthaber.com\/mavikadin\/wp-json\/wp\/v2\/media?parent=130591"}],"wp:term":[{"taxonomy":"category","embeddable":true,"href":"https:\/\/www.tgrthaber.com\/mavikadin\/wp-json\/wp\/v2\/categories?post=130591"},{"taxonomy":"post_tag","embeddable":true,"href":"https:\/\/www.tgrthaber.com\/mavikadin\/wp-json\/wp\/v2\/tags?post=130591"}],"curies":[{"name":"wp","href":"https:\/\/api.w.org\/{rel}","templated":true}]}}