{"id":130612,"date":"2025-02-07T17:17:10","date_gmt":"2025-02-07T14:17:10","guid":{"rendered":"https:\/\/www.tgrthaber.com\/mavikadin\/?p=130612"},"modified":"2025-02-07T17:17:10","modified_gmt":"2025-02-07T14:17:10","slug":"mehmet-bozdag-aslen-nereli-mehmet-bozdag-hangi-bolum-mezunu","status":"publish","type":"post","link":"https:\/\/www.tgrthaber.com\/mavikadin\/mehmet-bozdag-aslen-nereli-mehmet-bozdag-hangi-bolum-mezunu\/","title":{"rendered":"Mehmet Bozda\u011f aslen nereli? Mehmet Bozda\u011f hangi b\u00f6l\u00fcm mezunu?"},"content":{"rendered":"<p>Dirili\u015f Ertu\u011frul dizisinin yap\u0131mc\u0131s\u0131 ve senaristi olan Mehmet Bozda\u011f, bir\u00e7ok ba\u015far\u0131l\u0131 projeye imza atmaya devam ediyor. Son zamanlarda ad\u0131n\u0131 s\u0131k\u00e7a duyuran Mehmet Bozda\u011f\u2019\u0131n kim oldu\u011fu da merak ediliyor. G\u00fcn\u00fcm\u00fczde bir\u00e7ok ba\u015far\u0131l\u0131 dizinin yap\u0131mc\u0131l\u0131\u011f\u0131n\u0131 \u00fcstlenen Mehmet Bozda\u011f hakk\u0131nda merak edilenleri sizin i\u00e7in ara\u015ft\u0131rd\u0131k. Peki, Mehmet Bozda\u011f kimdir? Mehmet Bozda\u011f aslen nereli? Mehmet Bozda\u011f hangi b\u00f6l\u00fcm mezunu? \u0130\u015fte Mehmet Bozda\u011f hakk\u0131nda bilinmeyenler\u2026<\/p>\n<hr \/>\n<h3>MEHMET BOZDA\u011e K\u0130MD\u0130R?<\/h3>\n<p>T\u00fcrk televizyon d\u00fcnyas\u0131nda olduk\u00e7a ba\u015far\u0131l\u0131 projelere imza atan Mehmet Bozda\u011f, son zamanlarda s\u0131k s\u0131k ad\u0131ndan s\u00f6z ettiriyor. Yay\u0131nland\u0131\u011f\u0131 d\u00f6neme damga vuran Dirili\u015f Ertu\u011frul dizisinin yap\u0131mc\u0131l\u0131\u011f\u0131n\u0131 ve senaristli\u011fini \u00fcstlenen Bozda\u011f, \u015fimdilerde bir\u00e7ok ba\u015far\u0131l\u0131 projeye imza atmaya devam ediyor. Dirili\u015f Ertu\u011frul dizisinin yap\u0131mc\u0131l\u0131\u011f\u0131 ve senaristli\u011fiyle ad\u0131n\u0131 duyuran Mehmet Bozda\u011f, yap\u0131mc\u0131l\u0131\u011f\u0131n\u0131 \u00fcstlendi\u011fi projelerle g\u00fcndeme geliyor.<\/p>\n<p><img loading=\"lazy\" decoding=\"async\" class=\"alignnone wp-image-130629\" src=\"https:\/\/www.tgrthaber.com\/mavikadin\/wp-content\/uploads\/Mehmet-Bozdag-7-1024x576.jpg\" alt=\"Mehmet Bozda\u011f aslen nereli? \" width=\"1208\" height=\"680\" title=\"\" srcset=\"https:\/\/www.tgrthaber.com\/mavikadin\/wp-content\/uploads\/Mehmet-Bozdag-7-1024x576.jpg 1024w, https:\/\/www.tgrthaber.com\/mavikadin\/wp-content\/uploads\/Mehmet-Bozdag-7-300x169.jpg 300w, https:\/\/www.tgrthaber.com\/mavikadin\/wp-content\/uploads\/Mehmet-Bozdag-7-768x432.jpg 768w, https:\/\/www.tgrthaber.com\/mavikadin\/wp-content\/uploads\/Mehmet-Bozdag-7-1536x864.jpg 1536w, https:\/\/www.tgrthaber.com\/mavikadin\/wp-content\/uploads\/Mehmet-Bozdag-7.jpg 1600w\" sizes=\"(max-width: 1208px) 100vw, 1208px\" \/><\/p>\n<hr \/>\n<p>Kariyerine senarist, yap\u0131mc\u0131 ve y\u00f6netmen olarak devam eden Mehmet Bozda\u011f, tarihi dizilere olan ilgisi ve T\u00fcrk tarihini konu alan yap\u0131mlar\u0131yla dikkatleri \u00fczerine \u00e7ekiyor. T\u00fcrk dizi ve film sekt\u00f6r\u00fcn\u00fcn en ba\u015far\u0131l\u0131 yap\u0131mc\u0131lar\u0131 aras\u0131nda yer alan Mehmet Bozda\u011f, reyting rekorlar\u0131 k\u0131ran dizileri ve filmleriyle tan\u0131nmaya devam ediyor.<\/p>\n<h3>MEHMET BOZDA\u011e HANG\u0130 B\u00d6L\u00dcM MEZUNU?<\/h3>\n<p>\u0130lkokul, ortaokul ve lise e\u011fitimini ba\u015far\u0131yla tamamlayan Mehmet Bozda\u011f, y\u00fcksek\u00f6\u011frenimini Sakarya \u00dcniversitesi Tarih b\u00f6l\u00fcm\u00fcnde tamamlayarak mezun oldu. Daha sonra e\u011fitimini y\u00fcksek lisansla ta\u00e7land\u0131rmak isteyen Bozda\u011f, yine Sakarya \u00dcniversitesi\u2019nde Sosyoloji B\u00f6l\u00fcm\u00fc\u2019nde y\u00fcksek lisans\u0131n\u0131 tamamlad\u0131.<\/p>\n<p><img loading=\"lazy\" decoding=\"async\" class=\"alignnone wp-image-130630\" src=\"https:\/\/www.tgrthaber.com\/mavikadin\/wp-content\/uploads\/Mehmet-Bozdag-1-1024x576.jpg\" alt=\"Mehmet Bozda\u011f aslen nereli? \" width=\"1208\" height=\"680\" title=\"\" srcset=\"https:\/\/www.tgrthaber.com\/mavikadin\/wp-content\/uploads\/Mehmet-Bozdag-1-1024x576.jpg 1024w, https:\/\/www.tgrthaber.com\/mavikadin\/wp-content\/uploads\/Mehmet-Bozdag-1-300x169.jpg 300w, https:\/\/www.tgrthaber.com\/mavikadin\/wp-content\/uploads\/Mehmet-Bozdag-1-768x432.jpg 768w, https:\/\/www.tgrthaber.com\/mavikadin\/wp-content\/uploads\/Mehmet-Bozdag-1-1536x864.jpg 1536w, https:\/\/www.tgrthaber.com\/mavikadin\/wp-content\/uploads\/Mehmet-Bozdag-1.jpg 1600w\" sizes=\"(max-width: 1208px) 100vw, 1208px\" \/><\/p>\n<hr \/>\n<p>Tarih ara\u015ft\u0131rmalar\u0131na 2004 y\u0131l\u0131nda K\u00fclt\u00fcr ve Turizm Bakanl\u0131\u011f\u0131\u2019n\u0131n \u201cDo\u011fumunun Y\u00fcz\u00fcnc\u00fc Y\u0131l\u0131nda Necip Faz\u0131l K\u0131sak\u00fcrek\u201d isimli ar\u015fiv \u00e7al\u0131\u015fmas\u0131yla ba\u015flad\u0131. 2009 y\u0131l\u0131nda \u201cMiray Film\u201d isimli yap\u0131m \u015firketinde \u201cKarde\u015f \u015eehirler\u201d ve \u201cSon R\u00fcya\u201d ad\u0131ndaki TRT belgesellerinde senaristlik yapm\u0131\u015ft\u0131r. Daha sonra 2010 y\u0131l\u0131nda &#8220;Ustalar, Alimler ve Sultanlar&#8221;\u00a0filminin yap\u0131mc\u0131l\u0131\u011f\u0131n\u0131 ve senaristli\u011fini \u00fcstlenen Bozda\u011f, 2013-2014 y\u0131llar\u0131 aras\u0131nda TRT 1 ekranlar\u0131nda izleyici kar\u015f\u0131s\u0131na \u00e7\u0131kan \u201cG\u00f6n\u00fcl H\u0131rs\u0131z\u0131\u201d dizisinin yap\u0131mc\u0131l\u0131\u011f\u0131n\u0131 \u00fcstlendi. Bozda\u011f, bunun yan\u0131nda 2015-2016 y\u0131llar\u0131 aras\u0131nda \u00fcnl\u00fc T\u00fcrk \u015fairi Yunus Emre\u2019nin hayat\u0131n\u0131 anlatt\u0131\u011f\u0131 \u201cYunus Emre A\u015fk\u0131n Yolculu\u011fu\u201d dizisinin senaristli\u011fini ve yapumc\u0131l\u0131\u011f\u0131n\u0131 yapt\u0131.<\/p>\n<p><img loading=\"lazy\" decoding=\"async\" class=\"alignnone wp-image-130631\" src=\"https:\/\/www.tgrthaber.com\/mavikadin\/wp-content\/uploads\/Mehmet-Bozdag-8-1024x576.jpg\" alt=\"Mehmet Bozda\u011f aslen nereli? \" width=\"1208\" height=\"680\" title=\"\" srcset=\"https:\/\/www.tgrthaber.com\/mavikadin\/wp-content\/uploads\/Mehmet-Bozdag-8-1024x576.jpg 1024w, https:\/\/www.tgrthaber.com\/mavikadin\/wp-content\/uploads\/Mehmet-Bozdag-8-300x169.jpg 300w, https:\/\/www.tgrthaber.com\/mavikadin\/wp-content\/uploads\/Mehmet-Bozdag-8-768x432.jpg 768w, https:\/\/www.tgrthaber.com\/mavikadin\/wp-content\/uploads\/Mehmet-Bozdag-8-1536x864.jpg 1536w, https:\/\/www.tgrthaber.com\/mavikadin\/wp-content\/uploads\/Mehmet-Bozdag-8.jpg 1600w\" sizes=\"(max-width: 1208px) 100vw, 1208px\" \/><\/p>\n<hr \/>\n<h3>MEHMET BOZDA\u011e ASLEN NEREL\u0130?<\/h3>\n<p>\u015eimdilerde 42 ya\u015f\u0131nda olan Mehmet Bozda\u011f, 1983 y\u0131l\u0131nda Kayseri\u2019de d\u00fcnyaya geldi. Aslen Kayserili olan ba\u015far\u0131l\u0131 yap\u0131mc\u0131, ilkokul, ortaokul ve lise e\u011fitimini Kayseri\u2019de g\u00f6rd\u00fc. 2009 y\u0131l\u0131nda T\u00fcrk televizyon sekt\u00f6r\u00fcne ad\u0131m atan Bozda\u011f, son zamanlarda ad\u0131n\u0131 s\u0131k\u00e7a duydu\u011fumuz yap\u0131mc\u0131lar aras\u0131nda yerini al\u0131yor.<\/p>\n<p><img loading=\"lazy\" decoding=\"async\" class=\"alignnone wp-image-130632\" src=\"https:\/\/www.tgrthaber.com\/mavikadin\/wp-content\/uploads\/Mehmet-Bozdag-9-1024x576.jpg\" alt=\"Mehmet Bozda\u011f aslen nereli? \" width=\"1208\" height=\"680\" title=\"\" srcset=\"https:\/\/www.tgrthaber.com\/mavikadin\/wp-content\/uploads\/Mehmet-Bozdag-9-1024x576.jpg 1024w, https:\/\/www.tgrthaber.com\/mavikadin\/wp-content\/uploads\/Mehmet-Bozdag-9-300x169.jpg 300w, https:\/\/www.tgrthaber.com\/mavikadin\/wp-content\/uploads\/Mehmet-Bozdag-9-768x432.jpg 768w, https:\/\/www.tgrthaber.com\/mavikadin\/wp-content\/uploads\/Mehmet-Bozdag-9-1536x864.jpg 1536w, https:\/\/www.tgrthaber.com\/mavikadin\/wp-content\/uploads\/Mehmet-Bozdag-9.jpg 1600w\" sizes=\"(max-width: 1208px) 100vw, 1208px\" \/><\/p>\n<hr \/>\n<p>Mehmet Bozda\u011f, 2014 y\u0131l\u0131nda TRT 1 ekranlar\u0131nda izleyici ile bulu\u015fan ve 5 sezon s\u00fcrerek yay\u0131nland\u0131\u011f\u0131 d\u00f6neme damga vuran Dirili\u015f Ertu\u011frul dizisi sayesinde geni\u015f kitlelere ula\u015ft\u0131. 2019 y\u0131l\u0131nda sona eren ve d\u00fcnyan\u0131n bir\u00e7ok \u00fclkesine sat\u0131lan Dirili\u015f Ertu\u011frul dizisi, 2016 y\u0131l\u0131nda Alt\u0131n Kelebek \u00d6d\u00fcl\u00fc\u2019ne lay\u0131k g\u00f6r\u00fcld\u00fc. Dirili\u015f Ertu\u011frul dizisinin yap\u0131mc\u0131l\u0131\u011f\u0131n\u0131, senaristli\u011fini ve proje tasar\u0131m\u0131n\u0131 \u00fcstlenen Bozda\u011f, ayn\u0131 g\u00f6revleri \u00fcstlenerek 2018-2019 y\u0131llar\u0131 aras\u0131nda TRT 1 ekranlar\u0131nda yay\u0131nlanan \u201cMehmet\u00e7ik Kut\u2019\u00fcl Amare\u201d dizisinde ad\u0131ndan s\u00f6z ettirdi. Bozda\u011f, 2020 y\u0131l\u0131nda ise \u201cT\u00fcrkler Geliyor: Adaletin K\u0131l\u0131c\u0131\u201d filmiyle sinema sekt\u00f6r\u00fcne de ad\u0131m att\u0131.<\/p>\n<p><img loading=\"lazy\" decoding=\"async\" class=\"alignnone wp-image-130628\" src=\"https:\/\/www.tgrthaber.com\/mavikadin\/wp-content\/uploads\/Mehmet-Bozdag-5-1024x576.jpg\" alt=\"Mehmet Bozda\u011f aslen nereli? \" width=\"1208\" height=\"680\" title=\"\" srcset=\"https:\/\/www.tgrthaber.com\/mavikadin\/wp-content\/uploads\/Mehmet-Bozdag-5-1024x576.jpg 1024w, https:\/\/www.tgrthaber.com\/mavikadin\/wp-content\/uploads\/Mehmet-Bozdag-5-300x169.jpg 300w, https:\/\/www.tgrthaber.com\/mavikadin\/wp-content\/uploads\/Mehmet-Bozdag-5-768x432.jpg 768w, https:\/\/www.tgrthaber.com\/mavikadin\/wp-content\/uploads\/Mehmet-Bozdag-5-1536x864.jpg 1536w, https:\/\/www.tgrthaber.com\/mavikadin\/wp-content\/uploads\/Mehmet-Bozdag-5.jpg 1600w\" sizes=\"(max-width: 1208px) 100vw, 1208px\" \/><\/p>\n<hr \/>\n<h3>BA\u015eARILI PROJELER\u0130YLE ADINDAN S\u00d6Z ETT\u0130R\u0130YOR!<\/h3>\n<p>Dirili\u015f Ertu\u011frul dizisiyle b\u00fcy\u00fck bir \u00e7\u0131k\u0131\u015f yapan Mehmet Bozda\u011f, bir\u00e7ok ba\u015far\u0131l\u0131 projeye imza atmaya devam ediyor. Bozda\u011f, 2019 y\u0131l\u0131nda ATV ekranlar\u0131nda yay\u0131nlanmaya ba\u015flayan \u201cKurulu\u015f Osman\u201d dizisinin senaristli\u011fini, yap\u0131mc\u0131l\u0131\u011f\u0131n\u0131 ve proje tasar\u0131m\u0131n\u0131 \u00fcstleniyor. G\u00fcn\u00fcm\u00fczde hala b\u00fcy\u00fck bir ilgiyle takip edilen dizi izlenme rekorlar\u0131 k\u0131rmaya devam ediyor.<\/p>\n<p><img loading=\"lazy\" decoding=\"async\" class=\"alignnone wp-image-130634\" src=\"https:\/\/www.tgrthaber.com\/mavikadin\/wp-content\/uploads\/Mehmet-Bozdag-4-1024x576.jpg\" alt=\"Mehmet Bozda\u011f aslen nereli? \" width=\"1208\" height=\"680\" title=\"\" srcset=\"https:\/\/www.tgrthaber.com\/mavikadin\/wp-content\/uploads\/Mehmet-Bozdag-4-1024x576.jpg 1024w, https:\/\/www.tgrthaber.com\/mavikadin\/wp-content\/uploads\/Mehmet-Bozdag-4-300x169.jpg 300w, https:\/\/www.tgrthaber.com\/mavikadin\/wp-content\/uploads\/Mehmet-Bozdag-4-768x432.jpg 768w, https:\/\/www.tgrthaber.com\/mavikadin\/wp-content\/uploads\/Mehmet-Bozdag-4-1536x864.jpg 1536w, https:\/\/www.tgrthaber.com\/mavikadin\/wp-content\/uploads\/Mehmet-Bozdag-4.jpg 1600w\" sizes=\"(max-width: 1208px) 100vw, 1208px\" \/><\/p>\n<hr \/>\n<p>TRT 1 ekranlar\u0131nda, TRT\u2019nin dijital platformu Tabii\u2019de ve ATV ekranlar\u0131nda birbirinden g\u00fczel projelere imza atan Bozda\u011f, 2021-2022 y\u0131llar\u0131 aras\u0131nda ATV ekranlar\u0131nda izleyici kar\u015f\u0131s\u0131na \u00e7\u0131kan \u201cDestan\u201d dizisinin yap\u0131mc\u0131l\u0131\u011f\u0131n\u0131 da \u00fcstlenmi\u015fti. \u015eimdilerde Bir Zamanlar \u0130stanbul ve 1001 Gece Masallar\u0131 dizileriyle dikkatleri \u00fczerine \u00e7eken Bozda\u011f, ba\u015far\u0131l\u0131 projeleriyle ad\u0131ndan s\u00f6z ettirmeye devam ediyor.<\/p>\n<h3>MEHMET BOZDA\u011e\u2019IN YAPIMCILI\u011eINI \u00dcSTLEND\u0130\u011e\u0130 PROJELER<\/h3>\n<p>1001 Gece Masallar\u0131 (\u0130nternet Dizisi \u2013 yak\u0131nda)<\/p>\n<p>Bir Zamanlar \u0130stanbul (TV Dizisi 2025)<\/p>\n<p>Aziz Mahmud H\u00fcdayi: A\u015fk\u0131n Yolculu\u011fu (TV Dizisi 2024)<\/p>\n<p>Bir Sevdad\u0131r (TV Dizisi 2024)<\/p>\n<p>K\u00fc\u00e7\u00fck Dahi \u0130bn-i Sina (TV Dizisi 2023)<\/p>\n<p>Al Sancak (TV Dizisi 2023)<\/p>\n<p>Ate\u015f Ku\u015flar\u0131 (TV Dizisi 2023-2024)<\/p>\n<p>Bozk\u0131r Arslan\u0131 Celaleddin (TV Dizisi 2021)<\/p>\n<p>Destan (TV Dizisi 2021)<\/p>\n<p>A\u015fk\u0131n Yolculu\u011fu: Hac\u0131 Bayram Veli (TV Dizisi 2021)<\/p>\n<p>Kurulu\u015f Osman (TV Dizisi 2019-g\u00fcn\u00fcm\u00fcz)<\/p>\n<p>T\u00fcrkler Geliyor: Adaletin K\u0131l\u0131c\u0131 (Sinema Filmi 2019)<\/p>\n<p>Mehmet\u00e7ik Kutlu Zafer (TV Dizisi 2018)<\/p>\n<p>Mehmet\u00e7ik Kut\u2019\u00fcl Amare (TV Dizisi 2018)<\/p>\n<p>Yunus Emre A\u015fk\u0131n Yolculu\u011fu (TV Dizisi 2015)<\/p>\n<p>Dirili\u015f: Ertu\u011frul (TV Dizisi 2014-2017)<\/p>\n<p>G\u00f6n\u00fcl H\u0131rs\u0131z\u0131 (TV Dizisi 2013-2014)<\/p>\n<p>Ustalar, Alimler ve Sultanlar (Sinema Filmi 2010)<\/p>\n<h3>MEHMET BOZDA\u011e\u2019IN SENAR\u0130STL\u0130\u011e\u0130N\u0130 \u00dcSTLEND\u0130\u011e\u0130 PROJELER<\/h3>\n<p>Bir Sevdad\u0131r (TV Dizisi 2024)<\/p>\n<p>Al Sancak (TV Dizisi 2023)<\/p>\n<p>Kurulu\u015f Osman (TV Dizisi 2019-2023)<\/p>\n<p>T\u00fcrkler Geliyor: Adaletin K\u0131l\u0131c\u0131 (Sinema Filmi 2019)<\/p>\n<p>Mehmet\u00e7ik Kutlu Zafer (TV Dizisi 2018)<\/p>\n<p>Mehmet\u00e7ik Kut\u2019\u00fcl Amare (TV Dizisi 2018)<\/p>\n<p>Yunus Emre A\u015fk\u0131n Yolculu\u011fu (TV Dizisi 2015)<\/p>\n<p>Dirili\u015f: Ertu\u011frul (TV Dizisi 2014-2017)<\/p>\n<p>Ustalar, Alimler ve Sultanlar (Sinema Filmi 2010)<\/p>\n","protected":false},"excerpt":{"rendered":"<p>Ba\u015far\u0131l\u0131 yap\u0131mc\u0131l\u0131\u011f\u0131yla ad\u0131ndan s\u0131k\u00e7a s\u00f6z ettiren Mehmet Bozda\u011f\u2019\u0131n kim oldu\u011fu merak ediliyor. Peki, Mehmet Bozda\u011f kim? Mehmet Bozda\u011f aslen nereli? Mehmet Bozda\u011f hangi b\u00f6l\u00fcm mezunu? \u0130\u015fte detaylar\u2026 <\/p>\n","protected":false},"author":26,"featured_media":130627,"comment_status":"closed","ping_status":"closed","sticky":false,"template":"","format":"standard","meta":{"rank_math_lock_modified_date":false,"footnotes":""},"categories":[491],"tags":[3135,10201,3072,10200,4305,10202],"class_list":["post-130612","post","type-post","status-publish","format-standard","has-post-thumbnail","hentry","category-biyografi","tag-bir-zamanlar-istanbul","tag-dirilis-ertugrul","tag-kurulus-osman","tag-mehmet-bozdag","tag-senarist","tag-yapimci"],"_links":{"self":[{"href":"https:\/\/www.tgrthaber.com\/mavikadin\/wp-json\/wp\/v2\/posts\/130612"}],"collection":[{"href":"https:\/\/www.tgrthaber.com\/mavikadin\/wp-json\/wp\/v2\/posts"}],"about":[{"href":"https:\/\/www.tgrthaber.com\/mavikadin\/wp-json\/wp\/v2\/types\/post"}],"author":[{"embeddable":true,"href":"https:\/\/www.tgrthaber.com\/mavikadin\/wp-json\/wp\/v2\/users\/26"}],"replies":[{"embeddable":true,"href":"https:\/\/www.tgrthaber.com\/mavikadin\/wp-json\/wp\/v2\/comments?post=130612"}],"version-history":[{"count":2,"href":"https:\/\/www.tgrthaber.com\/mavikadin\/wp-json\/wp\/v2\/posts\/130612\/revisions"}],"predecessor-version":[{"id":130636,"href":"https:\/\/www.tgrthaber.com\/mavikadin\/wp-json\/wp\/v2\/posts\/130612\/revisions\/130636"}],"wp:featuredmedia":[{"embeddable":true,"href":"https:\/\/www.tgrthaber.com\/mavikadin\/wp-json\/wp\/v2\/media\/130627"}],"wp:attachment":[{"href":"https:\/\/www.tgrthaber.com\/mavikadin\/wp-json\/wp\/v2\/media?parent=130612"}],"wp:term":[{"taxonomy":"category","embeddable":true,"href":"https:\/\/www.tgrthaber.com\/mavikadin\/wp-json\/wp\/v2\/categories?post=130612"},{"taxonomy":"post_tag","embeddable":true,"href":"https:\/\/www.tgrthaber.com\/mavikadin\/wp-json\/wp\/v2\/tags?post=130612"}],"curies":[{"name":"wp","href":"https:\/\/api.w.org\/{rel}","templated":true}]}}