{"id":130620,"date":"2025-02-07T17:12:29","date_gmt":"2025-02-07T14:12:29","guid":{"rendered":"https:\/\/www.tgrthaber.com\/mavikadin\/?p=130620"},"modified":"2025-02-07T17:18:37","modified_gmt":"2025-02-07T14:18:37","slug":"ihsan-cilsan-kimdir-almila-ada-ile-nisani-sosyal-medyayi-salladi","status":"publish","type":"post","link":"https:\/\/www.tgrthaber.com\/mavikadin\/ihsan-cilsan-kimdir-almila-ada-ile-nisani-sosyal-medyayi-salladi\/","title":{"rendered":"\u0130hsan \u00c7ilsan kimdir? Almila Ada ile ni\u015fan\u0131 sosyal medyay\u0131 sallad\u0131"},"content":{"rendered":"<p>Son Parti, G\u00fcvercin, \u00dc\u00e7 K\u0131z Karde\u015f, K\u0131r\u0131k Ayna ve Menajerimi Ara gibi dizilerle ad\u0131n\u0131 duyuran Almila Ada i\u015f insan\u0131 \u0130hsan \u00c7ilsan ile ni\u015fanland\u0131. Sosyal medyada ni\u015fanlanmalar\u0131 g\u00fcndem olan ikilinin hayranlar\u0131ndan tebrik mesajlar\u0131 da pe\u015f pe\u015fe geldi. Peki \u0130hsan \u00c7ilsan kimdir, mesle\u011fi nedir?<\/p>\n<h3>\u0130HSAN \u00c7\u0130LSAN K\u0130MD\u0130R?<\/h3>\n<p>Almila Ada ile ni\u015fanlanan \u0130hsan \u00c7ilsan kimdir? merak ediliyor. \u0130hsan \u00c7ilsan Kafeingo, J\u00f6n \u00c7ikolata ve Rawsters Coffee&#8217;nin kurucu orta\u011f\u0131 olarak \u00e7al\u0131\u015fma hayat\u0131na devam ediyor.<\/p>\n<p>3 sezon boyunca izleyicisini ekranlara kilitleyen &#8216;\u00dc\u00e7 K\u0131z Karde\u015f&#8217;te D\u00f6n\u00fc\u015f karakterini \u00fcstlenen Almila Ada ile ni\u015fanlanan \u0130hsan \u00c7ilsan 6 ay \u00f6nce sevgilisine Yunanistan&#8217;da evlenme teklifi etmi\u015fti.<\/p>\n<p><img loading=\"lazy\" decoding=\"async\" class=\"alignnone wp-image-130624\" src=\"https:\/\/www.tgrthaber.com\/mavikadin\/wp-content\/uploads\/Baslik-30.jpg\" alt=\"\" width=\"1208\" height=\"680\" title=\"\" srcset=\"https:\/\/www.tgrthaber.com\/mavikadin\/wp-content\/uploads\/Baslik-30.jpg 1920w, https:\/\/www.tgrthaber.com\/mavikadin\/wp-content\/uploads\/Baslik-30-300x169.jpg 300w, https:\/\/www.tgrthaber.com\/mavikadin\/wp-content\/uploads\/Baslik-30-1024x576.jpg 1024w, https:\/\/www.tgrthaber.com\/mavikadin\/wp-content\/uploads\/Baslik-30-768x432.jpg 768w, https:\/\/www.tgrthaber.com\/mavikadin\/wp-content\/uploads\/Baslik-30-1536x864.jpg 1536w\" sizes=\"(max-width: 1208px) 100vw, 1208px\" \/><\/p>\n<hr \/>\n<p>Sosyal medyada ni\u015fan yapt\u0131\u011f\u0131n\u0131 duyuran \u00e7iftin pozlar\u0131 k\u0131sa s\u00fcrede sevenleri taraf\u0131ndan be\u011feni ya\u011fmuruna tutuldu.<\/p>\n<h3>ALM\u0130LA ADA K\u0130MD\u0130R?<\/h3>\n<p>4 A\u011fustos 1994 y\u0131l\u0131nda \u0130stanbul\u2019da d\u00fcnyaya gelen Almila Ada Mimar Sinan \u00dcniversitesi Devlet Konservatuar\u0131 Bale B\u00f6l\u00fcm\u00fc\u2019nde e\u011fitim ald\u0131ktan sonra Londra\u2019da y\u00fcksek lisans yapt\u0131.<\/p>\n<p>Yurt d\u0131\u015f\u0131nda IQ, Vogue ve Instyle gibi dergiler i\u00e7in kamera kar\u015f\u0131s\u0131na ge\u00e7en Almila Ada modellik yapt\u0131.<\/p>\n<p><img loading=\"lazy\" decoding=\"async\" class=\"alignnone wp-image-130584\" src=\"https:\/\/www.tgrthaber.com\/mavikadin\/wp-content\/uploads\/Almila-Ada-4.jpg\" alt=\"\" width=\"1208\" height=\"680\" title=\"\" srcset=\"https:\/\/www.tgrthaber.com\/mavikadin\/wp-content\/uploads\/Almila-Ada-4.jpg 1920w, https:\/\/www.tgrthaber.com\/mavikadin\/wp-content\/uploads\/Almila-Ada-4-300x169.jpg 300w, https:\/\/www.tgrthaber.com\/mavikadin\/wp-content\/uploads\/Almila-Ada-4-1024x576.jpg 1024w, https:\/\/www.tgrthaber.com\/mavikadin\/wp-content\/uploads\/Almila-Ada-4-768x432.jpg 768w, https:\/\/www.tgrthaber.com\/mavikadin\/wp-content\/uploads\/Almila-Ada-4-1536x864.jpg 1536w\" sizes=\"(max-width: 1208px) 100vw, 1208px\" \/><\/p>\n<hr \/>\n<p>Ke\u015ffedilmesi bir metro dura\u011f\u0131nda olan Almila Ada ilk olarak Avengers filminin bir sahnesi i\u00e7in kamera kar\u015f\u0131s\u0131na ge\u00e7ti. Oyunculu\u011fa bu \u015fekilde ba\u015flayan Ada filmde Scarlett Johansson\u2019\u0131n k\u00fc\u00e7\u00fckl\u00fc\u011f\u00fcn\u00fc oynayacak balerin rol\u00fcn\u00fc \u00fcstlendi.<\/p>\n","protected":false},"excerpt":{"rendered":"<p>Oyuncu Almila Ada ile ni\u015fanlanan \u2018\u0130hsan \u00c7ilsan kimdir?\u2019 merak ediliyor. J\u00f6n \u00c7ikolata ve Rawsters Coffee&#8217;nin kurucu orta\u011f\u0131 olarak bilinen \u00c7ilsan sosyal medyada g\u00fcndem oldu.<\/p>\n","protected":false},"author":5,"featured_media":130625,"comment_status":"closed","ping_status":"closed","sticky":false,"template":"","format":"standard","meta":{"rank_math_lock_modified_date":false,"footnotes":""},"categories":[491],"tags":[10190,10198,10199],"class_list":["post-130620","post","type-post","status-publish","format-standard","has-post-thumbnail","hentry","category-biyografi","tag-almila-ada","tag-ihsan-cilsan","tag-ihsan-cilsan-kimdir"],"_links":{"self":[{"href":"https:\/\/www.tgrthaber.com\/mavikadin\/wp-json\/wp\/v2\/posts\/130620"}],"collection":[{"href":"https:\/\/www.tgrthaber.com\/mavikadin\/wp-json\/wp\/v2\/posts"}],"about":[{"href":"https:\/\/www.tgrthaber.com\/mavikadin\/wp-json\/wp\/v2\/types\/post"}],"author":[{"embeddable":true,"href":"https:\/\/www.tgrthaber.com\/mavikadin\/wp-json\/wp\/v2\/users\/5"}],"replies":[{"embeddable":true,"href":"https:\/\/www.tgrthaber.com\/mavikadin\/wp-json\/wp\/v2\/comments?post=130620"}],"version-history":[{"count":3,"href":"https:\/\/www.tgrthaber.com\/mavikadin\/wp-json\/wp\/v2\/posts\/130620\/revisions"}],"predecessor-version":[{"id":130638,"href":"https:\/\/www.tgrthaber.com\/mavikadin\/wp-json\/wp\/v2\/posts\/130620\/revisions\/130638"}],"wp:featuredmedia":[{"embeddable":true,"href":"https:\/\/www.tgrthaber.com\/mavikadin\/wp-json\/wp\/v2\/media\/130625"}],"wp:attachment":[{"href":"https:\/\/www.tgrthaber.com\/mavikadin\/wp-json\/wp\/v2\/media?parent=130620"}],"wp:term":[{"taxonomy":"category","embeddable":true,"href":"https:\/\/www.tgrthaber.com\/mavikadin\/wp-json\/wp\/v2\/categories?post=130620"},{"taxonomy":"post_tag","embeddable":true,"href":"https:\/\/www.tgrthaber.com\/mavikadin\/wp-json\/wp\/v2\/tags?post=130620"}],"curies":[{"name":"wp","href":"https:\/\/api.w.org\/{rel}","templated":true}]}}