{"id":130680,"date":"2025-02-07T20:52:49","date_gmt":"2025-02-07T17:52:49","guid":{"rendered":"https:\/\/www.tgrthaber.com\/mavikadin\/?p=130680"},"modified":"2025-02-07T20:59:42","modified_gmt":"2025-02-07T17:59:42","slug":"cihangir-ceyhandan-bir-zamanlar-istanbul-galasinda-keyifli-aciklamalar-90li-yillarla-ilgili-yorumu-gulumsetti","status":"publish","type":"post","link":"https:\/\/www.tgrthaber.com\/mavikadin\/cihangir-ceyhandan-bir-zamanlar-istanbul-galasinda-keyifli-aciklamalar-90li-yillarla-ilgili-yorumu-gulumsetti\/","title":{"rendered":"Cihangir Ceyhan\u2019dan Bir Zamanlar \u0130stanbul galas\u0131nda keyifli a\u00e7\u0131klamalar! 90\u2019l\u0131 y\u0131llarla ilgili yorumu g\u00fcl\u00fcmsetti"},"content":{"rendered":"<p class=\"p1\">Bu ak\u015fam ekrana gelecek olan Bir Zamanlar \u0130stanbul dizisinin galas\u0131 Grand Pera Emek Sahnesi\u2019nde g\u00f6rkemli bir organizasyonla ger\u00e7ekle\u015fti. Dizinin t\u00fcm oyuncu kadrosunun kat\u0131ld\u0131\u011f\u0131 geceye, Cihangir Ceyhan\u2019\u0131n samimi a\u00e7\u0131klamalar\u0131 damga vurdu. Bas\u0131n mensuplar\u0131n\u0131n \u201c90\u2019l\u0131 y\u0131llardan en \u00e7ok neyi \u00f6zlediniz?\u201d sorusuna verdi\u011fi e\u011flenceli yan\u0131t salondakileri g\u00fcl\u00fcmsetti. Oyuncunun diziyle ilgili olan i\u00e7ten a\u00e7\u0131klamalar\u0131, meraklar\u0131 iyice artt\u0131rd\u0131.<\/p>\n<h3>C\u0130HANG\u0130R CEYHAN&#8217;DAN B\u0130R ZAMANLAR \u0130STANBUL D\u0130Z\u0130S\u0130 GALASINDA KEY\u0130FL\u0130 A\u00c7IKLAMALAR!<\/h3>\n<p class=\"p1\">Bu ak\u015fam izleyiciyle bulu\u015facak Bir Zamanlar \u0130stanbul dizisinin galas\u0131, Grand Pera Emek Sahnesi\u2019nde g\u00f6rkemli bir organizasyonla ger\u00e7ekle\u015fti. T\u00fcm oyuncu kadrosunun eksiksiz bir \u015fekilde kat\u0131ld\u0131\u011f\u0131 etkinlikte, dizinin ba\u015frollerinden Cihangir Ceyhan\u2019\u0131n a\u00e7\u0131klamalar\u0131 geceye damga vurdu. Ba\u015far\u0131l\u0131 oyuncu, dizinin \u0130stanbul \u00dcniversitesi Edebiyat Fak\u00fcltesi\u2019nde okuyan ve \u00f6\u011fretmen olmay\u0131 hayal eden Ali\u2019nin hik\u00e2yesini konu ald\u0131\u011f\u0131n\u0131 belirterek, dizinin 1990&#8217;l\u0131 y\u0131llar\u0131n proje tasar\u0131m\u0131 olarak ince elenmi\u015f s\u0131k dokunmu\u015f bir proje oldu\u011funu vurgulad\u0131. Ceyhan&#8217;\u0131n a\u00e7\u0131klamalar\u0131 diziye olan ilgiyi daha da art\u0131rd\u0131. Bas\u0131n mensuplar\u0131n\u0131n \u201c90\u2019l\u0131 y\u0131llardan en \u00e7ok neyi \u00f6zlediniz?\u201d sorusuna ise esprili bir yan\u0131t veren Ceyhan, salondakileri g\u00fcl\u00fcmsetti.<\/p>\n<div style=\"width: 640px;\" class=\"wp-video\"><!--[if lt IE 9]><script>document.createElement('video');<\/script><![endif]-->\n<video class=\"wp-video-shortcode\" id=\"video-130680-1\" width=\"640\" height=\"1138\" preload=\"metadata\" controls=\"controls\"><source type=\"video\/mp4\" src=\"https:\/\/www.tgrthaber.com\/mavikadin\/wp-content\/uploads\/cihangir.mp4?_=1\" \/><a href=\"https:\/\/www.tgrthaber.com\/mavikadin\/wp-content\/uploads\/cihangir.mp4\">https:\/\/www.tgrthaber.com\/mavikadin\/wp-content\/uploads\/cihangir.mp4<\/a><\/video><\/div>\n<h3>C\u0130HANG\u0130R CEYHAN K\u0130MD\u0130R?<\/h3>\n<p class=\"p1\">6 \u015eubat 1989\u2019da Adana\u2019da d\u00fcnyaya gelen Cihangir Ceyhan, T\u00fcrk dizi ve sinema d\u00fcnyas\u0131nda dikkat \u00e7eken isimlerden biri olmay\u0131 ba\u015fard\u0131. Ailesinin en k\u00fc\u00e7\u00fck \u00e7ocu\u011fu olan Ceyhan, baba taraf\u0131ndan Elaz\u0131\u011fl\u0131, anne taraf\u0131ndan ise Diyarbak\u0131rl\u0131 k\u00f6kenlere sahiptir. Anadolu \u00dcniversitesi \u0130\u015fletme B\u00f6l\u00fcm\u00fc\u2019nden mezun olan oyuncu, kariyerine y\u00f6n vermek i\u00e7in \u0130stanbul\u2019a gelerek kamera \u00f6n\u00fc oyunculuk e\u011fitimi ald\u0131. Yakla\u015f\u0131k iki bu\u00e7uk y\u0131l s\u00fcren bu e\u011fitimin ard\u0131ndan do\u011fup b\u00fcy\u00fcd\u00fc\u011f\u00fc Adana\u2019ya d\u00f6nerek sinema ve dizi d\u00fcnyas\u0131nda kendine sa\u011flam bir yer edinmeye ba\u015flad\u0131.<\/p>\n<p class=\"p1\">Cihangir Ceyhan, 2015 y\u0131l\u0131nda \u201cYusuf\u201d adl\u0131 sinema filminde Serdar karakteriyle ilk oyunculuk deneyimini ya\u015fad\u0131. Ancak onu as\u0131l geni\u015f kitlelere tan\u0131tan yap\u0131m, 2016-2019 y\u0131llar\u0131 aras\u0131nda BluTV\u2019de yay\u0131nlanan \u201cS\u0131f\u0131r Bir\u201d dizisi oldu. Burada oynad\u0131\u011f\u0131 Cio karakteriyle b\u00fcy\u00fck bir hayran kitlesine ula\u015ft\u0131. Sert mizac\u0131 ve karakterin ger\u00e7ek\u00e7ili\u011fiyle izleyicinin be\u011fenisini kazanan Ceyhan, 2019-2020 y\u0131llar\u0131nda Show TV\u2019nin fenomen dizisi \u201c\u00c7ukur\u201dda \u201cAzer Kurtulu\u015f\u201d karakterini oynad\u0131.<\/p>\n<p><img loading=\"lazy\" decoding=\"async\" class=\"alignnone wp-image-130695 size-full\" src=\"https:\/\/www.tgrthaber.com\/mavikadin\/wp-content\/uploads\/Ekran-Resmi-2025-02-07-20.50.46.png\" alt=\"\" width=\"974\" height=\"558\" title=\"\" srcset=\"https:\/\/www.tgrthaber.com\/mavikadin\/wp-content\/uploads\/Ekran-Resmi-2025-02-07-20.50.46.png 974w, https:\/\/www.tgrthaber.com\/mavikadin\/wp-content\/uploads\/Ekran-Resmi-2025-02-07-20.50.46-300x172.png 300w, https:\/\/www.tgrthaber.com\/mavikadin\/wp-content\/uploads\/Ekran-Resmi-2025-02-07-20.50.46-768x440.png 768w\" sizes=\"(max-width: 974px) 100vw, 974px\" \/><\/p>\n<hr \/>\n<p class=\"p1\">\u201c\u00c7ukur\u201d dizisi, televizyona ilk ad\u0131m att\u0131\u011f\u0131 proje olurken, ard\u0131ndan yine Show TV\u2019de yay\u0131nlanan \u201cAlev Alev\u201d dizisinde \u201c\u00d6mer Atayc\u0131\u201d rol\u00fcyle kar\u015f\u0131m\u0131za \u00e7\u0131kt\u0131. G\u00fcn\u00fcm\u00fczde ise Kanal D\u2019nin pop\u00fcler dizisi \u201cCamdaki K\u0131z\u201dda \u201cHayri Ersoy\u201d karakteriyle haf\u0131zalara kaz\u0131nd\u0131.<\/p>\n","protected":false},"excerpt":{"rendered":"<p>Bir Zamanlar \u0130stanbul dizisinin g\u00f6rkemli gala gecesi Grand Pera Emek Sahnesi\u2019nde ger\u00e7ekle\u015fti. T\u00fcm oyuncu kadrosunun kat\u0131ld\u0131\u011f\u0131 geceye Cihangir Ceyhan\u2019\u0131n i\u00e7ten a\u00e7\u0131klamalar\u0131 damga vurdu. Bas\u0131n mensuplar\u0131n\u0131n \u201c90\u2019l\u0131 y\u0131llardan en \u00e7ok neyi \u00f6zlediniz?\u201d sorusuna verdi\u011fi e\u011flenceli yan\u0131t salondakileri g\u00fcl\u00fcmsetirken, dizinin atmosferi ve hik\u00e2yesi hakk\u0131nda yapt\u0131\u011f\u0131 samimi yorumlar da merak uyand\u0131rd\u0131. <\/p>\n","protected":false},"author":16,"featured_media":130694,"comment_status":"closed","ping_status":"closed","sticky":false,"template":"","format":"standard","meta":{"rank_math_lock_modified_date":false,"footnotes":""},"categories":[602],"tags":[8483,10225,10226],"class_list":["post-130680","post","type-post","status-publish","format-standard","has-post-thumbnail","hentry","category-diziler","tag-bir-zamanlar-istanbul-dizisi","tag-bir-zamanlar-istanbul-dizisi-cihangir-ceyhan","tag-bir-zamanlar-istanbul-dizisi-gala-cihangir-ceyhan"],"_links":{"self":[{"href":"https:\/\/www.tgrthaber.com\/mavikadin\/wp-json\/wp\/v2\/posts\/130680"}],"collection":[{"href":"https:\/\/www.tgrthaber.com\/mavikadin\/wp-json\/wp\/v2\/posts"}],"about":[{"href":"https:\/\/www.tgrthaber.com\/mavikadin\/wp-json\/wp\/v2\/types\/post"}],"author":[{"embeddable":true,"href":"https:\/\/www.tgrthaber.com\/mavikadin\/wp-json\/wp\/v2\/users\/16"}],"replies":[{"embeddable":true,"href":"https:\/\/www.tgrthaber.com\/mavikadin\/wp-json\/wp\/v2\/comments?post=130680"}],"version-history":[{"count":2,"href":"https:\/\/www.tgrthaber.com\/mavikadin\/wp-json\/wp\/v2\/posts\/130680\/revisions"}],"predecessor-version":[{"id":130697,"href":"https:\/\/www.tgrthaber.com\/mavikadin\/wp-json\/wp\/v2\/posts\/130680\/revisions\/130697"}],"wp:featuredmedia":[{"embeddable":true,"href":"https:\/\/www.tgrthaber.com\/mavikadin\/wp-json\/wp\/v2\/media\/130694"}],"wp:attachment":[{"href":"https:\/\/www.tgrthaber.com\/mavikadin\/wp-json\/wp\/v2\/media?parent=130680"}],"wp:term":[{"taxonomy":"category","embeddable":true,"href":"https:\/\/www.tgrthaber.com\/mavikadin\/wp-json\/wp\/v2\/categories?post=130680"},{"taxonomy":"post_tag","embeddable":true,"href":"https:\/\/www.tgrthaber.com\/mavikadin\/wp-json\/wp\/v2\/tags?post=130680"}],"curies":[{"name":"wp","href":"https:\/\/api.w.org\/{rel}","templated":true}]}}