{"id":130687,"date":"2025-02-07T20:46:19","date_gmt":"2025-02-07T17:46:19","guid":{"rendered":"https:\/\/www.tgrthaber.com\/mavikadin\/?p=130687"},"modified":"2025-02-07T20:46:19","modified_gmt":"2025-02-07T17:46:19","slug":"kizilcik-serbeti-defne-kimdir-muge-bayramoglu-kizilcik-serbetine-transfer-oldu","status":"publish","type":"post","link":"https:\/\/www.tgrthaber.com\/mavikadin\/kizilcik-serbeti-defne-kimdir-muge-bayramoglu-kizilcik-serbetine-transfer-oldu\/","title":{"rendered":"K\u0131z\u0131lc\u0131k \u015eerbeti Defne kimdir? M\u00fcge Bayramo\u011flu K\u0131z\u0131lc\u0131k \u015eerbeti&#8217;ne transfer oldu!"},"content":{"rendered":"<p>Ekranlar\u0131n en \u00e7ok izlenen yap\u0131mlar\u0131ndan biri olan K\u0131z\u0131lc\u0131k \u015eerbeti, yeni b\u00f6l\u00fcmleri ile ekrana gelmeye devam ediyor. Dizi her cuma Show TV&#8217;de yay\u0131nlan\u0131yor. Konusu ve oyuncu kadrosu ile dikkat \u00e7eken yap\u0131mda ya\u015fanan geli\u015fmeler yak\u0131ndan takip ediliyor. Birsen Altunta\u015f&#8217;\u0131n haberine g\u00f6re diziye M\u00fcge Bayramo\u011flu, Defne karakteri ile kat\u0131l\u0131yor. K\u0131z\u0131lc\u0131k \u015eerbeti Defne kimdir?<\/p>\n<h3>KIZILCIK \u015eERBET\u0130 DEFNE K\u0130MD\u0130R?<\/h3>\n<p>Efsane dizi K\u0131z\u0131lc\u0131k \u015eerbeti&#8217;ne Defne karakteri dahil oluyor. Gazeteci Birsen Altunta\u015f, gen\u00e7 yeteklerden M\u00fcge Bayramo\u011flu&#8217;nun diziye dahil oldu\u011funu belirtti. Yap\u0131mda Defne karakterine hayat verecek olan M\u00fcge Bayramo\u011flu&#8217;nun hikayeye farkl\u0131 ve \u00e7ok \u015fa\u015f\u0131rtan bir \u015fekilde girece\u011fi s\u00f6ylendi. Oyuncunun nas\u0131l bir rol ile oynayaca\u011f\u0131 \u015fimdiden merak konusu oldu.<\/p>\n<p>Melis Civelek ve Zeynep G\u00fcr&#8217;in senaryosunu yazd\u0131\u011f\u0131 dizi her hafta olayl\u0131 b\u00f6l\u00fcmleriyle izleyiciyi televizyon kar\u015f\u0131s\u0131na kilitliyor. Usta oyuncular\u0131n bir araya geldi\u011fi yap\u0131m Show T&#8217;de yay\u0131nlan\u0131yor.<\/p>\n<p><img loading=\"lazy\" decoding=\"async\" class=\"alignnone wp-image-130688\" src=\"https:\/\/www.tgrthaber.com\/mavikadin\/wp-content\/uploads\/WhatsApp-Image-2025-02-07-at-20.36.11-300x169.jpeg\" alt=\"\" width=\"1280\" height=\"720\" title=\"\" srcset=\"https:\/\/www.tgrthaber.com\/mavikadin\/wp-content\/uploads\/WhatsApp-Image-2025-02-07-at-20.36.11-300x169.jpeg 300w, https:\/\/www.tgrthaber.com\/mavikadin\/wp-content\/uploads\/WhatsApp-Image-2025-02-07-at-20.36.11-1024x576.jpeg 1024w, https:\/\/www.tgrthaber.com\/mavikadin\/wp-content\/uploads\/WhatsApp-Image-2025-02-07-at-20.36.11-768x432.jpeg 768w, https:\/\/www.tgrthaber.com\/mavikadin\/wp-content\/uploads\/WhatsApp-Image-2025-02-07-at-20.36.11-1536x864.jpeg 1536w, https:\/\/www.tgrthaber.com\/mavikadin\/wp-content\/uploads\/WhatsApp-Image-2025-02-07-at-20.36.11.jpeg 1600w\" sizes=\"(max-width: 1280px) 100vw, 1280px\" \/><\/p>\n<hr \/>\n<h3>M\u00dcGE BAYRAMO\u011eLU K\u0130MD\u0130R?<\/h3>\n<p>M\u00fcge Bayramo\u011flu, 6 Eyl\u00fcl 1992 tarihinde d\u00fcnyaya geldi. Bursa do\u011fumlu oyuncu Mimar Sinan \u00dcniversitesi Devlet Konservatuar\u0131 b\u00f6l\u00fcm\u00fcnden mezun olmu\u015ftur. M\u00fcge Bayramo\u011flu,\u00a0 \u201cPis Yedili\u201d, \u201cO Hayat Benim\u201d, \u201cKoca Koca Yalanlar\u201d, \u201cA\u015fk Zaman\u0131\u201d, \u201c\u00c7\u0131plak\u201d gibi yap\u0131mlar rol alarak ba\u015far\u0131s\u0131n\u0131 kan\u0131tlam\u0131\u015ft\u0131r.<\/p>\n<p><img loading=\"lazy\" decoding=\"async\" class=\"alignnone wp-image-130690\" src=\"https:\/\/www.tgrthaber.com\/mavikadin\/wp-content\/uploads\/WhatsApp-Image-2025-02-07-at-20.36.10-300x200.jpeg\" alt=\"\" width=\"1280\" height=\"853\" title=\"\" srcset=\"https:\/\/www.tgrthaber.com\/mavikadin\/wp-content\/uploads\/WhatsApp-Image-2025-02-07-at-20.36.10-300x200.jpeg 300w, https:\/\/www.tgrthaber.com\/mavikadin\/wp-content\/uploads\/WhatsApp-Image-2025-02-07-at-20.36.10.jpeg 750w\" sizes=\"(max-width: 1280px) 100vw, 1280px\" \/><\/p>\n<hr \/>\n<h3>KIZILCIK \u015eERBET\u0130 KONUSU NED\u0130R?<\/h3>\n<p>Uzun zamand\u0131r ekranda yer alan K\u0131z\u0131lc\u0131k \u015eerbeti dizisi farkl\u0131 hayatlar\u0131n birle\u015fmesiyle olu\u015fan zorlu\u011fu ele al\u0131yor.\u00a0 Do\u011fa ve Fatih ile ba\u015flayan hikayede, farkl\u0131 k\u00fclt\u00fcrlere sahip ailelerin hayatlar\u0131na odaklan\u0131l\u0131yor. Do\u011fa ve Fatih kendilerini \u00e7ok ba\u015fka olaylar\u0131n i\u00e7inde buluyor.<\/p>\n<p><img loading=\"lazy\" decoding=\"async\" class=\"alignnone wp-image-130691\" src=\"https:\/\/www.tgrthaber.com\/mavikadin\/wp-content\/uploads\/kizilcikserbetii-300x169.webp\" alt=\"\" width=\"1280\" height=\"720\" title=\"\" srcset=\"https:\/\/www.tgrthaber.com\/mavikadin\/wp-content\/uploads\/kizilcikserbetii-300x169.webp 300w, https:\/\/www.tgrthaber.com\/mavikadin\/wp-content\/uploads\/kizilcikserbetii-1024x576.webp 1024w, https:\/\/www.tgrthaber.com\/mavikadin\/wp-content\/uploads\/kizilcikserbetii-768x432.webp 768w, https:\/\/www.tgrthaber.com\/mavikadin\/wp-content\/uploads\/kizilcikserbetii.webp 1280w\" sizes=\"(max-width: 1280px) 100vw, 1280px\" \/><\/p>\n<hr \/>\n<h3>KIZILCIK \u015eERBET\u0130 OYUNCULARI K\u0130MLER?<\/h3>\n<p>K\u0131z\u0131lc\u0131k \u015eerbeti dizisinin oyuncu kadrosunda S\u0131la T\u00fcrko\u011flu, Do\u011fukan G\u00fcng\u00f6r, Bar\u0131\u015f K\u0131l\u0131\u00e7, Evrim Alasya, Sibel Ta\u015f\u00e7\u0131o\u011flu, Ceren Yalazo\u011flu Karako\u00e7 ve Feyza Civelek gibi isimler yer al\u0131yor.<\/p>\n","protected":false},"excerpt":{"rendered":"<p>Show TV&#8217;nin reyting rekortmeni dizisi her cuma seyircisi ile bulu\u015fuyor. Fenomen diziye oyuncu M\u00fcge Bayramo\u011flu dahil oluyor. M\u00fcge Bayramo\u011flu dizide Defne karakterine hayat verecek. Peki, M\u00fcge Bayramo\u011flu kimdir? <\/p>\n","protected":false},"author":33,"featured_media":130689,"comment_status":"closed","ping_status":"closed","sticky":false,"template":"","format":"standard","meta":{"rank_math_lock_modified_date":false,"footnotes":""},"categories":[602],"tags":[10224,10223,10222],"class_list":["post-130687","post","type-post","status-publish","format-standard","has-post-thumbnail","hentry","category-diziler","tag-kizilcik-serbeti-muge-bayramoglu","tag-muge-bayramoglu-dizileri","tag-muge-bayramoglu-kimdir"],"_links":{"self":[{"href":"https:\/\/www.tgrthaber.com\/mavikadin\/wp-json\/wp\/v2\/posts\/130687"}],"collection":[{"href":"https:\/\/www.tgrthaber.com\/mavikadin\/wp-json\/wp\/v2\/posts"}],"about":[{"href":"https:\/\/www.tgrthaber.com\/mavikadin\/wp-json\/wp\/v2\/types\/post"}],"author":[{"embeddable":true,"href":"https:\/\/www.tgrthaber.com\/mavikadin\/wp-json\/wp\/v2\/users\/33"}],"replies":[{"embeddable":true,"href":"https:\/\/www.tgrthaber.com\/mavikadin\/wp-json\/wp\/v2\/comments?post=130687"}],"version-history":[{"count":2,"href":"https:\/\/www.tgrthaber.com\/mavikadin\/wp-json\/wp\/v2\/posts\/130687\/revisions"}],"predecessor-version":[{"id":130693,"href":"https:\/\/www.tgrthaber.com\/mavikadin\/wp-json\/wp\/v2\/posts\/130687\/revisions\/130693"}],"wp:featuredmedia":[{"embeddable":true,"href":"https:\/\/www.tgrthaber.com\/mavikadin\/wp-json\/wp\/v2\/media\/130689"}],"wp:attachment":[{"href":"https:\/\/www.tgrthaber.com\/mavikadin\/wp-json\/wp\/v2\/media?parent=130687"}],"wp:term":[{"taxonomy":"category","embeddable":true,"href":"https:\/\/www.tgrthaber.com\/mavikadin\/wp-json\/wp\/v2\/categories?post=130687"},{"taxonomy":"post_tag","embeddable":true,"href":"https:\/\/www.tgrthaber.com\/mavikadin\/wp-json\/wp\/v2\/tags?post=130687"}],"curies":[{"name":"wp","href":"https:\/\/api.w.org\/{rel}","templated":true}]}}