{"id":130751,"date":"2025-02-08T00:13:21","date_gmt":"2025-02-07T21:13:21","guid":{"rendered":"https:\/\/www.tgrthaber.com\/mavikadin\/?p=130751"},"modified":"2025-02-21T21:07:29","modified_gmt":"2025-02-21T18:07:29","slug":"bir-zamanlar-istanbul-dizisinde-ogun-sencer-karakterini-oynayan-umit-kantarcilar-kimdir","status":"publish","type":"post","link":"https:\/\/www.tgrthaber.com\/mavikadin\/bir-zamanlar-istanbul-dizisinde-ogun-sencer-karakterini-oynayan-umit-kantarcilar-kimdir\/","title":{"rendered":"Bir Zamanlar \u0130stanbul dizisinde Og\u00fcn Sencer karakterini oynayan \u00dcmit Kantarc\u0131lar kimdir?"},"content":{"rendered":"<p>En son Kurulu\u015f Osman dizisinde \u2018Ulcay\u2019 karakteri ile izleyici kar\u015f\u0131s\u0131na \u00e7\u0131kan yak\u0131\u015f\u0131kl\u0131 oyuncu \u00dcmit Kantarc\u0131lar, TRT 1\u2019de yay\u0131n hayat\u0131na ba\u015flayan Bir Zamanlar \u0130stanbul dizisinde Og\u00fcn Sencer karakterini oynayacak. Peki, \u00dcmit Kantarc\u0131lar kimdir? Nerelidir? \u00dcmit Kantarc\u0131lar hangi dizilerde ve filmlerde oynad\u0131? \u00dcmit Kantarc\u0131lar evli mi bo\u015fand\u0131 m\u0131? \u0130\u015fte \u00dcmit Kantarc\u0131lar hakk\u0131nda t\u00fcm bilinmeyenler\u2026<\/p>\n<h3>\u00dcM\u0130T KANTARCI K\u0130MD\u0130R? NEREL\u0130D\u0130R?<\/h3>\n<p>\u00dcnl\u00fc oyuncu \u00dcmit Kantarc\u0131lar, 10 Ekim 1987 tarihinde Antalya&#8217;da do\u011fdu. E\u011fitim hayat\u0131n\u0131n ba\u015f\u0131ndan beri ilkokul, ortaokul ve lise d\u00f6nemlerinde tiyatroya olan tutkusu okul tiyatrosuyla ba\u015flad\u0131. Daha sonra Antalya Belediye Tiyatrosu&#8217;nda oyunlar oynamaya ba\u015flam\u0131\u015f ve Antalya Belediye Tiyatrosu&#8217;nda Midirfillik oyunuyla \u00f6d\u00fcl kazanm\u0131\u015ft\u0131r.<\/p>\n<h3>\u00dcM\u0130T KANTARCILAR\u2019IN E\u011e\u0130T\u0130M HAYATI<\/h3>\n<p>\u00dcmit Kantarc\u0131lar, tiyatroya olan tutkusunu daha ileri ta\u015f\u0131yarak 2005 y\u0131l\u0131nda M\u00fcjdat Gezen Konservatuvar\u0131&#8217;na girerek oyunculuk e\u011fitimi ald\u0131. MSM&#8217;deki e\u011fitiminin ard\u0131ndan Ali Poyrazo\u011flu Tiyatrosu&#8217;nda kat\u0131larak resmi olarak oyunculuk yapmaya ba\u015flam\u0131\u015ft\u0131r.<\/p>\n<p>2011 ve 2014 y\u0131llar\u0131 aras\u0131nda Gani M\u00fcjde&#8217;nin, senaryosunu yaz\u0131p y\u00f6netti\u011fi Show TV&#8217;de yay\u0131mlanan Pis Yedili adl\u0131 gen\u00e7lik ve komedi dizisinde, Ceyhun karakterini oynayarak televizyon d\u00fcnyas\u0131na ilk ad\u0131m\u0131n\u0131 atm\u0131\u015ft\u0131r. Dizideki ba\u015far\u0131s\u0131 ve sempatik halleri herkes taraf\u0131ndan be\u011feni kazan\u0131l\u0131nca ATV&#8217;de yay\u0131mlanan K\u0131zlar ve Anneleri adl\u0131 yar\u0131\u015fma program\u0131nda ilk sunuculuk deneyimini ger\u00e7ekle\u015ftirmi\u015ftir.<\/p>\n<p><img loading=\"lazy\" decoding=\"async\" class=\"alignnone wp-image-130761\" src=\"https:\/\/www.tgrthaber.com\/mavikadin\/wp-content\/uploads\/Umit-Kantarcilar-300x169.jpg\" alt=\"\u00fcmit kantarc\u0131lar\" width=\"1208\" height=\"680\" title=\"\" srcset=\"https:\/\/www.tgrthaber.com\/mavikadin\/wp-content\/uploads\/Umit-Kantarcilar-300x169.jpg 300w, https:\/\/www.tgrthaber.com\/mavikadin\/wp-content\/uploads\/Umit-Kantarcilar-1024x576.jpg 1024w, https:\/\/www.tgrthaber.com\/mavikadin\/wp-content\/uploads\/Umit-Kantarcilar-768x432.jpg 768w, https:\/\/www.tgrthaber.com\/mavikadin\/wp-content\/uploads\/Umit-Kantarcilar-1536x864.jpg 1536w, https:\/\/www.tgrthaber.com\/mavikadin\/wp-content\/uploads\/Umit-Kantarcilar.jpg 1920w\" sizes=\"(max-width: 1208px) 100vw, 1208px\" \/><\/p>\n<hr \/>\n<h3>\u00dcM\u0130T KANTARCILAR\u2019IN ROL ALDI\u011eI D\u0130Z\u0130 VE F\u0130MLER<\/h3>\n<p><strong>Diziler<\/strong><\/p>\n<ul>\n<li>2006 \u0130ki Aile<\/li>\n<li>2010 \u00c7ak\u0131l Ta\u015flar\u0131<\/li>\n<li>2011 Yerden Y\u00fcksek<\/li>\n<li>2011 K\u00fc\u00e7\u00fck S\u0131rlar<\/li>\n<li>2012 Babalar ve Evlatlar<\/li>\n<li>2013-2014 Pis Yedili<\/li>\n<li>2015 \u015eehrin Melekleri<\/li>\n<li>2016 Reng\u00e2renk<\/li>\n<li>2017-2018 Kanats\u0131z Ku\u015flar<\/li>\n<li>2019-2020 Vuslat<\/li>\n<li>2021 Kazara A\u015fk<\/li>\n<li>2024 Kurulu\u015f Osman<\/li>\n<li>2025 Bir Zamanlar \u0130stanbul<\/li>\n<\/ul>\n<p><strong>\u0130nternet yap\u0131mlar\u0131<\/strong><\/p>\n<ul>\n<li>2023-2024 A\u015fk\u0131m\u0131z Yeter<\/li>\n<li>2025 Bir \u0130htimal Daha Var<\/li>\n<\/ul>\n<p><strong>Filmler<\/strong><\/p>\n<ul>\n<li>2018 Sava\u015f<\/li>\n<li>2019 Dert Bende<\/li>\n<li>2019 Bizim Semtin \u00c7ocuklar\u0131<\/li>\n<li>2021 K\u00fc\u00e7\u00fck Yalanlar<\/li>\n<li>2024 Ben ve Babam \u2013 Vatan<\/li>\n<\/ul>\n<p><img loading=\"lazy\" decoding=\"async\" class=\"alignnone wp-image-130775\" src=\"https:\/\/www.tgrthaber.com\/mavikadin\/wp-content\/uploads\/umit-kantarcilar-2-300x169.jpg\" alt=\"\" width=\"1208\" height=\"680\" title=\"\" srcset=\"https:\/\/www.tgrthaber.com\/mavikadin\/wp-content\/uploads\/umit-kantarcilar-2-300x169.jpg 300w, https:\/\/www.tgrthaber.com\/mavikadin\/wp-content\/uploads\/umit-kantarcilar-2-1024x576.jpg 1024w, https:\/\/www.tgrthaber.com\/mavikadin\/wp-content\/uploads\/umit-kantarcilar-2-768x432.jpg 768w, https:\/\/www.tgrthaber.com\/mavikadin\/wp-content\/uploads\/umit-kantarcilar-2-1536x864.jpg 1536w, https:\/\/www.tgrthaber.com\/mavikadin\/wp-content\/uploads\/umit-kantarcilar-2.jpg 1920w\" sizes=\"(max-width: 1208px) 100vw, 1208px\" \/><\/p>\n<hr \/>\n<h3>\u00dcM\u0130T KANTARCILAR EVL\u0130 M\u0130 BO\u015eANDI MI? \u00dcM\u0130T KANTARCILAR \u00c7OCU\u011eU VAR MI?<\/h3>\n<p>Kantarc\u0131lar 2014 y\u0131l\u0131nda meslekta\u015f\u0131 Gamze Topuz ile d\u00fcnya evine girmi\u015fti. \u00c7iftin kendi i\u00e7lerinde anla\u015famama sorunu nedeniyle 2 y\u0131ll\u0131k evliliklerini 2016 y\u0131l\u0131nda sonland\u0131rd\u0131. Bu evlilikten Elis Naz Kantarc\u0131lar ad\u0131nda bir \u00e7ocuklar\u0131 oldu.<\/p>\n<p>&nbsp;<\/p>\n","protected":false},"excerpt":{"rendered":"<p>TRT 1 ekranlar\u0131nda yeni ba\u015flayan Bir Zamanlar \u0130stanbul dizisinin Og\u00fcn Sencer karakterini oynayan \u00dcmit Kantarc\u0131lar\u2019\u0131n hayat\u0131 ve yapt\u0131\u011f\u0131 i\u015fler merak konusu oldu. Peki, \u00dcmit Kantarc\u0131lar kimdir? Nerelidir? \u00dcmit Kantarc\u0131lar hangi dizilerde ve filmlerde oynad\u0131?<\/p>\n","protected":false},"author":10,"featured_media":136753,"comment_status":"closed","ping_status":"closed","sticky":false,"template":"","format":"standard","meta":{"rank_math_lock_modified_date":false,"footnotes":""},"categories":[491],"tags":[10255,10257,10256],"class_list":["post-130751","post","type-post","status-publish","format-standard","has-post-thumbnail","hentry","category-biyografi","tag-bir-zamanlar-istanbul-umit-kantarcilar","tag-umit-kantarcilar","tag-umit-kantarcilar-ogun-sencer-rolu"],"_links":{"self":[{"href":"https:\/\/www.tgrthaber.com\/mavikadin\/wp-json\/wp\/v2\/posts\/130751"}],"collection":[{"href":"https:\/\/www.tgrthaber.com\/mavikadin\/wp-json\/wp\/v2\/posts"}],"about":[{"href":"https:\/\/www.tgrthaber.com\/mavikadin\/wp-json\/wp\/v2\/types\/post"}],"author":[{"embeddable":true,"href":"https:\/\/www.tgrthaber.com\/mavikadin\/wp-json\/wp\/v2\/users\/10"}],"replies":[{"embeddable":true,"href":"https:\/\/www.tgrthaber.com\/mavikadin\/wp-json\/wp\/v2\/comments?post=130751"}],"version-history":[{"count":2,"href":"https:\/\/www.tgrthaber.com\/mavikadin\/wp-json\/wp\/v2\/posts\/130751\/revisions"}],"predecessor-version":[{"id":130779,"href":"https:\/\/www.tgrthaber.com\/mavikadin\/wp-json\/wp\/v2\/posts\/130751\/revisions\/130779"}],"wp:featuredmedia":[{"embeddable":true,"href":"https:\/\/www.tgrthaber.com\/mavikadin\/wp-json\/wp\/v2\/media\/136753"}],"wp:attachment":[{"href":"https:\/\/www.tgrthaber.com\/mavikadin\/wp-json\/wp\/v2\/media?parent=130751"}],"wp:term":[{"taxonomy":"category","embeddable":true,"href":"https:\/\/www.tgrthaber.com\/mavikadin\/wp-json\/wp\/v2\/categories?post=130751"},{"taxonomy":"post_tag","embeddable":true,"href":"https:\/\/www.tgrthaber.com\/mavikadin\/wp-json\/wp\/v2\/tags?post=130751"}],"curies":[{"name":"wp","href":"https:\/\/api.w.org\/{rel}","templated":true}]}}