{"id":130757,"date":"2025-02-08T00:03:36","date_gmt":"2025-02-07T21:03:36","guid":{"rendered":"https:\/\/www.tgrthaber.com\/mavikadin\/?p=130757"},"modified":"2025-02-08T00:03:36","modified_gmt":"2025-02-07T21:03:36","slug":"bir-zamanlar-istanbul-dizisinin-gokhani-kaan-tasaner-kimdir-oynadigi-diziler-ve-biyografisi-arastiriliyor","status":"publish","type":"post","link":"https:\/\/www.tgrthaber.com\/mavikadin\/bir-zamanlar-istanbul-dizisinin-gokhani-kaan-tasaner-kimdir-oynadigi-diziler-ve-biyografisi-arastiriliyor\/","title":{"rendered":"Bir Zamanlar \u0130stanbul Dizisi&#8217;nin G\u00f6khan&#8217;\u0131 Kaan Ta\u015faner kimdir? Oynad\u0131\u011f\u0131 diziler ve biyografisi ara\u015ft\u0131r\u0131l\u0131yor!"},"content":{"rendered":"<p class=\"p1\">TRT1\u2019in iddial\u0131 yap\u0131m\u0131 <i>Bir Zamanlar \u0130stanbul<\/i>, 90\u2019l\u0131 y\u0131llar\u0131n ruhunu ekrana ta\u015f\u0131rken, oyuncu kadrosuyla da dikkat \u00e7ekiyor. Dizide G\u00f6khan Atik karakterini oynayan Kaan Ta\u015faner, performans\u0131yla izleyicilerden tam not ald\u0131. Dizide oynad\u0131\u011f\u0131 G\u00f6khan karakteri ile be\u011fenilen Kaan Ta\u015faner&#8217;in hayat\u0131 da merak konusu oldu. peki Kaan Ta\u015faner kimdir, ka\u00e7 ya\u015f\u0131nda? Hangi projelerde yer ald\u0131? \u0130\u015fte t\u00fcm detaylar&#8230;<\/p>\n<h3 class=\"p3\">B\u0130R ZAMANLAR \u0130STANBUL G\u00d6KHAN K\u0130MD\u0130R?<\/h3>\n<p class=\"p1\">Dizide Kaan Ta\u015faner\u2019in oynad\u0131\u011f\u0131 G\u00f6khan Atik, adalet ve a\u015fk aras\u0131ndaki ince \u00e7izgide y\u00fcr\u00fcyen, derin bir ge\u00e7mi\u015fe sahip bir karakter olarak \u00f6ne \u00e7\u0131k\u0131yor. G\u00fc\u00e7l\u00fc, kararl\u0131 ve zaman zaman sert duru\u015fuyla dikkat \u00e7eken G\u00f6khan, hik\u00e2yede kilit rollerden birini \u00fcstleniyor.<\/p>\n<p><img loading=\"lazy\" decoding=\"async\" class=\"alignnone wp-image-130763 size-full\" src=\"https:\/\/www.tgrthaber.com\/mavikadin\/wp-content\/uploads\/Ekran-Resmi-2025-02-07-23.56.13.png\" alt=\"\" width=\"946\" height=\"546\" title=\"\" srcset=\"https:\/\/www.tgrthaber.com\/mavikadin\/wp-content\/uploads\/Ekran-Resmi-2025-02-07-23.56.13.png 946w, https:\/\/www.tgrthaber.com\/mavikadin\/wp-content\/uploads\/Ekran-Resmi-2025-02-07-23.56.13-300x173.png 300w, https:\/\/www.tgrthaber.com\/mavikadin\/wp-content\/uploads\/Ekran-Resmi-2025-02-07-23.56.13-768x443.png 768w\" sizes=\"(max-width: 946px) 100vw, 946px\" \/><\/p>\n<hr \/>\n<h3 class=\"p3\">KAAN TA\u015eANER K\u0130MD\u0130R?<\/h3>\n<p class=\"p1\">Ba\u015far\u0131l\u0131 oyuncu Kaan Ta\u015faner, 23 Nisan 1979\u2019da Antalya\u2019da do\u011fdu. Sanat hayat\u0131na tiyatro ile ad\u0131m atan Ta\u015faner, Konya Sel\u00e7uk \u00dcniversitesi Konservatuvar\u0131 Tiyatro Anasanat Dal\u0131\u2019ndan mezun oldu. Oyunculuk kariyerine tiyatro sahnesinde ba\u015flayan sanat\u00e7\u0131, bir\u00e7ok oyunda yer ald\u0131 ve sahnedeki performans\u0131yla be\u011feni toplad\u0131.<\/p>\n<p class=\"p1\">TRT\u2019nin merakla beklenen yap\u0131mlar\u0131ndan olan \u2018Bir Zamanlar \u0130stanbul\u2019 dizisinde oynad\u0131\u011f\u0131 karakterle izleyicilerin dikkatni \u00e7eken Kaan Ta\u015faner, gala gecesinde yapt\u0131\u011f\u0131 \u201c Biz \u00f6zellikle 2000\u2019den sonra internetin hayat\u0131m\u0131za girmesiyle birlikte aile ba\u011flar\u0131n\u0131n, insanlar\u0131n biraz daha yaln\u0131zla\u015ft\u0131\u011f\u0131 bir d\u00f6nemdi. 90\u2019lar bu konuda birbirimize \u00e7ok daha ba\u011fl\u0131 oldu\u011fumuz bir d\u00f6nemdi. Bunun alt\u0131n\u0131 \u00f6zellikle \u00e7izen bir proje. En \u00e7ok temelde bundan bahsedilmi\u015f bir bilgi. G\u00f6khan karakterine gelince oda i\u015fte ailesini mutlu etmeye \u00e7al\u0131\u015fan m\u00fclayim, m\u00fctevazi bir karakter. Ve oda bir varolu\u015f sava\u015f\u0131n\u0131n i\u00e7inde \u201d a\u00e7\u0131klamas\u0131yla dikkat \u00e7ekmi\u015fti.<\/p>\n<p><img loading=\"lazy\" decoding=\"async\" class=\"alignnone wp-image-130767 \" src=\"https:\/\/www.tgrthaber.com\/mavikadin\/wp-content\/uploads\/Ekran-Resmi-2025-02-07-23.56.28.png\" alt=\"\" width=\"947\" height=\"647\" title=\"\" srcset=\"https:\/\/www.tgrthaber.com\/mavikadin\/wp-content\/uploads\/Ekran-Resmi-2025-02-07-23.56.28.png 924w, https:\/\/www.tgrthaber.com\/mavikadin\/wp-content\/uploads\/Ekran-Resmi-2025-02-07-23.56.28-300x205.png 300w, https:\/\/www.tgrthaber.com\/mavikadin\/wp-content\/uploads\/Ekran-Resmi-2025-02-07-23.56.28-768x525.png 768w\" sizes=\"(max-width: 947px) 100vw, 947px\" \/><\/p>\n<hr \/>\n<h3>KAAN TA\u015eANER HANG\u0130 PROJELERDE YER ALDI?<\/h3>\n<p class=\"p1\">2010-2012: Fatmag\u00fcl&#8217;\u00fcn Su\u00e7u Ne?<\/p>\n<p class=\"p1\">2012-2013: Kuzey G\u00fcney<\/p>\n<p class=\"p1\">2013-2014: Kay\u0131p<\/p>\n<p class=\"p1\">2014-2016, 2019: Dirili\u015f Ertu\u011frul<\/p>\n<p class=\"p1\">2016: Rengarenk<\/p>\n<p class=\"p1\">2018: Mehmet\u00e7ik Kut&#8217;\u00fcl Amare<\/p>\n<p><img loading=\"lazy\" decoding=\"async\" class=\"alignnone wp-image-130769 size-full\" src=\"https:\/\/www.tgrthaber.com\/mavikadin\/wp-content\/uploads\/Ekran-Resmi-2025-02-07-23.56.33.png\" alt=\"\" width=\"1012\" height=\"628\" title=\"\" srcset=\"https:\/\/www.tgrthaber.com\/mavikadin\/wp-content\/uploads\/Ekran-Resmi-2025-02-07-23.56.33.png 1012w, https:\/\/www.tgrthaber.com\/mavikadin\/wp-content\/uploads\/Ekran-Resmi-2025-02-07-23.56.33-300x186.png 300w, https:\/\/www.tgrthaber.com\/mavikadin\/wp-content\/uploads\/Ekran-Resmi-2025-02-07-23.56.33-768x477.png 768w\" sizes=\"(max-width: 1012px) 100vw, 1012px\" \/><\/p>\n<hr \/>\n<p class=\"p1\">2018: \u015eahin Tepesi<\/p>\n<p class=\"p1\">2020-2021: Uyan\u0131\u015f: B\u00fcy\u00fck Sel\u00e7uklu<\/p>\n<p class=\"p1\">2021-2022: Kanunsuz Topraklar<\/p>\n<p class=\"p1\">2022: Gecenin Ucunda<\/p>\n<p class=\"p1\">2023: Ba\u015f\u0131m Belada<\/p>\n<p class=\"p1\">2024: K\u0131z\u0131lc\u0131k \u015eerbeti<\/p>\n<p class=\"p1\">2025-: Bir Zamanlar \u0130stanbul<\/p>\n","protected":false},"excerpt":{"rendered":"<p>TRT1\u2019in b\u00fcy\u00fck ilgi g\u00f6ren dizisi Bir Zamanlar \u0130stanbul, 90\u2019l\u0131 y\u0131llar\u0131n atmosferini ekrana ta\u015f\u0131rken, Kaan Ta\u015faner oynad\u0131\u011f\u0131 G\u00f6khan Atik karakteriyle dikkat \u00e7ekti. Oyunculu\u011fuyla izleyicilerden tam not alan Ta\u015faner\u2019in kariyeri ve hayat\u0131 merak konusu oldu. Peki, Kaan Ta\u015faner kimdir, hangi yap\u0131mlarda rol ald\u0131? \u0130\u015fte detaylar\u2026<\/p>\n","protected":false},"author":16,"featured_media":130772,"comment_status":"closed","ping_status":"closed","sticky":false,"template":"","format":"standard","meta":{"rank_math_lock_modified_date":false,"footnotes":""},"categories":[491],"tags":[10254,10253,10252,10251],"class_list":["post-130757","post","type-post","status-publish","format-standard","has-post-thumbnail","hentry","category-biyografi","tag-bir-zamanlar-istanbul-gokhan-kaan-tasaner","tag-bir-zamanlar-istanbul-gokhan-kimdir","tag-bir-zamanlar-istanbul-kaan-tasaner","tag-bir-zamanlar-istanbulun-gokhani-kaan-tasaner-kimdir"],"_links":{"self":[{"href":"https:\/\/www.tgrthaber.com\/mavikadin\/wp-json\/wp\/v2\/posts\/130757"}],"collection":[{"href":"https:\/\/www.tgrthaber.com\/mavikadin\/wp-json\/wp\/v2\/posts"}],"about":[{"href":"https:\/\/www.tgrthaber.com\/mavikadin\/wp-json\/wp\/v2\/types\/post"}],"author":[{"embeddable":true,"href":"https:\/\/www.tgrthaber.com\/mavikadin\/wp-json\/wp\/v2\/users\/16"}],"replies":[{"embeddable":true,"href":"https:\/\/www.tgrthaber.com\/mavikadin\/wp-json\/wp\/v2\/comments?post=130757"}],"version-history":[{"count":2,"href":"https:\/\/www.tgrthaber.com\/mavikadin\/wp-json\/wp\/v2\/posts\/130757\/revisions"}],"predecessor-version":[{"id":130774,"href":"https:\/\/www.tgrthaber.com\/mavikadin\/wp-json\/wp\/v2\/posts\/130757\/revisions\/130774"}],"wp:featuredmedia":[{"embeddable":true,"href":"https:\/\/www.tgrthaber.com\/mavikadin\/wp-json\/wp\/v2\/media\/130772"}],"wp:attachment":[{"href":"https:\/\/www.tgrthaber.com\/mavikadin\/wp-json\/wp\/v2\/media?parent=130757"}],"wp:term":[{"taxonomy":"category","embeddable":true,"href":"https:\/\/www.tgrthaber.com\/mavikadin\/wp-json\/wp\/v2\/categories?post=130757"},{"taxonomy":"post_tag","embeddable":true,"href":"https:\/\/www.tgrthaber.com\/mavikadin\/wp-json\/wp\/v2\/tags?post=130757"}],"curies":[{"name":"wp","href":"https:\/\/api.w.org\/{rel}","templated":true}]}}