{"id":130762,"date":"2025-02-08T00:01:02","date_gmt":"2025-02-07T21:01:02","guid":{"rendered":"https:\/\/www.tgrthaber.com\/mavikadin\/?p=130762"},"modified":"2025-02-08T00:01:03","modified_gmt":"2025-02-07T21:01:03","slug":"kizilcik-serbeti-nursema-ve-ilhami-evlenecek-mi-firazdan-soke-eden-hamle","status":"publish","type":"post","link":"https:\/\/www.tgrthaber.com\/mavikadin\/kizilcik-serbeti-nursema-ve-ilhami-evlenecek-mi-firazdan-soke-eden-hamle\/","title":{"rendered":"K\u0131z\u0131lc\u0131k \u015eerbeti Nursema ve \u0130lhami evlenecek mi? Firaz&#8217;dan \u015foke eden hamle!"},"content":{"rendered":"<p>Gold Film imzal\u0131 K\u0131z\u0131lc\u0131k \u015eerbeti dizisi 2022 y\u0131l\u0131ndan beri yay\u0131nlan\u0131yor. Y\u00f6netmenli\u011fini Hakan K\u0131rvava\u00e7&#8217;\u0131n \u00fcstlendi\u011fi dizinin senaryosunu ise Melis Civelek ve Zeynep G\u00fcr kaleme al\u0131yor. K\u0131z\u0131lc\u0131k \u015eerbeti&#8217;nin yeni b\u00f6l\u00fcm\u00fcnde bu ak\u015fam \u0130lhami ve ailesi Nursema&#8217;y\u0131 istemeye geliyor. Hayranlar her ne kadar Firaz ve Nursema&#8217;y\u0131 yak\u0131\u015ft\u0131rsa da, ak\u0131llara K\u0131z\u0131lc\u0131k \u015eerbeti Nursema ve \u0130lhami evlenecek mi? sorusu geliyor.<\/p>\n<h3>KIZILCIK \u015eERBET\u0130 NURSEMA VE \u0130LHAM\u0130 EVLENECEK M\u0130?<\/h3>\n<p>Ceren Yalazo\u011flu Karako\u00e7&#8217;un oynad\u0131\u011f\u0131 Nursema karakteri, ilk g\u00fcnden bu yana \u00e7ok sevildi. Dizinin favori karakterlerinden biri olan Nursema, ge\u00e7ti\u011fimiz haftalarda \u0130lhami&#8217;ye olan duygular\u0131n\u0131 a\u00e7m\u0131\u015ft\u0131. \u00d6te yandan \u0130lhami&#8217;den kar\u015f\u0131l\u0131k g\u00f6remeyen Nursema&#8217;ya destek Firaz&#8217;dan gelmi\u015fti.<\/p>\n<p><img loading=\"lazy\" decoding=\"async\" class=\"alignnone wp-image-130765\" src=\"https:\/\/www.tgrthaber.com\/mavikadin\/wp-content\/uploads\/WhatsApp-Image-2025-02-07-at-23.49.49-1-300x200.jpeg\" alt=\"\" width=\"1280\" height=\"853\" title=\"\" srcset=\"https:\/\/www.tgrthaber.com\/mavikadin\/wp-content\/uploads\/WhatsApp-Image-2025-02-07-at-23.49.49-1-300x200.jpeg 300w, https:\/\/www.tgrthaber.com\/mavikadin\/wp-content\/uploads\/WhatsApp-Image-2025-02-07-at-23.49.49-1-768x512.jpeg 768w, https:\/\/www.tgrthaber.com\/mavikadin\/wp-content\/uploads\/WhatsApp-Image-2025-02-07-at-23.49.49-1.jpeg 840w\" sizes=\"(max-width: 1280px) 100vw, 1280px\" \/><\/p>\n<hr \/>\n<p>Firaz, g\u00fcnden g\u00fcne Nursema&#8217;ya a\u015f\u0131k olmaya ba\u015flad\u0131. Bu geli\u015fmelerin sonucunda Nursema&#8217;n\u0131n isteme merasimini bast\u0131. \u0130steme t\u00f6renini durduran Firaz\u2019\u0131n s\u00f6zleri herkesi \u015fa\u015f\u0131rtt\u0131. Nursema ve Firaz a\u015fk\u0131nda son durumun ne olaca\u011f\u0131 hayranlar\u0131n g\u00fcndeminde yer ald\u0131. Fakat dizide neler ya\u015fanaca\u011f\u0131 ilerleyen b\u00f6l\u00fcmlerde belli olacak.<\/p>\n<p><img loading=\"lazy\" decoding=\"async\" class=\"alignnone wp-image-130766\" src=\"https:\/\/www.tgrthaber.com\/mavikadin\/wp-content\/uploads\/WhatsApp-Image-2025-02-07-at-23.49.49-300x200.jpeg\" alt=\"\" width=\"1280\" height=\"853\" title=\"\" srcset=\"https:\/\/www.tgrthaber.com\/mavikadin\/wp-content\/uploads\/WhatsApp-Image-2025-02-07-at-23.49.49-300x200.jpeg 300w, https:\/\/www.tgrthaber.com\/mavikadin\/wp-content\/uploads\/WhatsApp-Image-2025-02-07-at-23.49.49-768x512.jpeg 768w, https:\/\/www.tgrthaber.com\/mavikadin\/wp-content\/uploads\/WhatsApp-Image-2025-02-07-at-23.49.49.jpeg 840w\" sizes=\"(max-width: 1280px) 100vw, 1280px\" \/><\/p>\n<hr \/>\n<h3>BATUHAN BOZKURT Y\u00dcZG\u00dcLE\u00c7 K\u0130MD\u0130R?<\/h3>\n<p>K\u0131z\u0131lc\u0131k \u015eerbeti dizisinin Firaz karakterini Batuhan Bozkurt Y\u00fczg\u00fcle\u00e7 oynuyor. Firaz dizide Asude&#8217;nin o\u011fludur. K\u00fc\u00e7\u00fck ya\u015flardan beri oyuncu olmak isteyen Y\u00fczg\u00fcle\u00e7, 1995 \u0130stanbul do\u011fumludur. Mimar Sinan G\u00fczel Sanatlar \u00dcniversitesi Tiyatro B\u00f6l\u00fcm\u00fc&#8217;nden mezun olan ba\u015far\u0131l\u0131 isim, Erkan Ko\u00e7ak K\u00f6stendil\u2019in y\u00f6netti\u011fi Suma filminde rol ald\u0131.<br \/>\n2019 y\u0131l\u0131nda \u00c7ukur dizisinde oynayan K\u0131z\u0131lc\u0131k \u015eerbeti dizisinin Firaz\u2019\u0131 Batuhan Bozkurt Y\u00fczg\u00fcle\u00e7 , son olarak K\u0131z\u0131l Goncalar&#8217;da Affan karakteriyle seyirci kar\u015f\u0131s\u0131na \u00e7\u0131km\u0131\u015ft\u0131r.<\/p>\n<p><img loading=\"lazy\" decoding=\"async\" class=\"alignnone wp-image-130770\" src=\"https:\/\/www.tgrthaber.com\/mavikadin\/wp-content\/uploads\/18-kizilcik-serbetinin-firazi-kim-batuhan-bozkurt-yuzgulec-kimdir-hangi-dizilerde-rol-aldi-300x169.webp\" alt=\"\" width=\"1280\" height=\"720\" title=\"\" srcset=\"https:\/\/www.tgrthaber.com\/mavikadin\/wp-content\/uploads\/18-kizilcik-serbetinin-firazi-kim-batuhan-bozkurt-yuzgulec-kimdir-hangi-dizilerde-rol-aldi-300x169.webp 300w, https:\/\/www.tgrthaber.com\/mavikadin\/wp-content\/uploads\/18-kizilcik-serbetinin-firazi-kim-batuhan-bozkurt-yuzgulec-kimdir-hangi-dizilerde-rol-aldi-1024x576.webp 1024w, https:\/\/www.tgrthaber.com\/mavikadin\/wp-content\/uploads\/18-kizilcik-serbetinin-firazi-kim-batuhan-bozkurt-yuzgulec-kimdir-hangi-dizilerde-rol-aldi-768x432.webp 768w, https:\/\/www.tgrthaber.com\/mavikadin\/wp-content\/uploads\/18-kizilcik-serbetinin-firazi-kim-batuhan-bozkurt-yuzgulec-kimdir-hangi-dizilerde-rol-aldi.webp 1280w\" sizes=\"(max-width: 1280px) 100vw, 1280px\" \/><\/p>\n<h3>KIZILCIK \u015eERBET\u0130\u2019NDE NELER OLDU?<\/h3>\n<p>7 \u015eubat Cuma ak\u015fam\u0131 yeni b\u00f6l\u00fcm\u00fc ile ekrana gelen K\u0131z\u0131lc\u0131k \u015eerbeti\u2019nde heyecan doruktayd\u0131. \u00d6mer bebek konusunda mutlulu\u011fu ya\u015famaktad\u0131r. Abdullah ve I\u015f\u0131l beraber i\u015f gezisine \u00e7\u0131kar ve yak\u0131nla\u015f\u0131r. Nursema ve \u0130lhami&#8217;nin evlilik karar\u0131 al\u0131n\u0131r. Fakat k\u0131z istemede her \u015fey Firaz&#8217;\u0131n s\u00f6zleri ile alt \u00fcst olur.<\/p>\n","protected":false},"excerpt":{"rendered":"<p>K\u0131z\u0131lc\u0131k \u015eerbeti ekranlarda boy g\u00f6stermeye devam ediyor. Efsane dizi her cuma yay\u0131nlan\u0131yor. Bu haftaki yeni b\u00f6l\u00fcmde izleyicileri ekran ba\u015f\u0131na kilitleyecek yeni olaylar ya\u015fan\u0131yor. \u0130lhami ve babas\u0131, Nursema&#8217;y\u0131 istemeye gidiyor. Peki, Nursema evet dedi mi? Nursema ve Firaz a\u015fk\u0131nda son durum ne?<\/p>\n","protected":false},"author":33,"featured_media":130764,"comment_status":"closed","ping_status":"closed","sticky":false,"template":"","format":"standard","meta":{"rank_math_lock_modified_date":false,"footnotes":""},"categories":[602],"tags":[3142,9407,8717],"class_list":["post-130762","post","type-post","status-publish","format-standard","has-post-thumbnail","hentry","category-diziler","tag-kizilcik-serbeti-firaz","tag-kizilcik-serbeti-ilhami","tag-kizilcik-serbeti-nursema"],"_links":{"self":[{"href":"https:\/\/www.tgrthaber.com\/mavikadin\/wp-json\/wp\/v2\/posts\/130762"}],"collection":[{"href":"https:\/\/www.tgrthaber.com\/mavikadin\/wp-json\/wp\/v2\/posts"}],"about":[{"href":"https:\/\/www.tgrthaber.com\/mavikadin\/wp-json\/wp\/v2\/types\/post"}],"author":[{"embeddable":true,"href":"https:\/\/www.tgrthaber.com\/mavikadin\/wp-json\/wp\/v2\/users\/33"}],"replies":[{"embeddable":true,"href":"https:\/\/www.tgrthaber.com\/mavikadin\/wp-json\/wp\/v2\/comments?post=130762"}],"version-history":[{"count":1,"href":"https:\/\/www.tgrthaber.com\/mavikadin\/wp-json\/wp\/v2\/posts\/130762\/revisions"}],"predecessor-version":[{"id":130771,"href":"https:\/\/www.tgrthaber.com\/mavikadin\/wp-json\/wp\/v2\/posts\/130762\/revisions\/130771"}],"wp:featuredmedia":[{"embeddable":true,"href":"https:\/\/www.tgrthaber.com\/mavikadin\/wp-json\/wp\/v2\/media\/130764"}],"wp:attachment":[{"href":"https:\/\/www.tgrthaber.com\/mavikadin\/wp-json\/wp\/v2\/media?parent=130762"}],"wp:term":[{"taxonomy":"category","embeddable":true,"href":"https:\/\/www.tgrthaber.com\/mavikadin\/wp-json\/wp\/v2\/categories?post=130762"},{"taxonomy":"post_tag","embeddable":true,"href":"https:\/\/www.tgrthaber.com\/mavikadin\/wp-json\/wp\/v2\/tags?post=130762"}],"curies":[{"name":"wp","href":"https:\/\/api.w.org\/{rel}","templated":true}]}}