{"id":130776,"date":"2025-02-08T00:31:13","date_gmt":"2025-02-07T21:31:13","guid":{"rendered":"https:\/\/www.tgrthaber.com\/mavikadin\/?p=130776"},"modified":"2025-02-08T00:31:13","modified_gmt":"2025-02-07T21:31:13","slug":"bir-zamanlar-istanbul-dizisinin-emini-deniz-celiloglu-kimdir-yasi-ve-memleketi-merak-edildi","status":"publish","type":"post","link":"https:\/\/www.tgrthaber.com\/mavikadin\/bir-zamanlar-istanbul-dizisinin-emini-deniz-celiloglu-kimdir-yasi-ve-memleketi-merak-edildi\/","title":{"rendered":"Bir Zamanlar \u0130stanbul dizisinin Emin&#8217;i Deniz Celilo\u011flu kimdir? Ya\u015f\u0131 ve memleketi merak edildi!"},"content":{"rendered":"<p class=\"p1\">TRT1\u2019in merakla beklenen dizisi <i>Bir Zamanlar \u0130stanbul<\/i>\u2019un oyuncu kadrosuna ba\u015far\u0131l\u0131 isimlerden biri daha eklendi. Televizyon ve sinema d\u00fcnyas\u0131nda dikkat \u00e7eken projelerde yer alan Deniz Celilo\u011flu, dizide <i>Emin \u015eahinbey<\/i> karakterini oynayacak. Dizideki karakterle \u00e7ok sevilen \u00fcnl\u00fc oyuncunun hayat\u0131 da merak konusu oldu. Peki Deniz Celilo\u011flu kimdir? Ya\u015f\u0131, memleketi ve biyografisine dair merak edilenler i\u00e7eri\u011fimizde&#8230;<\/p>\n<h3 class=\"p1\"><b>DEN\u0130Z CEL\u0130LO\u011eLU K\u0130MD\u0130R?<\/b><\/h3>\n<p class=\"p1\">1986 y\u0131l\u0131nda Bulgaristan\u2019da do\u011fan Deniz Celilo\u011flu, ailesinin 1989 Tehcir S\u00fcreci nedeniyle T\u00fcrkiye\u2019ye g\u00f6\u00e7 etmesiyle \u0130stanbul\u2019a yerle\u015fti. K\u00fc\u00e7\u00fck ya\u015flardan itibaren tiyatroya ilgi duyan oyuncu, Mimar Sinan \u00dcniversitesi Devlet Konservatuvar\u0131 Tiyatro B\u00f6l\u00fcm\u00fc\u2019nden mezun oldu. Sahne deneyimini tiyatro ile peki\u015ftiren Celilo\u011flu, oyunculuk kariyerine televizyon projeleriyle ad\u0131m att\u0131.<\/p>\n<p><img loading=\"lazy\" decoding=\"async\" class=\"alignnone wp-image-130780 \" src=\"https:\/\/www.tgrthaber.com\/mavikadin\/wp-content\/uploads\/Ekran-Resmi-2025-02-08-00.24.58.png\" alt=\"\" width=\"943\" height=\"595\" title=\"\" srcset=\"https:\/\/www.tgrthaber.com\/mavikadin\/wp-content\/uploads\/Ekran-Resmi-2025-02-08-00.24.58.png 716w, https:\/\/www.tgrthaber.com\/mavikadin\/wp-content\/uploads\/Ekran-Resmi-2025-02-08-00.24.58-300x189.png 300w\" sizes=\"(max-width: 943px) 100vw, 943px\" \/><\/p>\n<hr \/>\n<h3>DEN\u0130Z CEL\u0130LO\u011eLU HANG\u0130 PROJELERDE YER ALDI?<\/h3>\n<p class=\"p1\"><b>Sinema<\/b><b><\/b><\/p>\n<p class=\"p2\">2010\u00a0\u00a0\u00a0\u00a0\u00a0 Ev<\/p>\n<p class=\"p2\">2013\u00a0\u00a0\u00a0\u00a0\u00a0 Tamam m\u0131y\u0131z?<\/p>\n<p class=\"p2\">2014\u00a0\u00a0\u00a0\u00a0\u00a0 Karanl\u0131ktan Sonra<\/p>\n<p class=\"p2\">2015\u00a0\u00a0\u00a0\u00a0\u00a0 \u0130\u00e7imdeki Bal\u0131k<\/p>\n<p class=\"p2\">2015\u00a0\u00a0\u00a0\u00a0\u00a0 \u00d6\u011frenci \u0130\u015fleri<\/p>\n<p class=\"p2\">2015\u00a0\u00a0\u00a0\u00a0\u00a0 Ada<\/p>\n<p class=\"p2\">2016\u00a0\u00a0\u00a0\u00a0\u00a0 Yok Art\u0131k 2<\/p>\n<p class=\"p2\">2017\u00a0\u00a0\u00a0\u00a0\u00a0 Marlon<\/p>\n<p class=\"p2\">2018\u00a0\u00a0\u00a0\u00a0\u00a0 Arada<\/p>\n<p class=\"p2\">2018\u00a0\u00a0\u00a0\u00a0\u00a0 Son \u00c7\u0131k\u0131\u015f<\/p>\n<p class=\"p2\">2019\u00a0\u00a0\u00a0\u00a0\u00a0 7. Ko\u011fu\u015ftaki Mucize<\/p>\n<p class=\"p2\">2021\u00a0\u00a0\u00a0\u00a0\u00a0 Disonans<\/p>\n<p class=\"p2\">2023\u00a0\u00a0\u00a0\u00a0\u00a0 Kuru Otlar \u00dcst\u00fcne<\/p>\n<p><img loading=\"lazy\" decoding=\"async\" class=\"alignnone wp-image-130781 size-full\" src=\"https:\/\/www.tgrthaber.com\/mavikadin\/wp-content\/uploads\/Ekran-Resmi-2025-02-08-00.25.02.png\" alt=\"\" width=\"968\" height=\"560\" title=\"\" srcset=\"https:\/\/www.tgrthaber.com\/mavikadin\/wp-content\/uploads\/Ekran-Resmi-2025-02-08-00.25.02.png 968w, https:\/\/www.tgrthaber.com\/mavikadin\/wp-content\/uploads\/Ekran-Resmi-2025-02-08-00.25.02-300x174.png 300w, https:\/\/www.tgrthaber.com\/mavikadin\/wp-content\/uploads\/Ekran-Resmi-2025-02-08-00.25.02-768x444.png 768w\" sizes=\"(max-width: 968px) 100vw, 968px\" \/><\/p>\n<hr \/>\n<p class=\"p2\"><b>Televizyon<\/b><b><\/b><\/p>\n<p class=\"p2\">2010-2013\u00a0\u00a0\u00a0\u00a0\u00a0\u00a0\u00a0\u00a0\u00a0\u00a0 Kan\u0131t<\/p>\n<p class=\"p2\">2013\u00a0 Muhte\u015fem Y\u00fczy\u0131l<\/p>\n<p class=\"p2\">2014\u00a0 \u00a0 \u00c7al\u0131ku\u015fu<\/p>\n<p class=\"p2\">2014\u00a0 \u00a0 Emanet<\/p>\n<p class=\"p2\">2014-2016\u00a0 O Hayat Benim<\/p>\n<p class=\"p2\">2016\u00a0\u00a0\u00a0\u00a0\u00a0 Sedd\u00fclbahir 32 Saat<\/p>\n<p class=\"p2\">2016\u00a0\u00a0\u00a0\u00a0\u00a0 Gecenin Krali\u00e7esi<\/p>\n<p class=\"p2\">2017\u00a0\u00a0\u00a0\u00a0\u00a0 Poyraz Karayel<\/p>\n<p class=\"p2\">2017-2018\u00a0 \u00a0 Siyah Beyaz A\u015fk<\/p>\n<p class=\"p2\">2018\u00a0 \u00a0Ke\u015fke Hi\u00e7 B\u00fcy\u00fcmeseydik<\/p>\n<p class=\"p2\">2020\u00a0 \u00a0Ya \u0130stiklal Ya \u00d6l\u00fcm<\/p>\n<p class=\"p2\">2025 Bir Zamanlar \u0130stanbul<\/p>\n<p><img loading=\"lazy\" decoding=\"async\" class=\"alignnone wp-image-130782 size-full\" src=\"https:\/\/www.tgrthaber.com\/mavikadin\/wp-content\/uploads\/Ekran-Resmi-2025-02-08-00.25.11.png\" alt=\"\" width=\"948\" height=\"566\" title=\"\" srcset=\"https:\/\/www.tgrthaber.com\/mavikadin\/wp-content\/uploads\/Ekran-Resmi-2025-02-08-00.25.11.png 948w, https:\/\/www.tgrthaber.com\/mavikadin\/wp-content\/uploads\/Ekran-Resmi-2025-02-08-00.25.11-300x179.png 300w, https:\/\/www.tgrthaber.com\/mavikadin\/wp-content\/uploads\/Ekran-Resmi-2025-02-08-00.25.11-768x459.png 768w\" sizes=\"(max-width: 948px) 100vw, 948px\" \/><\/p>\n<hr \/>\n<p class=\"p2\"><b>\u0130nternet<\/b><b><\/b><\/p>\n<p class=\"p2\">2023\u00a0\u00a0\u00a0\u00a0\u00a0 Derin Mor<\/p>\n<p class=\"p2\">2024\u00a0\u00a0\u00a0\u00a0\u00a0 Ayak \u0130\u015fleri<\/p>\n<p class=\"p2\">Yak\u0131nda\u00a0 \u00a0 \u00a0 Magarsus<\/p>\n","protected":false},"excerpt":{"rendered":"<p>TRT1\u2019in iddial\u0131 yap\u0131m\u0131 Bir Zamanlar \u0130stanbul, g\u00fc\u00e7l\u00fc oyuncu kadrosuyla dikkat \u00e7ekmeye devam ediyor. Son olarak diziye kat\u0131lan Deniz Celilo\u011flu, Emin \u015eahinbey karakterini oynayacak. Televizyon ve sinema d\u00fcnyas\u0131nda ba\u015far\u0131l\u0131 projelere imza atan Celilo\u011flu\u2019nun hayat\u0131 ve kariyeri merak ediliyor. Peki Denin Celilo\u011flu kimdir? \u0130\u015fte detaylar\u2026 <\/p>\n","protected":false},"author":16,"featured_media":130783,"comment_status":"closed","ping_status":"closed","sticky":false,"template":"","format":"standard","meta":{"rank_math_lock_modified_date":false,"footnotes":""},"categories":[491],"tags":[10258,10260,10259],"class_list":["post-130776","post","type-post","status-publish","format-standard","has-post-thumbnail","hentry","category-biyografi","tag-bir-zamanlar-istanbul-deniz-celiloglu","tag-bir-zamanlar-istanbul-deniz-cliloglu-kimdir","tag-bir-zamanlar-istanbul-emin-deniz-celiloglu"],"_links":{"self":[{"href":"https:\/\/www.tgrthaber.com\/mavikadin\/wp-json\/wp\/v2\/posts\/130776"}],"collection":[{"href":"https:\/\/www.tgrthaber.com\/mavikadin\/wp-json\/wp\/v2\/posts"}],"about":[{"href":"https:\/\/www.tgrthaber.com\/mavikadin\/wp-json\/wp\/v2\/types\/post"}],"author":[{"embeddable":true,"href":"https:\/\/www.tgrthaber.com\/mavikadin\/wp-json\/wp\/v2\/users\/16"}],"replies":[{"embeddable":true,"href":"https:\/\/www.tgrthaber.com\/mavikadin\/wp-json\/wp\/v2\/comments?post=130776"}],"version-history":[{"count":1,"href":"https:\/\/www.tgrthaber.com\/mavikadin\/wp-json\/wp\/v2\/posts\/130776\/revisions"}],"predecessor-version":[{"id":130785,"href":"https:\/\/www.tgrthaber.com\/mavikadin\/wp-json\/wp\/v2\/posts\/130776\/revisions\/130785"}],"wp:featuredmedia":[{"embeddable":true,"href":"https:\/\/www.tgrthaber.com\/mavikadin\/wp-json\/wp\/v2\/media\/130783"}],"wp:attachment":[{"href":"https:\/\/www.tgrthaber.com\/mavikadin\/wp-json\/wp\/v2\/media?parent=130776"}],"wp:term":[{"taxonomy":"category","embeddable":true,"href":"https:\/\/www.tgrthaber.com\/mavikadin\/wp-json\/wp\/v2\/categories?post=130776"},{"taxonomy":"post_tag","embeddable":true,"href":"https:\/\/www.tgrthaber.com\/mavikadin\/wp-json\/wp\/v2\/tags?post=130776"}],"curies":[{"name":"wp","href":"https:\/\/api.w.org\/{rel}","templated":true}]}}