{"id":130834,"date":"2025-02-08T10:13:01","date_gmt":"2025-02-08T07:13:01","guid":{"rendered":"https:\/\/www.tgrthaber.com\/mavikadin\/?p=130834"},"modified":"2025-02-08T10:19:29","modified_gmt":"2025-02-08T07:19:29","slug":"cift-kisilik-oda-dizisi-geliyor-oyuncularla-gorusmeler-basladi","status":"publish","type":"post","link":"https:\/\/www.tgrthaber.com\/mavikadin\/cift-kisilik-oda-dizisi-geliyor-oyuncularla-gorusmeler-basladi\/","title":{"rendered":"\u00c7ift Ki\u015filik Oda dizisi geliyor! Oyuncularla g\u00f6r\u00fc\u015fmeler ba\u015flad\u0131"},"content":{"rendered":"<p>MF Yap\u0131m\u2019\u0131n sezon sonunda ba\u015flayarak yaz sezonunda devam etmesini planlad\u0131\u011f\u0131 \u00c7ift Ki\u015filik Oda dizisi i\u00e7in oyuncu g\u00f6r\u00fc\u015fmeleri ba\u015flad\u0131.<\/p>\n<h3>\u00c7\u0130FT K\u0130\u015e\u0130L\u0130K ODA D\u0130Z\u0130S\u0130 G\u00d6R\u00dc\u015eMELER\u0130 BA\u015eLADI<\/h3>\n<p>\u00c7ift Ki\u015filik Oda dizisi izleyicisi ile bulu\u015fmak i\u00e7in geri say\u0131ma ba\u015flad\u0131. Doctor Cha\u2019dan uyarlad\u0131\u011f\u0131 \u201cBahar\u201d dizisinin ard\u0131ndan yine bir Kore yap\u0131m\u0131 olan \u201cKing The Land\u201d adl\u0131 projenin haz\u0131rl\u0131\u011f\u0131 MF Yap\u0131m taraf\u0131ndan devam ediyor.<\/p>\n<p>Romantik komedi t\u00fcr\u00fcnde olan \u00c7ift Ki\u015filik Oda dizisi Mart sonunda yay\u0131na girmesi ve yaz sezonunda da devam etmesi planlan\u0131yor. NOW kanal\u0131nda yay\u0131nlanacak dizinin senaryosunu Ay\u015fe \u00dcner Kutlu kaleme al\u0131yor.<\/p>\n<p><img loading=\"lazy\" decoding=\"async\" class=\"alignnone wp-image-130850\" src=\"https:\/\/www.tgrthaber.com\/mavikadin\/wp-content\/uploads\/Cift-Kisilik-Oda-3.jpg\" alt=\"\" width=\"1208\" height=\"680\" title=\"\" srcset=\"https:\/\/www.tgrthaber.com\/mavikadin\/wp-content\/uploads\/Cift-Kisilik-Oda-3.jpg 1280w, https:\/\/www.tgrthaber.com\/mavikadin\/wp-content\/uploads\/Cift-Kisilik-Oda-3-300x169.jpg 300w, https:\/\/www.tgrthaber.com\/mavikadin\/wp-content\/uploads\/Cift-Kisilik-Oda-3-1024x576.jpg 1024w, https:\/\/www.tgrthaber.com\/mavikadin\/wp-content\/uploads\/Cift-Kisilik-Oda-3-768x432.jpg 768w\" sizes=\"(max-width: 1208px) 100vw, 1208px\" \/><\/p>\n<hr \/>\n<h3>\u00c7\u0130FT K\u0130\u015e\u0130L\u0130K ODA D\u0130Z\u0130S\u0130 KONUSU<\/h3>\n<p>\u00c7ift Ki\u015filik Oda dizisi \u00fcnl\u00fc bir otele i\u015f g\u00f6r\u00fc\u015fmesine giden Nil\u00fcfer ile hakk\u0131 olan miras\u0131 almak i\u00e7in yurda d\u00f6nen Kaan\u2019\u0131n yollar\u0131n\u0131n kesi\u015fmesiyle ba\u015flayan bir hikayeyi konu alacak.<\/p>\n<p>Ba\u015frol oyuncular\u0131 i\u00e7in g\u00f6r\u00fc\u015fmelerin devam etti\u011fi dizinin y\u00f6netmen koltu\u011funda Yusuf Pirhasan oturacak.<\/p>\n<p><img loading=\"lazy\" decoding=\"async\" class=\"alignnone wp-image-130849\" src=\"https:\/\/www.tgrthaber.com\/mavikadin\/wp-content\/uploads\/Cift-Kisilik-Oda-2.jpg\" alt=\"\" width=\"1208\" height=\"679\" title=\"\" srcset=\"https:\/\/www.tgrthaber.com\/mavikadin\/wp-content\/uploads\/Cift-Kisilik-Oda-2.jpg 850w, https:\/\/www.tgrthaber.com\/mavikadin\/wp-content\/uploads\/Cift-Kisilik-Oda-2-300x169.jpg 300w, https:\/\/www.tgrthaber.com\/mavikadin\/wp-content\/uploads\/Cift-Kisilik-Oda-2-768x432.jpg 768w\" sizes=\"(max-width: 1208px) 100vw, 1208px\" \/><\/p>\n<hr \/>\n<h3>K\u0130NG THE LAND D\u0130Z\u0130S\u0130 HAKKINDA<\/h3>\n<p>King The Land, Netflix Global Top 10 listesinde 8 hafta listelenmeyle birlikte 2 ay i\u00e7inde 66 milyon izlenmeye ula\u015farak Amerika\u2019n\u0131n en b\u00fcy\u00fck hitleri olan \u2018Lincoln, Lawyer ve The Witcher\u2019 ile ayn\u0131 seviyeye ula\u015ft\u0131.<\/p>\n<p><img loading=\"lazy\" decoding=\"async\" class=\"alignnone wp-image-130848\" src=\"https:\/\/www.tgrthaber.com\/mavikadin\/wp-content\/uploads\/Cift-Kisilik-Oda-1.jpg\" alt=\"\" width=\"1208\" height=\"805\" title=\"\" srcset=\"https:\/\/www.tgrthaber.com\/mavikadin\/wp-content\/uploads\/Cift-Kisilik-Oda-1.jpg 1080w, https:\/\/www.tgrthaber.com\/mavikadin\/wp-content\/uploads\/Cift-Kisilik-Oda-1-300x200.jpg 300w, https:\/\/www.tgrthaber.com\/mavikadin\/wp-content\/uploads\/Cift-Kisilik-Oda-1-1024x683.jpg 1024w, https:\/\/www.tgrthaber.com\/mavikadin\/wp-content\/uploads\/Cift-Kisilik-Oda-1-768x512.jpg 768w\" sizes=\"(max-width: 1208px) 100vw, 1208px\" \/><\/p>\n<hr \/>\n<p>King The Land dizisinin T\u00fcrk uyarlamas\u0131n\u0131 a\u00e7\u0131klayan MF yap\u0131m hen\u00fcz dizi hakk\u0131nda \u00e7ok fazla detay payla\u015fmad\u0131.<\/p>\n<p>King The Land dizisi G\u00fcl\u00fcmsemeyi ve kendisine g\u00fcl\u00fcmsenmesini, arkada\u015fl\u0131k kurmay\u0131 sevmeyen The King varisi Won\u2019un gitti\u011fi otelde otel \u00e7al\u0131\u015fan\u0131 Sa-Rang\u2019\u0131n entrikadan uzak a\u015fklar\u0131n\u0131 izleyiciye yumu\u015fak soft bir \u015fekilde sunuyor.<\/p>\n","protected":false},"excerpt":{"rendered":"<p>Sezon sonunda izleyici ile bulu\u015fmas\u0131 planlanan \u00c7ift Ki\u015filik Oda dizisi i\u00e7in oyuncu g\u00f6r\u00fc\u015fmeleri ba\u015flad\u0131. MF Yap\u0131m imzas\u0131 ta\u015f\u0131yan projenin yaz sezonunda devam etmesi \u00f6ng\u00f6r\u00fcl\u00fcyor.<\/p>\n","protected":false},"author":5,"featured_media":130847,"comment_status":"closed","ping_status":"closed","sticky":false,"template":"","format":"standard","meta":{"rank_math_lock_modified_date":false,"footnotes":""},"categories":[602],"tags":[10275,2628,10277,10276],"class_list":["post-130834","post","type-post","status-publish","format-standard","has-post-thumbnail","hentry","category-diziler","tag-cift-kisilik-oda","tag-dizi-haberleri","tag-king-the-land","tag-mf-yapim"],"_links":{"self":[{"href":"https:\/\/www.tgrthaber.com\/mavikadin\/wp-json\/wp\/v2\/posts\/130834"}],"collection":[{"href":"https:\/\/www.tgrthaber.com\/mavikadin\/wp-json\/wp\/v2\/posts"}],"about":[{"href":"https:\/\/www.tgrthaber.com\/mavikadin\/wp-json\/wp\/v2\/types\/post"}],"author":[{"embeddable":true,"href":"https:\/\/www.tgrthaber.com\/mavikadin\/wp-json\/wp\/v2\/users\/5"}],"replies":[{"embeddable":true,"href":"https:\/\/www.tgrthaber.com\/mavikadin\/wp-json\/wp\/v2\/comments?post=130834"}],"version-history":[{"count":3,"href":"https:\/\/www.tgrthaber.com\/mavikadin\/wp-json\/wp\/v2\/posts\/130834\/revisions"}],"predecessor-version":[{"id":130853,"href":"https:\/\/www.tgrthaber.com\/mavikadin\/wp-json\/wp\/v2\/posts\/130834\/revisions\/130853"}],"wp:featuredmedia":[{"embeddable":true,"href":"https:\/\/www.tgrthaber.com\/mavikadin\/wp-json\/wp\/v2\/media\/130847"}],"wp:attachment":[{"href":"https:\/\/www.tgrthaber.com\/mavikadin\/wp-json\/wp\/v2\/media?parent=130834"}],"wp:term":[{"taxonomy":"category","embeddable":true,"href":"https:\/\/www.tgrthaber.com\/mavikadin\/wp-json\/wp\/v2\/categories?post=130834"},{"taxonomy":"post_tag","embeddable":true,"href":"https:\/\/www.tgrthaber.com\/mavikadin\/wp-json\/wp\/v2\/tags?post=130834"}],"curies":[{"name":"wp","href":"https:\/\/api.w.org\/{rel}","templated":true}]}}