{"id":130861,"date":"2025-02-08T11:06:46","date_gmt":"2025-02-08T08:06:46","guid":{"rendered":"https:\/\/www.tgrthaber.com\/mavikadin\/?p=130861"},"modified":"2025-04-09T13:48:15","modified_gmt":"2025-04-09T10:48:15","slug":"cift-kisilik-oda-dizisi-konusu-ne-hangi-yabanci-dizi-uyarlamasi","status":"publish","type":"post","link":"https:\/\/www.tgrthaber.com\/mavikadin\/cift-kisilik-oda-dizisi-konusu-ne-hangi-yabanci-dizi-uyarlamasi\/","title":{"rendered":"\u00c7ift Ki\u015filik Oda dizisi konusu ne? \u00c7ift Ki\u015filik Oda dizisi oyuncular\u0131 kimler? Hangi yabanc\u0131 dizi uyarlamas\u0131?"},"content":{"rendered":"<p>MF yap\u0131mdan yine bir uyarlama dizisi geliyor. \u00c7e\u015fitli uyarlama dizilerine bir yenisi daha eklendi. Sezon sonunda ba\u015flayacak olup yaz sonuna kadar devam etmesi planlanan dizininin senaryosu ve oyuncular\u0131 merak edilmeye ba\u015fland\u0131. Peki, dizinin konusu ne, ba\u015frolleri kim? \u00c7ift Ki\u015filik Oda hangi dizinin uyarlamas\u0131? sorular\u0131n\u0131 sizler i\u00e7in ara\u015ft\u0131rd\u0131k&#8230;<\/p>\n<h3>\u00c7\u0130FT K\u0130\u015e\u0130L\u0130K ODA KONUSU NE?<\/h3>\n<p>\u2018\u00c7ift Ki\u015filik Oda\u2019 dizisi seyircisi ile bulu\u015fmak i\u00e7in g\u00fcn say\u0131yor. Doctor Cha\u2019dan uyarlama olan \u2018Bahar\u2019 dizisinin ard\u0131ndan yine bir Kore yap\u0131m\u0131 dizi uyarlamas\u0131 daha geliyor. \u2018King The Land\u2019 ad\u0131ndaki yap\u0131m\u0131n uyarlama dizisi \u2018\u00c7ift Ki\u015filik Oda\u2019 olarak NOW TV kanal\u0131nda yay\u0131nlanmas\u0131 planlan\u0131yor. Ay\u015fe \u00dcner Kutlu\u2019nun kaleme ald\u0131\u011f\u0131 \u2018\u00c7ift Ki\u015filik Oda \u2019dizisi, \u00fcnl\u00fc bir otelde i\u015f g\u00f6r\u00fc\u015fmesine giden Nil\u00fcfer ve hakk\u0131 olan miras\u0131 almak i\u00e7in yurda d\u00f6nen Kaan\u2019\u0131n yollar\u0131n\u0131n kesi\u015fmesiyle ba\u015flayan hik\u00e2yeyi izleyiciye aktatar\u0131yor. Dizi romantik komedi t\u00fcr\u00fcnde olup seyirciyle bulu\u015facak. Ba\u015frol oyuncular\u0131 i\u00e7in g\u00f6r\u00fc\u015fmeleri yap\u0131l\u0131rken y\u00f6netmen koltu\u011funa Yusuf Pirhasan\u2019\u0131n oturaca\u011f\u0131 s\u00f6yleniyor.<\/p>\n<p><img loading=\"lazy\" decoding=\"async\" class=\"wp-image-130881\" src=\"https:\/\/www.tgrthaber.com\/mavikadin\/wp-content\/uploads\/king-the-land-4-1024x576.jpg\" alt=\"king the land\" width=\"1208\" height=\"680\" title=\"\" srcset=\"https:\/\/www.tgrthaber.com\/mavikadin\/wp-content\/uploads\/king-the-land-4-1024x576.jpg 1024w, https:\/\/www.tgrthaber.com\/mavikadin\/wp-content\/uploads\/king-the-land-4-300x169.jpg 300w, https:\/\/www.tgrthaber.com\/mavikadin\/wp-content\/uploads\/king-the-land-4-768x432.jpg 768w, https:\/\/www.tgrthaber.com\/mavikadin\/wp-content\/uploads\/king-the-land-4-1536x864.jpg 1536w, https:\/\/www.tgrthaber.com\/mavikadin\/wp-content\/uploads\/king-the-land-4.jpg 1600w\" sizes=\"(max-width: 1208px) 100vw, 1208px\" \/><\/p>\n<hr \/>\n<h3>HANG\u0130 YABANCI D\u0130Z\u0130 UYARLAMASI<\/h3>\n<p>Kore yap\u0131m\u0131 olan &#8220;King The Land&#8221; dizisi T\u00fcrk televizyonlar\u0131 izleyicisiyle bulu\u015fmak i\u00e7in g\u00fcn say\u0131yor. \u00c7ift Ki\u015filik Oda olarak uyarlanan dizi seyirci ile bulu\u015facak. King The Land dizisinin konusu ise Gu Won ve Cheon Sa-rang aras\u0131ndaki a\u015fk hikayesini anlat\u0131yor. Gu Won, zengin bir ailenin varisi ve King Group\u2019un veliaht\u0131d\u0131r. So\u011fuk ve kibirli bir ki\u015fili\u011fe sahiptir, insanlar\u0131 sahte g\u00fcl\u00fcmsemelerinden dolay\u0131 sevmez. Cheon Sa-rang ise King Hotel\u2019de \u00e7al\u0131\u015fan g\u00fcler y\u00fczl\u00fc bir kad\u0131nd\u0131r. \u0130kisi aras\u0131ndaki z\u0131t ki\u015filikler zamanla romantik bir ili\u015fkiye d\u00f6n\u00fc\u015f\u00fcr.<\/p>\n<p><img loading=\"lazy\" decoding=\"async\" class=\"wp-image-130880\" src=\"https:\/\/www.tgrthaber.com\/mavikadin\/wp-content\/uploads\/king-the-land-3-1024x576.jpg\" alt=\"king the land\" width=\"1208\" height=\"680\" title=\"\" srcset=\"https:\/\/www.tgrthaber.com\/mavikadin\/wp-content\/uploads\/king-the-land-3-1024x576.jpg 1024w, https:\/\/www.tgrthaber.com\/mavikadin\/wp-content\/uploads\/king-the-land-3-300x169.jpg 300w, https:\/\/www.tgrthaber.com\/mavikadin\/wp-content\/uploads\/king-the-land-3-768x432.jpg 768w, https:\/\/www.tgrthaber.com\/mavikadin\/wp-content\/uploads\/king-the-land-3-1536x864.jpg 1536w, https:\/\/www.tgrthaber.com\/mavikadin\/wp-content\/uploads\/king-the-land-3.jpg 1600w\" sizes=\"(max-width: 1208px) 100vw, 1208px\" \/><\/p>\n<hr \/>\n<h3><strong>K\u0130NG THE LAND D\u0130Z\u0130S\u0130 OYUNCULARI<\/strong><\/h3>\n<p>Lee Jun-ho \u2192 Gu Won<\/p>\n<p>Im Yoon-ah (Yoona) \u2192 Cheon Sa-rang<\/p>\n<p>Go Won-hee \u2192 Oh Pyung-hwa<\/p>\n<p>Kim Ga-eun \u2192 Kang Da-eul<\/p>\n<p><img loading=\"lazy\" decoding=\"async\" class=\"alignnone wp-image-138751\" src=\"https:\/\/www.tgrthaber.com\/mavikadin\/wp-content\/uploads\/ulas-2-1024x576.jpg\" alt=\"ula\u015f \" width=\"1208\" height=\"680\" title=\"\" srcset=\"https:\/\/www.tgrthaber.com\/mavikadin\/wp-content\/uploads\/ulas-2-1024x576.jpg 1024w, https:\/\/www.tgrthaber.com\/mavikadin\/wp-content\/uploads\/ulas-2-300x169.jpg 300w, https:\/\/www.tgrthaber.com\/mavikadin\/wp-content\/uploads\/ulas-2-768x432.jpg 768w, https:\/\/www.tgrthaber.com\/mavikadin\/wp-content\/uploads\/ulas-2-1536x864.jpg 1536w, https:\/\/www.tgrthaber.com\/mavikadin\/wp-content\/uploads\/ulas-2.jpg 1600w\" sizes=\"(max-width: 1208px) 100vw, 1208px\" \/><\/p>\n<hr \/>\n<h3><strong>\u00c7\u0130FT K\u0130\u015e\u0130L\u0130K ODA D\u0130Z\u0130S\u0130 OYUNCULARI<\/strong><\/h3>\n<p>T\u00fcrk televizyonlar\u0131na uyarlama dizilerinden biri daha eklendi. Seyircisiyle bulu\u015fmak i\u00e7in set haz\u0131rl\u0131klar\u0131na ba\u015flanan \u201c\u00c7ift Ki\u015filik Oda\u201d dizisi MF Yap\u0131m taraf\u0131ndan televizyona aktar\u0131lacak. \u201cDoctor Cha\u201ddan uyarlama olan \u2018Bahar\u2019 dizisinin ard\u0131ndan yine Kore dizilerinden olan \u2018King The Land\u2019 dizisi NOW TV ekranlar\u0131nda izleyici kar\u015f\u0131s\u0131na \u00e7\u0131kacak. Ay\u015fe \u00dcner Kutlu\u2019nun kaleme ald\u0131\u011f\u0131, \u00c7ift Ki\u015filik Oda dizisinin y\u00f6netmen koltu\u011funda ise Yusuf Pirsan oturacak.<\/p>\n<p><img loading=\"lazy\" decoding=\"async\" class=\"alignnone wp-image-138750\" src=\"https:\/\/www.tgrthaber.com\/mavikadin\/wp-content\/uploads\/ulas-1-1024x576.jpg\" alt=\"ula\u015f \" width=\"1208\" height=\"680\" title=\"\" srcset=\"https:\/\/www.tgrthaber.com\/mavikadin\/wp-content\/uploads\/ulas-1-1024x576.jpg 1024w, https:\/\/www.tgrthaber.com\/mavikadin\/wp-content\/uploads\/ulas-1-300x169.jpg 300w, https:\/\/www.tgrthaber.com\/mavikadin\/wp-content\/uploads\/ulas-1-768x432.jpg 768w, https:\/\/www.tgrthaber.com\/mavikadin\/wp-content\/uploads\/ulas-1-1536x864.jpg 1536w, https:\/\/www.tgrthaber.com\/mavikadin\/wp-content\/uploads\/ulas-1.jpg 1600w\" sizes=\"(max-width: 1208px) 100vw, 1208px\" \/><\/p>\n<hr \/>\n<p>Birsen Altunta\u015f\u2019\u0131n haberine g\u00f6re \u00fcnl\u00fc oyuncu Ula\u015f Tuna Astepe, G\u00fcney Kore yap\u0131m\u0131 King The Land\u2019dan uyarlama olacak olan \u00c7ift Ki\u015filik Oda dizisine ba\u015frol prensibinde anla\u015ft\u0131. Bir s\u00fcredir televizyon ekranlar\u0131ndan uzak olan oyuncu, bu rolle ad\u0131ndan s\u00f6z ettirece\u011fi konu\u015fuluyor. En son &#8216;Sen Anlat Karadeniz&#8217; dizisi ile hayranlar\u0131n\u0131 ekran ba\u015f\u0131na toplayan Astepe, bu sefer de yeni dizisi ile hayranlar\u0131n\u0131 bir kez daha ekranlara kilitleyecek.<\/p>\n<p><img loading=\"lazy\" decoding=\"async\" class=\"alignnone wp-image-159415\" src=\"https:\/\/www.tgrthaber.com\/mavikadin\/wp-content\/uploads\/haber-gorselleri-fotoshop-2025-04-09T113450.776-1024x576.jpg\" alt=\"\u00c7ift Ki\u015filik Oda Kaan kimdir ka\u00e7 ya\u015f\u0131nda? \u00c7ift Ki\u015filik Oda Kaan neden yurt d\u0131\u015f\u0131nda ya\u015fad\u0131?\" width=\"1208\" height=\"680\" title=\"\" srcset=\"https:\/\/www.tgrthaber.com\/mavikadin\/wp-content\/uploads\/haber-gorselleri-fotoshop-2025-04-09T113450.776-1024x576.jpg 1024w, https:\/\/www.tgrthaber.com\/mavikadin\/wp-content\/uploads\/haber-gorselleri-fotoshop-2025-04-09T113450.776-300x169.jpg 300w, https:\/\/www.tgrthaber.com\/mavikadin\/wp-content\/uploads\/haber-gorselleri-fotoshop-2025-04-09T113450.776-768x432.jpg 768w, https:\/\/www.tgrthaber.com\/mavikadin\/wp-content\/uploads\/haber-gorselleri-fotoshop-2025-04-09T113450.776-1536x864.jpg 1536w, https:\/\/www.tgrthaber.com\/mavikadin\/wp-content\/uploads\/haber-gorselleri-fotoshop-2025-04-09T113450.776.jpg 1600w\" sizes=\"(max-width: 1208px) 100vw, 1208px\" \/><\/p>\n<hr \/>\n<p>Mart sonunda sete \u00e7\u0131kmas\u0131 planan \u00c7ift Ki\u015filik Oda dizisinde Ula\u015f Tuna Astepe\u2019nin oynayaca\u011f\u0131 karakterin ad\u0131 &#8220;Kaan&#8221; olacak. Astepe&#8217;ye, dizide ba\u015frol rol olarak Devrim \u00d6zkan e\u015flik edecek. Ba\u015far\u0131l\u0131 ve g\u00fczel\u00a0 oyuncu Devrim \u00d6zkan dizide &#8220;Nil\u00fcfer&#8221; karakterini oynayacak. \u0130kilinin yolu ise Nil\u00fcfer\u2019in i\u015f g\u00f6r\u00fc\u015fmesi i\u00e7in gitti\u011fi otelde kesi\u015fecek. Astepe ve \u00d6zkan&#8217;\u0131n ba\u015frol oynayaca\u011f\u0131 diziye yeni isimler dahil oldu.<\/p>\n<p><img loading=\"lazy\" decoding=\"async\" class=\"alignnone wp-image-147052\" src=\"https:\/\/www.tgrthaber.com\/mavikadin\/wp-content\/uploads\/Cift-Kisilik-Oda-1-2-1024x576.jpg\" alt=\"\u00c7ift-Ki\u015filik-Oda\" width=\"1208\" height=\"680\" title=\"\" srcset=\"https:\/\/www.tgrthaber.com\/mavikadin\/wp-content\/uploads\/Cift-Kisilik-Oda-1-2-1024x576.jpg 1024w, https:\/\/www.tgrthaber.com\/mavikadin\/wp-content\/uploads\/Cift-Kisilik-Oda-1-2-300x169.jpg 300w, https:\/\/www.tgrthaber.com\/mavikadin\/wp-content\/uploads\/Cift-Kisilik-Oda-1-2-768x432.jpg 768w, https:\/\/www.tgrthaber.com\/mavikadin\/wp-content\/uploads\/Cift-Kisilik-Oda-1-2-1536x864.jpg 1536w, https:\/\/www.tgrthaber.com\/mavikadin\/wp-content\/uploads\/Cift-Kisilik-Oda-1-2.jpg 1600w\" sizes=\"(max-width: 1208px) 100vw, 1208px\" \/><\/p>\n<hr \/>\n<h3><strong>\u00c7\u0130FT K\u0130\u015e\u0130L\u0130K ODA D\u0130Z\u0130S\u0130N\u0130N OYUNCU KADROSU B\u00dcY\u00dcYOR!<\/strong><\/h3>\n<p>Gazeteci Birsen Altunta\u015f&#8217;\u0131n haberine g\u00f6re; son d\u00f6nemin en iddial\u0131 romantik komedi projesi olan \u201c\u00c7ift Ki\u015filik Oda\u201dn\u0131n kadrosuna 3 fla\u015f isim dahil oldu. Bu sezon Sand\u0131k Kokusu dizisinde boy g\u00f6steren G\u00f6zde Seda Altuner, \u00c7ift Ki\u015filik Oda dizisinde Kaan\u2019\u0131n ablas\u0131 \u201cSevil\u201d olarak izleyici kar\u015f\u0131s\u0131na \u00e7\u0131kacak. G\u00f6zde Seda Altuner\u2019in \u201cSevil\u201d karakteriyle diziye g\u00fc\u00e7 kataca\u011f\u0131 d\u00fc\u015f\u00fcn\u00fcl\u00fcyor.<\/p>\n<p><img loading=\"lazy\" decoding=\"async\" class=\"alignnone wp-image-147051\" src=\"https:\/\/www.tgrthaber.com\/mavikadin\/wp-content\/uploads\/Cift-Kisilik-Oda-6-1024x576.jpg\" alt=\"\u00c7ift-Ki\u015filik-Oda\" width=\"1208\" height=\"680\" title=\"\" srcset=\"https:\/\/www.tgrthaber.com\/mavikadin\/wp-content\/uploads\/Cift-Kisilik-Oda-6-1024x576.jpg 1024w, https:\/\/www.tgrthaber.com\/mavikadin\/wp-content\/uploads\/Cift-Kisilik-Oda-6-300x169.jpg 300w, https:\/\/www.tgrthaber.com\/mavikadin\/wp-content\/uploads\/Cift-Kisilik-Oda-6-768x432.jpg 768w, https:\/\/www.tgrthaber.com\/mavikadin\/wp-content\/uploads\/Cift-Kisilik-Oda-6-1536x864.jpg 1536w, https:\/\/www.tgrthaber.com\/mavikadin\/wp-content\/uploads\/Cift-Kisilik-Oda-6.jpg 1600w\" sizes=\"(max-width: 1208px) 100vw, 1208px\" \/><\/p>\n<hr \/>\n<p>Diziye dahil olan 2 fla\u015f transferde \u00e7ok konu\u015fulacak gibi duruyor. Uzun s\u00fcredir ekranlardan uzak kalan ba\u015far\u0131l\u0131 oyuncular Seren \u015eirince ve G\u00f6zde T\u00fcrker\u2019in de \u201c\u00c7ift Ki\u015filik Oda\u201d dizisiyle el s\u0131k\u0131\u015ft\u0131\u011f\u0131 \u00f6\u011frenildi. Seren \u015eirince diziye Nil\u00fcfer\u2019in arkada\u015f\u0131 \u201cBeg\u00fcm\u201d karakteriyle dahil olurken, G\u00f6zde T\u00fcrker ise Kaan\u2019\u0131n eski okul arkada\u015f\u0131 \u201cGamze\u201d karakteriyle diziye dahil oldu.<\/p>\n<h3><img loading=\"lazy\" decoding=\"async\" class=\"alignnone wp-image-159459\" src=\"https:\/\/www.tgrthaber.com\/mavikadin\/wp-content\/uploads\/haber-gorselleri-fotoshop-2025-04-09T124411.591-1024x576.jpg\" alt=\"\u00c7ift Ki\u015filik Oda hangi otelde \u00e7ekiliyor? \u00c7ift Ki\u015filik Oda Lutesya Otel \u0130stanbul da m\u0131?\" width=\"1208\" height=\"680\" title=\"\" srcset=\"https:\/\/www.tgrthaber.com\/mavikadin\/wp-content\/uploads\/haber-gorselleri-fotoshop-2025-04-09T124411.591-1024x576.jpg 1024w, https:\/\/www.tgrthaber.com\/mavikadin\/wp-content\/uploads\/haber-gorselleri-fotoshop-2025-04-09T124411.591-300x169.jpg 300w, https:\/\/www.tgrthaber.com\/mavikadin\/wp-content\/uploads\/haber-gorselleri-fotoshop-2025-04-09T124411.591-768x432.jpg 768w, https:\/\/www.tgrthaber.com\/mavikadin\/wp-content\/uploads\/haber-gorselleri-fotoshop-2025-04-09T124411.591-1536x864.jpg 1536w, https:\/\/www.tgrthaber.com\/mavikadin\/wp-content\/uploads\/haber-gorselleri-fotoshop-2025-04-09T124411.591.jpg 1600w\" sizes=\"(max-width: 1208px) 100vw, 1208px\" \/><\/h3>\n<hr \/>\n<h3>\u00c7\u0130FT K\u0130\u015e\u0130L\u0130K ODA D\u0130Z\u0130S\u0130 \u0130LK FRAGMAN YAYINLANDI<\/h3>\n<p>NOW TV ekranlar\u0131nda yay\u0131nlanacak olan \u00c7ift Ki\u015filik Oda dizisinin ilk fragman\u0131 yay\u0131nland\u0131. Yay\u0131nlanan tan\u0131t\u0131m k\u0131sa s\u00fcre de yo\u011fun ilgi g\u00f6rd\u00fc. Ba\u015frollerini Devrim \u00d6zkan ve Ula\u015f Tuna Astepe&#8217;nin payla\u015ft\u0131\u011f\u0131 dizi heyecanla bekleniyor.<\/p>\n","protected":false},"excerpt":{"rendered":"<p>MF yap\u0131mdan T\u00fcrk televizyonlar\u0131na yine bir uyarlama dizisi geliyor. G\u00fcney Kore yap\u0131m\u0131 olan &#8216;King The Land&#8217; uyarlama olarak ekranlara gelecek. \u00c7ift Ki\u015filik Oda ad\u0131 ile seyirci kar\u015f\u0131s\u0131na \u00e7\u0131kacak olan dizi \u015fimdiden merak konusu olmaya ba\u015flad\u0131. Sezon sonunda ba\u015flayacak olup yaz sonuna kadar devam etmesi d\u00fc\u015f\u00fcn\u00fclen dizininin senaryosu ve oyuncular\u0131 merak edilmeye ba\u015fland\u0131. Dizinin konusu ne, ba\u015frolleri kim? \u00c7ift Ki\u015filik Oda hangi dizinin uyarlamas\u0131? Merak edilenler haberimizde\u2026<\/p>\n","protected":false},"author":34,"featured_media":130878,"comment_status":"closed","ping_status":"closed","sticky":false,"template":"","format":"standard","meta":{"rank_math_lock_modified_date":false,"footnotes":""},"categories":[602],"tags":[10275,11857,159,2628,10277,10281,12105,3178],"class_list":["post-130861","post","type-post","status-publish","format-standard","has-post-thumbnail","hentry","category-diziler","tag-cift-kisilik-oda","tag-cift-kisilik-oda-dizisi","tag-devrim-ozkan","tag-dizi-haberleri","tag-king-the-land","tag-king-the-land-dizisi","tag-kore-uyarlamasi-diziler","tag-ulas-tuna-astepe"],"_links":{"self":[{"href":"https:\/\/www.tgrthaber.com\/mavikadin\/wp-json\/wp\/v2\/posts\/130861"}],"collection":[{"href":"https:\/\/www.tgrthaber.com\/mavikadin\/wp-json\/wp\/v2\/posts"}],"about":[{"href":"https:\/\/www.tgrthaber.com\/mavikadin\/wp-json\/wp\/v2\/types\/post"}],"author":[{"embeddable":true,"href":"https:\/\/www.tgrthaber.com\/mavikadin\/wp-json\/wp\/v2\/users\/34"}],"replies":[{"embeddable":true,"href":"https:\/\/www.tgrthaber.com\/mavikadin\/wp-json\/wp\/v2\/comments?post=130861"}],"version-history":[{"count":7,"href":"https:\/\/www.tgrthaber.com\/mavikadin\/wp-json\/wp\/v2\/posts\/130861\/revisions"}],"predecessor-version":[{"id":159514,"href":"https:\/\/www.tgrthaber.com\/mavikadin\/wp-json\/wp\/v2\/posts\/130861\/revisions\/159514"}],"wp:featuredmedia":[{"embeddable":true,"href":"https:\/\/www.tgrthaber.com\/mavikadin\/wp-json\/wp\/v2\/media\/130878"}],"wp:attachment":[{"href":"https:\/\/www.tgrthaber.com\/mavikadin\/wp-json\/wp\/v2\/media?parent=130861"}],"wp:term":[{"taxonomy":"category","embeddable":true,"href":"https:\/\/www.tgrthaber.com\/mavikadin\/wp-json\/wp\/v2\/categories?post=130861"},{"taxonomy":"post_tag","embeddable":true,"href":"https:\/\/www.tgrthaber.com\/mavikadin\/wp-json\/wp\/v2\/tags?post=130861"}],"curies":[{"name":"wp","href":"https:\/\/api.w.org\/{rel}","templated":true}]}}