{"id":130907,"date":"2025-02-08T12:40:35","date_gmt":"2025-02-08T09:40:35","guid":{"rendered":"https:\/\/www.tgrthaber.com\/mavikadin\/?p=130907"},"modified":"2025-02-08T12:40:35","modified_gmt":"2025-02-08T09:40:35","slug":"bir-zamanlar-istanbulun-celali-serdar-ozer-kimdir-serdar-ozer-hakkinda-merak-edilenler","status":"publish","type":"post","link":"https:\/\/www.tgrthaber.com\/mavikadin\/bir-zamanlar-istanbulun-celali-serdar-ozer-kimdir-serdar-ozer-hakkinda-merak-edilenler\/","title":{"rendered":"Bir Zamanlar \u0130stanbul\u2019un Celal&#8217;i Serdar \u00d6zer kimdir? Serdar \u00d6zer hakk\u0131nda merak edilenler"},"content":{"rendered":"<p>TRT 1&#8217;in ekranlara yeni gelecek olan dizisi &#8216;Bir Zamanlar \u0130stanbul&#8217; zengin oyuncu kadrosu ve dikkat \u00e7eken hikayesiyle merak konusu oldu. \u0130zleyicileri 1990&#8217;l\u0131 y\u0131llara g\u00f6t\u00fcrecek olan bu yap\u0131 su\u00e7 d\u00fcnyas\u0131yla m\u00fccadele eden iki gencin s\u00fcr\u00fckleyici hikayesini izleyenlere ula\u015ft\u0131racak. Dizinin oyuncu kadrosunda yer alam isimlerden biri de Serdar \u00d6zer. Bir\u00e7ok ba\u015far\u0131l\u0131 projede yer alan Serdar \u00d6zer, bu dizide Celal karakteriyle seyirci kar\u015f\u0131s\u0131na \u00e7\u0131k\u0131yor. Peki, Serdar \u00d6zer kimdir? \u0130\u015fte Serdar \u00d6zer hakk\u0131nda merak edilenler&#8230;<\/p>\n<h3>B\u0130R ZAMANLAR \u0130STANBUL&#8217;UN CELAL&#8217;\u0130 SERDAR \u00d6ZER K\u0130MD\u0130R?<\/h3>\n<p>1980 y\u0131l\u0131nda \u0130stanbulda do\u011fan Serdar \u00d6zer, Girne Amerikan \u00dcniversitesi Turizm ve Otelcilik b\u00f6l\u00fcm\u00fcnden mezun olmu\u015ftur. 2003 y\u0131l\u0131nda oyunculuk hayat\u0131na ba\u015flam\u0131\u015f, k\u0131sa s\u00fcrede ba\u015far\u0131s\u0131yla dikkatleri \u00fczerine \u00e7ekmi\u015ftir. \u00d6zellikle K\u00fc\u00e7\u00fck Kad\u0131nlar, Dedemin Dolab\u0131, Ay Tutulmas\u0131 ve Emret Komutan\u0131m Yeniden dizilerinde rol olarak ba\u015far\u0131l\u0131 oyunculu\u011fuyla geni\u015f kitlelere ula\u015ft\u0131.<\/p>\n<p><img loading=\"lazy\" decoding=\"async\" class=\"alignnone wp-image-130921\" src=\"https:\/\/www.tgrthaber.com\/mavikadin\/wp-content\/uploads\/3-88.png\" alt=\"\" width=\"1208\" height=\"680\" title=\"\" srcset=\"https:\/\/www.tgrthaber.com\/mavikadin\/wp-content\/uploads\/3-88.png 1280w, https:\/\/www.tgrthaber.com\/mavikadin\/wp-content\/uploads\/3-88-300x169.png 300w, https:\/\/www.tgrthaber.com\/mavikadin\/wp-content\/uploads\/3-88-1024x576.png 1024w, https:\/\/www.tgrthaber.com\/mavikadin\/wp-content\/uploads\/3-88-768x432.png 768w\" sizes=\"(max-width: 1208px) 100vw, 1208px\" \/><\/p>\n<hr \/>\n<p>2014 y\u0131l\u0131nda Kaderimin Yaz\u0131ld\u0131\u011f\u0131 G\u00fcn dizisinde oynad\u0131\u011f\u0131 Maksut karakteriyle b\u00fcy\u00fck bir \u00e7\u0131k\u0131\u015f yaparak ba\u015far\u0131l\u0131 oyunculu\u011fuyla ad\u0131ndan s\u00f6z ettirdi. Sert ve etkileyici rollerdeki ba\u015far\u0131s\u0131yla be\u011feni kazanan oyuncu son olarak Bir Zamanlar \u0130stanbul dizisinde Celal karakteriyle izleyenlerin kar\u015f\u0131s\u0131na \u00e7\u0131kacak.<\/p>\n<p><img loading=\"lazy\" decoding=\"async\" class=\"alignnone wp-image-130920\" src=\"https:\/\/www.tgrthaber.com\/mavikadin\/wp-content\/uploads\/2-86.png\" alt=\"\" width=\"1208\" height=\"680\" title=\"\" srcset=\"https:\/\/www.tgrthaber.com\/mavikadin\/wp-content\/uploads\/2-86.png 1280w, https:\/\/www.tgrthaber.com\/mavikadin\/wp-content\/uploads\/2-86-300x169.png 300w, https:\/\/www.tgrthaber.com\/mavikadin\/wp-content\/uploads\/2-86-1024x576.png 1024w, https:\/\/www.tgrthaber.com\/mavikadin\/wp-content\/uploads\/2-86-768x432.png 768w\" sizes=\"(max-width: 1208px) 100vw, 1208px\" \/><\/p>\n<hr \/>\n<p>Evli ve bir \u00e7ocuk babasu olan \u00f6zer, oyunculu\u011fundaki performans\u0131yla ad\u0131ndan s\u00f6z ettirmeye devam ediyor.<\/p>\n","protected":false},"excerpt":{"rendered":"<p>TRT 1 ekranlar\u0131nda yay\u0131nlanacak olan yeni dizi Bir Zamanlar \u0130stanbul oyuncu kadrosu ve dikkat \u00e7eken hikayesiyle son d\u00f6nemlerin konu\u015fulanlar\u0131 aras\u0131nda. 1990&#8217;l\u0131 y\u0131llar\u0131n \u0130stanbul&#8217;unu dizi severlerle bulu\u015fturacak olan bu yap\u0131m\u0131n oyuncu kadrosu merak edilenler aras\u0131nda. Dizi deki oyunculardan biri de Serdar \u00d6zer. Peki, Celal karakterini oynayacak olan Serdar \u00d6zer kimdir? <\/p>\n","protected":false},"author":28,"featured_media":130919,"comment_status":"closed","ping_status":"closed","sticky":false,"template":"","format":"standard","meta":{"rank_math_lock_modified_date":false,"footnotes":""},"categories":[602],"tags":[3135,10289,10288,10290],"class_list":["post-130907","post","type-post","status-publish","format-standard","has-post-thumbnail","hentry","category-diziler","tag-bir-zamanlar-istanbul","tag-bir-zamanlar-istanbul-celal","tag-serdar-ozer","tag-serdar-ozer-kimdir"],"_links":{"self":[{"href":"https:\/\/www.tgrthaber.com\/mavikadin\/wp-json\/wp\/v2\/posts\/130907"}],"collection":[{"href":"https:\/\/www.tgrthaber.com\/mavikadin\/wp-json\/wp\/v2\/posts"}],"about":[{"href":"https:\/\/www.tgrthaber.com\/mavikadin\/wp-json\/wp\/v2\/types\/post"}],"author":[{"embeddable":true,"href":"https:\/\/www.tgrthaber.com\/mavikadin\/wp-json\/wp\/v2\/users\/28"}],"replies":[{"embeddable":true,"href":"https:\/\/www.tgrthaber.com\/mavikadin\/wp-json\/wp\/v2\/comments?post=130907"}],"version-history":[{"count":2,"href":"https:\/\/www.tgrthaber.com\/mavikadin\/wp-json\/wp\/v2\/posts\/130907\/revisions"}],"predecessor-version":[{"id":130924,"href":"https:\/\/www.tgrthaber.com\/mavikadin\/wp-json\/wp\/v2\/posts\/130907\/revisions\/130924"}],"wp:featuredmedia":[{"embeddable":true,"href":"https:\/\/www.tgrthaber.com\/mavikadin\/wp-json\/wp\/v2\/media\/130919"}],"wp:attachment":[{"href":"https:\/\/www.tgrthaber.com\/mavikadin\/wp-json\/wp\/v2\/media?parent=130907"}],"wp:term":[{"taxonomy":"category","embeddable":true,"href":"https:\/\/www.tgrthaber.com\/mavikadin\/wp-json\/wp\/v2\/categories?post=130907"},{"taxonomy":"post_tag","embeddable":true,"href":"https:\/\/www.tgrthaber.com\/mavikadin\/wp-json\/wp\/v2\/tags?post=130907"}],"curies":[{"name":"wp","href":"https:\/\/api.w.org\/{rel}","templated":true}]}}