{"id":130925,"date":"2025-02-08T12:54:27","date_gmt":"2025-02-08T09:54:27","guid":{"rendered":"https:\/\/www.tgrthaber.com\/mavikadin\/?p=130925"},"modified":"2025-02-08T12:56:25","modified_gmt":"2025-02-08T09:56:25","slug":"gonul-dagi-dizisinin-165-yeni-bolumunde-neler-olacak","status":"publish","type":"post","link":"https:\/\/www.tgrthaber.com\/mavikadin\/gonul-dagi-dizisinin-165-yeni-bolumunde-neler-olacak\/","title":{"rendered":"G\u00f6n\u00fcl Da\u011f\u0131 dizisinin 165. yeni b\u00f6l\u00fcm\u00fcnde neler olacak?"},"content":{"rendered":"<p>TRT\u2019nin iddial\u0131 dizlerinden olan G\u00f6n\u00fcl Da\u011f\u0131 her cumartesi g\u00fcnlerinin vazge\u00e7ilmez oluyor. Yap\u0131mc\u0131l\u0131\u011f\u0131n\u0131 K\u00f6pr\u00fc Film\/Ferhat E\u015fsiz, y\u00f6netmenli\u011fini Asl\u0131 Kahraman ve H\u00fcseyin K\u00fcpeli\u2019nin \u00fcstlendi\u011fi G\u00f6n\u00fcl Da\u011f\u0131\u2019n\u0131n senaryosunu Ali Asaf Elmas ve Teoman G\u00f6k kaleme al\u0131yor. Peki, dizinin yeni b\u00f6l\u00fcm\u00fcnde ne olacak? \u0130zleyenleri neler bekliyor? Merak edilenler haberimizde\u2026<\/p>\n<p>TRT 1 ekranlar\u0131nda 5 sezondur izleyiciyi ekranda tutabilen G\u00f6n\u00fcl Da\u011f\u0131 dizisi 8 \u015eubat 2025 Cumartesi ak\u015fam\u0131 TRT 1 ekranlar\u0131nda olacak. Dizi Anadolu insan\u0131n\u0131n ya\u015famlar\u0131ndan da yans\u0131tt\u0131\u011f\u0131 i\u00e7in izleyenleri ekranda toplamay\u0131 ba\u015far\u0131yor.<\/p>\n<h3><strong>G\u00d6N\u00dcL DA\u011eI SON B\u00d6L\u00dcMDE NELER OLDU<\/strong><\/h3>\n<p>Amcao\u011fullar\u0131, kasabal\u0131lara olan bor\u00e7lar\u0131n\u0131 geri \u00f6derler. Bu s\u00fcre\u00e7te Taner, maddi s\u0131k\u0131nt\u0131lar\u0131n\u0131 e\u015finden gizlemeye \u00e7al\u0131\u015f\u0131r. Bu durum, e\u015fi Selma\u2019n\u0131n tepkisine neden olur. Beh\u00e7et ve Fidan, zorlu bir yolculu\u011fun ard\u0131ndan kasabaya geri d\u00f6nerler. Bu d\u00f6n\u00fc\u015f, Adile\u2019nin duygusal tepkilerine yol a\u00e7ar. Di\u015f\u00e7i Musa\u2019n\u0131n evi sat\u0131\u015fa \u00e7\u0131kar\u0131l\u0131r. Amcao\u011fullar\u0131, bu evi sat\u0131n alabilmek i\u00e7in \u00e7aba sarf ederler. R\u0131fat, \u00e7ocuklar\u0131na yeterince destek olamad\u0131\u011f\u0131 i\u00e7in \u00fcz\u00fcnt\u00fc ya\u015far.<\/p>\n<p><img loading=\"lazy\" decoding=\"async\" class=\"wp-image-130926\" src=\"https:\/\/www.tgrthaber.com\/mavikadin\/wp-content\/uploads\/gonul-dagi-1-2-1024x576.jpg\" alt=\"g\u00f6n\u00fcl da\u011f\u0131 \" width=\"1208\" height=\"680\" title=\"\" srcset=\"https:\/\/www.tgrthaber.com\/mavikadin\/wp-content\/uploads\/gonul-dagi-1-2-1024x576.jpg 1024w, https:\/\/www.tgrthaber.com\/mavikadin\/wp-content\/uploads\/gonul-dagi-1-2-300x169.jpg 300w, https:\/\/www.tgrthaber.com\/mavikadin\/wp-content\/uploads\/gonul-dagi-1-2-768x432.jpg 768w, https:\/\/www.tgrthaber.com\/mavikadin\/wp-content\/uploads\/gonul-dagi-1-2-1536x864.jpg 1536w, https:\/\/www.tgrthaber.com\/mavikadin\/wp-content\/uploads\/gonul-dagi-1-2.jpg 1600w\" sizes=\"(max-width: 1208px) 100vw, 1208px\" \/><\/p>\n<hr \/>\n<h3><strong>G\u00d6N\u00dcL DA\u011eI YEN\u0130 B\u00d6L\u00dcMDE NELER OLACAK<\/strong><\/h3>\n<p>G\u00f6n\u00fcl Da\u011f\u0131 dizisinin yeni b\u00f6l\u00fcm\u00fcnde, Taner ve Selma bebeklerini uyutabilmek i\u00e7in u\u011fra\u015f\u0131rken Ramazan\u2019\u0131n \u00f6nerisiyle yolculu\u011fa \u00e7\u0131karacaklar. Ali, Selma\u2019n\u0131n onu eskisi gibi sevmeyece\u011finden endi\u015felenecek. E\u015fyalarla dolu m\u00fc\u015ftemilattan bir \u015fey almaya \u00e7al\u0131\u015fan Ali\u2019nin ba\u015f\u0131na neler gelecek? Ramazan, kamerayla zaman\u0131 yakalayabilmek i\u00e7in herkesi \u00e7ekmeye ba\u015flayacak. Asuman, doktor kontrol\u00fcn\u00fc unutan Ramazan\u2019a dar\u0131l\u0131r ve Program i\u00e7in yolculu\u011fa \u00e7\u0131kan Asuman neler ya\u015fayacak?<\/p>\n<p><img loading=\"lazy\" decoding=\"async\" class=\"alignnone wp-image-130928\" src=\"https:\/\/www.tgrthaber.com\/mavikadin\/wp-content\/uploads\/Adsiz-tasarim-144-1024x576.jpg\" alt=\"g\u00f6n\u00fcl da\u011f\u0131 \" width=\"1208\" height=\"680\" title=\"\" srcset=\"https:\/\/www.tgrthaber.com\/mavikadin\/wp-content\/uploads\/Adsiz-tasarim-144-1024x576.jpg 1024w, https:\/\/www.tgrthaber.com\/mavikadin\/wp-content\/uploads\/Adsiz-tasarim-144-300x169.jpg 300w, https:\/\/www.tgrthaber.com\/mavikadin\/wp-content\/uploads\/Adsiz-tasarim-144-768x432.jpg 768w, https:\/\/www.tgrthaber.com\/mavikadin\/wp-content\/uploads\/Adsiz-tasarim-144-1536x864.jpg 1536w, https:\/\/www.tgrthaber.com\/mavikadin\/wp-content\/uploads\/Adsiz-tasarim-144.jpg 1600w\" sizes=\"(max-width: 1208px) 100vw, 1208px\" \/><\/p>\n<hr \/>\n<p>Veysel kaporta d\u00fckkan\u0131na geri d\u00f6necek ama yan\u0131na \u00e7\u0131rak olmas\u0131 i\u00e7in bir \u00e7ocuk getirilecek. Veysel bu durum kar\u015f\u0131s\u0131nda ne yapacak? Sefer, hapishanedeyken Kiraz \u00e7ocuklarla ilgilenmeye devam edecek. Peki, Sefer\u2019in cezas\u0131 ne olacak? Merak beklenen bu sorular\u0131n cevab\u0131n\u0131 8 \u015eubat 2025 Cumartesi ak\u015fam\u0131 saat 20.00\u2019da TRT 1 ekranlar\u0131nda \u00f6\u011frenebileceksiniz.<\/p>\n","protected":false},"excerpt":{"rendered":"<p>TRT\u2019nin iddial\u0131 dizlerinden olan G\u00f6n\u00fcl Da\u011f\u0131 her cumartesi g\u00fcnlerinin vazge\u00e7ilmez oluyor. Peki, dizinin yeni b\u00f6l\u00fcm\u00fcnde ne olacak? \u0130zleyenleri neler bekliyor? Merak edilenler haberimizde\u2026<\/p>\n","protected":false},"author":34,"featured_media":130927,"comment_status":"closed","ping_status":"closed","sticky":false,"template":"","format":"standard","meta":{"rank_math_lock_modified_date":false,"footnotes":""},"categories":[602],"tags":[3687,7484],"class_list":["post-130925","post","type-post","status-publish","format-standard","has-post-thumbnail","hentry","category-diziler","tag-gonul-dagi","tag-gonul-dagi-dizisi"],"_links":{"self":[{"href":"https:\/\/www.tgrthaber.com\/mavikadin\/wp-json\/wp\/v2\/posts\/130925"}],"collection":[{"href":"https:\/\/www.tgrthaber.com\/mavikadin\/wp-json\/wp\/v2\/posts"}],"about":[{"href":"https:\/\/www.tgrthaber.com\/mavikadin\/wp-json\/wp\/v2\/types\/post"}],"author":[{"embeddable":true,"href":"https:\/\/www.tgrthaber.com\/mavikadin\/wp-json\/wp\/v2\/users\/34"}],"replies":[{"embeddable":true,"href":"https:\/\/www.tgrthaber.com\/mavikadin\/wp-json\/wp\/v2\/comments?post=130925"}],"version-history":[{"count":4,"href":"https:\/\/www.tgrthaber.com\/mavikadin\/wp-json\/wp\/v2\/posts\/130925\/revisions"}],"predecessor-version":[{"id":130932,"href":"https:\/\/www.tgrthaber.com\/mavikadin\/wp-json\/wp\/v2\/posts\/130925\/revisions\/130932"}],"wp:featuredmedia":[{"embeddable":true,"href":"https:\/\/www.tgrthaber.com\/mavikadin\/wp-json\/wp\/v2\/media\/130927"}],"wp:attachment":[{"href":"https:\/\/www.tgrthaber.com\/mavikadin\/wp-json\/wp\/v2\/media?parent=130925"}],"wp:term":[{"taxonomy":"category","embeddable":true,"href":"https:\/\/www.tgrthaber.com\/mavikadin\/wp-json\/wp\/v2\/categories?post=130925"},{"taxonomy":"post_tag","embeddable":true,"href":"https:\/\/www.tgrthaber.com\/mavikadin\/wp-json\/wp\/v2\/tags?post=130925"}],"curies":[{"name":"wp","href":"https:\/\/api.w.org\/{rel}","templated":true}]}}