{"id":130943,"date":"2025-02-08T14:28:51","date_gmt":"2025-02-08T11:28:51","guid":{"rendered":"https:\/\/www.tgrthaber.com\/mavikadin\/?p=130943"},"modified":"2025-02-08T14:28:51","modified_gmt":"2025-02-08T11:28:51","slug":"leyla-dizisi-setinde-cemre-bayselin-dogum-gunu-kutlandi","status":"publish","type":"post","link":"https:\/\/www.tgrthaber.com\/mavikadin\/leyla-dizisi-setinde-cemre-bayselin-dogum-gunu-kutlandi\/","title":{"rendered":"Leyla dizisi setinde Cemre Baysel\u2019in do\u011fum g\u00fcn\u00fc kutland\u0131"},"content":{"rendered":"<p>NOW ekranlar\u0131nda iddial\u0131 yap\u0131mlar\u0131ndan olan Leyla dizisi setinde Cemre Baysel\u2019in do\u011fum g\u00fcn\u00fc kutland\u0131. G\u00fczel oyuncu o anlar\u0131 sosyal medyas\u0131ndan payla\u015ft\u0131.<\/p>\n<p>Leyla: Hayat\u2026 A\u015fk\u2026 Adalet dizisi yay\u0131nland\u0131\u011f\u0131 g\u00fcnden bu yana b\u00fcy\u00fck bir ilgi ile takip ediliyor.\u00a0Dizinin ana karakterlerinden olan g\u00fczel oyuncu Cemre Baysel sosyal medya da be\u011fenilen \u00fcnl\u00fcler aras\u0131nda yerini ald\u0131. Sosyal medyas\u0131n\u0131 aktif kullanan oyuncu sevenleri taraf\u0131ndan ilgiyle takip ediliyor.<\/p>\n<h3><strong>D\u0130Z\u0130 SET\u0130NDE DO\u011eUM G\u00dcN\u00dc S\u00dcRPR\u0130Z\u0130 <\/strong><\/h3>\n<p>Yetene\u011fi ile dizilerde oynayan Cemre Baysel, g\u00fczelli\u011fi ile de takip edilen \u00fcnl\u00fcler aras\u0131nda yer buluyor. Oyuncu sosyal medyas\u0131n\u0131 aktif bir \u015fekilde kullan\u0131yor. Ge\u00e7ti\u011fimiz g\u00fcnlerde yak\u0131n arkada\u015fl\u0131klar\u0131yla g\u00fcndeme gelen Cem Adrian ile yapt\u0131\u011f\u0131 payla\u015f\u0131m \u00e7ok konu\u015fulmu\u015ftu. \u0130kilinin bu sefer de Leyla dizisinin setinden yapt\u0131\u011f\u0131 payla\u015f\u0131mla magazin g\u00fcndemine oturmu\u015ftu. Yapt\u0131\u011f\u0131 payla\u015f\u0131mda: \u201cGeldi benimki\u201d notunu d\u00fc\u015ferek payla\u015fm\u0131\u015ft\u0131. \u0130kilinin \u00e7ok yak\u0131n arkada\u015f olmalar\u0131 sevenlerinin de ilgi oda\u011f\u0131nda yer al\u0131yor.<\/p>\n<p><img loading=\"lazy\" decoding=\"async\" class=\"wp-image-130944\" src=\"https:\/\/www.tgrthaber.com\/mavikadin\/wp-content\/uploads\/cemre-baysel-dogum-gunu-1-1024x576.jpg\" alt=\"cemre baysel do\u011fum g\u00fcn\u00fc \" width=\"1208\" height=\"680\" title=\"\" srcset=\"https:\/\/www.tgrthaber.com\/mavikadin\/wp-content\/uploads\/cemre-baysel-dogum-gunu-1-1024x576.jpg 1024w, https:\/\/www.tgrthaber.com\/mavikadin\/wp-content\/uploads\/cemre-baysel-dogum-gunu-1-300x169.jpg 300w, https:\/\/www.tgrthaber.com\/mavikadin\/wp-content\/uploads\/cemre-baysel-dogum-gunu-1-768x432.jpg 768w, https:\/\/www.tgrthaber.com\/mavikadin\/wp-content\/uploads\/cemre-baysel-dogum-gunu-1-1536x864.jpg 1536w, https:\/\/www.tgrthaber.com\/mavikadin\/wp-content\/uploads\/cemre-baysel-dogum-gunu-1.jpg 1600w\" sizes=\"(max-width: 1208px) 100vw, 1208px\" \/><\/p>\n<hr \/>\n<p>Her oynad\u0131\u011f\u0131 diziler de ad\u0131ndan s\u00f6z ettiren Baysel, sosyal medya hesaplar\u0131ndaki aktif payla\u015f\u0131mlar\u0131yla da dikkat \u00e7ekiyor. Bu sefer sosyal medyas\u0131ndan oynad\u0131\u011f\u0131 Leyla dizisi setinden g\u00fczel oyuncuya yap\u0131lan do\u011fum g\u00fcn\u00fc s\u00fcrprizini takip\u00e7ileriyle payla\u015ft\u0131.<\/p>\n<p>O anlar\u0131 sosyal medyas\u0131ndan payla\u015fan oyuncu dizi ve set ekibine te\u015fekk\u00fcrler etti.<\/p>\n<p><img loading=\"lazy\" decoding=\"async\" class=\"wp-image-130945\" src=\"https:\/\/www.tgrthaber.com\/mavikadin\/wp-content\/uploads\/cemre-baysel-dogum-gunu-2-1024x576.jpg\" alt=\"cemre baysel do\u011fum g\u00fcn\u00fc\" width=\"1208\" height=\"680\" title=\"\" srcset=\"https:\/\/www.tgrthaber.com\/mavikadin\/wp-content\/uploads\/cemre-baysel-dogum-gunu-2-1024x576.jpg 1024w, https:\/\/www.tgrthaber.com\/mavikadin\/wp-content\/uploads\/cemre-baysel-dogum-gunu-2-300x169.jpg 300w, https:\/\/www.tgrthaber.com\/mavikadin\/wp-content\/uploads\/cemre-baysel-dogum-gunu-2-768x432.jpg 768w, https:\/\/www.tgrthaber.com\/mavikadin\/wp-content\/uploads\/cemre-baysel-dogum-gunu-2-1536x864.jpg 1536w, https:\/\/www.tgrthaber.com\/mavikadin\/wp-content\/uploads\/cemre-baysel-dogum-gunu-2.jpg 1600w\" sizes=\"(max-width: 1208px) 100vw, 1208px\" \/><\/p>\n<hr \/>\n<h3><strong>CEMRE BAYSEL K\u0130MD\u0130R? <\/strong><\/h3>\n<p>Cemre Baysel 5 \u015eubat 1999 tarihinde \u0130zmir de d\u00fcnyaya geldi. Ege \u00dcniversitesi\u2019nde sanat e\u011fitimi ald\u0131. Televizyona ilk \u00e7\u0131k\u0131\u015f\u0131 2014 y\u0131l\u0131nda yay\u0131nlanan \u201cYe\u015fil Deniz\u201d diziyle oldu. Dizide yard\u0131mc\u0131 rol olan Baysel, 2017 y\u0131l\u0131nda isimsizler dizinde bir s\u00fcre yer ald\u0131. \u015eimdilerde ise NOW TV ekranlar\u0131nda yay\u0131nlanan Leyla: Hayat\u2026 A\u015fk\u2026 Adalet dizisinde ba\u015frol oyuncusudur.<\/p>\n","protected":false},"excerpt":{"rendered":"<p>NOW ekranlar\u0131nda iddial\u0131 yap\u0131mlar\u0131ndan olan Leyla dizisi setinde Cemre Baysel\u2019in do\u011fum g\u00fcn\u00fc kutland\u0131. G\u00fczel oyuncu o anlar\u0131 sosyal medyas\u0131ndan payla\u015ft\u0131.<\/p>\n","protected":false},"author":34,"featured_media":130946,"comment_status":"closed","ping_status":"closed","sticky":false,"template":"","format":"standard","meta":{"rank_math_lock_modified_date":false,"footnotes":""},"categories":[76],"tags":[2520,10292,3033],"class_list":["post-130943","post","type-post","status-publish","format-standard","has-post-thumbnail","hentry","category-magazin","tag-cemre-baysel","tag-cemre-baysel-dogum-gunu","tag-leyla-dizisi"],"_links":{"self":[{"href":"https:\/\/www.tgrthaber.com\/mavikadin\/wp-json\/wp\/v2\/posts\/130943"}],"collection":[{"href":"https:\/\/www.tgrthaber.com\/mavikadin\/wp-json\/wp\/v2\/posts"}],"about":[{"href":"https:\/\/www.tgrthaber.com\/mavikadin\/wp-json\/wp\/v2\/types\/post"}],"author":[{"embeddable":true,"href":"https:\/\/www.tgrthaber.com\/mavikadin\/wp-json\/wp\/v2\/users\/34"}],"replies":[{"embeddable":true,"href":"https:\/\/www.tgrthaber.com\/mavikadin\/wp-json\/wp\/v2\/comments?post=130943"}],"version-history":[{"count":1,"href":"https:\/\/www.tgrthaber.com\/mavikadin\/wp-json\/wp\/v2\/posts\/130943\/revisions"}],"predecessor-version":[{"id":130949,"href":"https:\/\/www.tgrthaber.com\/mavikadin\/wp-json\/wp\/v2\/posts\/130943\/revisions\/130949"}],"wp:featuredmedia":[{"embeddable":true,"href":"https:\/\/www.tgrthaber.com\/mavikadin\/wp-json\/wp\/v2\/media\/130946"}],"wp:attachment":[{"href":"https:\/\/www.tgrthaber.com\/mavikadin\/wp-json\/wp\/v2\/media?parent=130943"}],"wp:term":[{"taxonomy":"category","embeddable":true,"href":"https:\/\/www.tgrthaber.com\/mavikadin\/wp-json\/wp\/v2\/categories?post=130943"},{"taxonomy":"post_tag","embeddable":true,"href":"https:\/\/www.tgrthaber.com\/mavikadin\/wp-json\/wp\/v2\/tags?post=130943"}],"curies":[{"name":"wp","href":"https:\/\/api.w.org\/{rel}","templated":true}]}}