{"id":130947,"date":"2025-02-08T14:32:38","date_gmt":"2025-02-08T11:32:38","guid":{"rendered":"https:\/\/www.tgrthaber.com\/mavikadin\/?p=130947"},"modified":"2025-02-08T14:33:20","modified_gmt":"2025-02-08T11:33:20","slug":"gokce-bahadir-ilk-kez-yapimci-oldu-ehlikeyf-okuma-tiyatrosuyla-geliyor","status":"publish","type":"post","link":"https:\/\/www.tgrthaber.com\/mavikadin\/gokce-bahadir-ilk-kez-yapimci-oldu-ehlikeyf-okuma-tiyatrosuyla-geliyor\/","title":{"rendered":"G\u00f6k\u00e7e Bahad\u0131r ilk kez yap\u0131mc\u0131 oldu! Ehlikeyf okuma tiyatrosuyla geliyor"},"content":{"rendered":"<p>Yaprak D\u00f6k\u00fcm\u00fc, Ufak Tefek Cinayetler, Kul\u00fcp, Kay\u0131p \u015eehir, Hayat Bilgisi gibi projelerde ba\u015frollerde oynayan G\u00f6k\u00e7e Bahad\u0131r ilk kez yap\u0131mc\u0131 oldu.<\/p>\n<p>G\u00f6k\u00e7e Bahad\u0131r\u2019\u0131n yap\u0131mc\u0131 olarak yer ald\u0131\u011f\u0131 &#8216;Ehlikeyf\u2019 adl\u0131 okuma tiyatrosu 18 \u015eubat\u2019da Zorlu-Touche&#8217;de sahnelenecek. Senaristli\u011fini ve y\u00f6netmenli\u011fini Seda \u00d6zelsoy&#8217;un \u00fcstlendi\u011fi &#8216;Ehlikeyf\u2019 adl\u0131 okuma tiyatrosu 10 g\u00fcn sonra izleyicisiyle bulu\u015facak.<\/p>\n<h3>G\u00d6K\u00c7E BAHADIR YAPIMCI OLUYOR<\/h3>\n<p>Kariyerinde bir ilke imza atan G\u00f6k\u00e7e Bahad\u0131r bu kez yap\u0131mc\u0131 oluyor. Oyunculukta g\u00f6sterdi\u011fi performans\u0131 her zaman dikkat \u00e7eken \u00fcnl\u00fc isim &#8216;Ehlikeyf&#8217; adl\u0131 okuma tiyatrosunda yap\u0131mc\u0131 olarak boy g\u00f6sterecek.<\/p>\n<p>Oyuncu kadrosunda G\u00fcl\u00e7in K\u00fclt\u00fcr \u015eahin ve Eren Balkan\u2019\u0131n bulundu\u011fu &#8216;Ehlikeyf\u2019 adl\u0131 okuma tiyatrosunda Mert Ayd\u0131n anlat\u0131c\u0131 olarak izleyicinin kar\u015f\u0131s\u0131nda olacak.<\/p>\n<p><img loading=\"lazy\" decoding=\"async\" class=\"alignnone wp-image-130952\" src=\"https:\/\/www.tgrthaber.com\/mavikadin\/wp-content\/uploads\/1200x627-omer-gokce-bahadir-kimdir-kac-yasinda-nereli-meslegi-ne-gokce-bahadir-boyu-kilosu-burcu-ne-1673171074926.jpeg\" alt=\"\" width=\"1208\" height=\"631\" title=\"\" srcset=\"https:\/\/www.tgrthaber.com\/mavikadin\/wp-content\/uploads\/1200x627-omer-gokce-bahadir-kimdir-kac-yasinda-nereli-meslegi-ne-gokce-bahadir-boyu-kilosu-burcu-ne-1673171074926.jpeg 1200w, https:\/\/www.tgrthaber.com\/mavikadin\/wp-content\/uploads\/1200x627-omer-gokce-bahadir-kimdir-kac-yasinda-nereli-meslegi-ne-gokce-bahadir-boyu-kilosu-burcu-ne-1673171074926-300x157.jpeg 300w, https:\/\/www.tgrthaber.com\/mavikadin\/wp-content\/uploads\/1200x627-omer-gokce-bahadir-kimdir-kac-yasinda-nereli-meslegi-ne-gokce-bahadir-boyu-kilosu-burcu-ne-1673171074926-1024x535.jpeg 1024w, https:\/\/www.tgrthaber.com\/mavikadin\/wp-content\/uploads\/1200x627-omer-gokce-bahadir-kimdir-kac-yasinda-nereli-meslegi-ne-gokce-bahadir-boyu-kilosu-burcu-ne-1673171074926-768x401.jpeg 768w\" sizes=\"(max-width: 1208px) 100vw, 1208px\" \/><\/p>\n<hr \/>\n<h3>G\u00d6K\u00c7E BAHADIR K\u0130MD\u0130R?<\/h3>\n<p>\u0130stanbul\u2019da 9 Kas\u0131m 1981 tarihinde d\u00fcnyaya gelen G\u00f6k\u00e7e Bahad\u0131r, \u0130stanbul \u00dcniversitesi \u0130leti\u015fim Fak\u00fcltesi Radyo ve Televizyon b\u00f6l\u00fcm\u00fcnden sonra M\u00fcjdat Gezen Sanat Merkezi\u2019nde oyunculuk e\u011fitimi ald\u0131.<\/p>\n<p><img loading=\"lazy\" decoding=\"async\" class=\"alignnone wp-image-130950\" src=\"https:\/\/www.tgrthaber.com\/mavikadin\/wp-content\/uploads\/Gokce-Bahadir-2.jpg\" alt=\"\" width=\"1208\" height=\"680\" title=\"\" srcset=\"https:\/\/www.tgrthaber.com\/mavikadin\/wp-content\/uploads\/Gokce-Bahadir-2.jpg 1600w, https:\/\/www.tgrthaber.com\/mavikadin\/wp-content\/uploads\/Gokce-Bahadir-2-300x169.jpg 300w, https:\/\/www.tgrthaber.com\/mavikadin\/wp-content\/uploads\/Gokce-Bahadir-2-1024x576.jpg 1024w, https:\/\/www.tgrthaber.com\/mavikadin\/wp-content\/uploads\/Gokce-Bahadir-2-768x432.jpg 768w, https:\/\/www.tgrthaber.com\/mavikadin\/wp-content\/uploads\/Gokce-Bahadir-2-1536x864.jpg 1536w\" sizes=\"(max-width: 1208px) 100vw, 1208px\" \/><\/p>\n<hr \/>\n<p>Fenerbah\u00e7e FM, Best TV, Show TV gibi radyo ve televizyon kanallar\u0131nda sunuculuk deneyimi bulunan \u00fcnl\u00fc isim daha sonra k\u00fc\u00e7\u00fck roller ald\u0131. Bahad\u0131r\u2019\u0131n tan\u0131n\u0131rl\u0131\u011f\u0131n\u0131 art\u0131ran rol\u00fc ise Hayat Bilgisi dizisindeki T\u00f6rp\u00fc karakteri oldu.<\/p>\n<p><strong>G\u00f6k\u00e7e Bahad\u0131r dizileri ve filmleri:<\/strong><\/p>\n<p>Dedemin \u0130nsanlar\u0131<\/p>\n<p>Kay\u0131p \u015eehir<\/p>\n<p>Hayat Bilgisi<\/p>\n<p>Kul\u00fcp<\/p>\n<p>Yaprak D\u00f6k\u00fcm\u00fc<\/p>\n<p><img loading=\"lazy\" decoding=\"async\" class=\"alignnone wp-image-130951\" src=\"https:\/\/www.tgrthaber.com\/mavikadin\/wp-content\/uploads\/Gokce-Bahadir-3.jpg\" alt=\"\" width=\"1208\" height=\"680\" title=\"\" srcset=\"https:\/\/www.tgrthaber.com\/mavikadin\/wp-content\/uploads\/Gokce-Bahadir-3.jpg 1600w, https:\/\/www.tgrthaber.com\/mavikadin\/wp-content\/uploads\/Gokce-Bahadir-3-300x169.jpg 300w, https:\/\/www.tgrthaber.com\/mavikadin\/wp-content\/uploads\/Gokce-Bahadir-3-1024x576.jpg 1024w, https:\/\/www.tgrthaber.com\/mavikadin\/wp-content\/uploads\/Gokce-Bahadir-3-768x432.jpg 768w, https:\/\/www.tgrthaber.com\/mavikadin\/wp-content\/uploads\/Gokce-Bahadir-3-1536x864.jpg 1536w\" sizes=\"(max-width: 1208px) 100vw, 1208px\" \/><\/p>\n<hr \/>\n<p>Ufak Tefek Cinayetler<\/p>\n<p>Aram\u0131zda Kals\u0131n<\/p>\n<p>A\u015fk Uykusu<\/p>\n<p>Evlilik Hakk\u0131nda Her \u015eey<\/p>\n<p>Kendi Yolumda<\/p>\n","protected":false},"excerpt":{"rendered":"<p>Oyunculuk kariyerindeki performans\u0131yla her zaman dikkat \u00e7eken G\u00f6k\u00e7e Bahad\u0131r bu kez yap\u0131mc\u0131 oldu. Bahad\u0131r\u2019\u0131n yap\u0131mc\u0131 olarak yer alaca\u011f\u0131 &#8216;Ehlikeyf\u2019 adl\u0131 okuma tiyatrosu 10 g\u00fcn sonra sahnelenecek.<\/p>\n","protected":false},"author":5,"featured_media":130948,"comment_status":"closed","ping_status":"closed","sticky":false,"template":"","format":"standard","meta":{"rank_math_lock_modified_date":false,"footnotes":""},"categories":[76],"tags":[10293,6774],"class_list":["post-130947","post","type-post","status-publish","format-standard","has-post-thumbnail","hentry","category-magazin","tag-ehlikeyf","tag-gokce-bahadir"],"_links":{"self":[{"href":"https:\/\/www.tgrthaber.com\/mavikadin\/wp-json\/wp\/v2\/posts\/130947"}],"collection":[{"href":"https:\/\/www.tgrthaber.com\/mavikadin\/wp-json\/wp\/v2\/posts"}],"about":[{"href":"https:\/\/www.tgrthaber.com\/mavikadin\/wp-json\/wp\/v2\/types\/post"}],"author":[{"embeddable":true,"href":"https:\/\/www.tgrthaber.com\/mavikadin\/wp-json\/wp\/v2\/users\/5"}],"replies":[{"embeddable":true,"href":"https:\/\/www.tgrthaber.com\/mavikadin\/wp-json\/wp\/v2\/comments?post=130947"}],"version-history":[{"count":2,"href":"https:\/\/www.tgrthaber.com\/mavikadin\/wp-json\/wp\/v2\/posts\/130947\/revisions"}],"predecessor-version":[{"id":130954,"href":"https:\/\/www.tgrthaber.com\/mavikadin\/wp-json\/wp\/v2\/posts\/130947\/revisions\/130954"}],"wp:featuredmedia":[{"embeddable":true,"href":"https:\/\/www.tgrthaber.com\/mavikadin\/wp-json\/wp\/v2\/media\/130948"}],"wp:attachment":[{"href":"https:\/\/www.tgrthaber.com\/mavikadin\/wp-json\/wp\/v2\/media?parent=130947"}],"wp:term":[{"taxonomy":"category","embeddable":true,"href":"https:\/\/www.tgrthaber.com\/mavikadin\/wp-json\/wp\/v2\/categories?post=130947"},{"taxonomy":"post_tag","embeddable":true,"href":"https:\/\/www.tgrthaber.com\/mavikadin\/wp-json\/wp\/v2\/tags?post=130947"}],"curies":[{"name":"wp","href":"https:\/\/api.w.org\/{rel}","templated":true}]}}