{"id":130958,"date":"2025-02-08T15:52:37","date_gmt":"2025-02-08T12:52:37","guid":{"rendered":"https:\/\/www.tgrthaber.com\/mavikadin\/?p=130958"},"modified":"2025-02-08T15:52:37","modified_gmt":"2025-02-08T12:52:37","slug":"masterchef-yarismacisi-erim-sanal-sevenlerini-korkuttu-henuz-kimsenin-bilmedigi-bir-haberim-var","status":"publish","type":"post","link":"https:\/\/www.tgrthaber.com\/mavikadin\/masterchef-yarismacisi-erim-sanal-sevenlerini-korkuttu-henuz-kimsenin-bilmedigi-bir-haberim-var\/","title":{"rendered":"Masterchef yar\u0131\u015fmac\u0131s\u0131 Erim \u015eanal sevenlerini korkuttu! &#8220;Hen\u00fcz kimsenin bilmedi\u011fi bir haberim var&#8221;"},"content":{"rendered":"<p>TV8 kanal\u0131nda yay\u0131nlanan MasterChef T\u00fcrkiye program\u0131n\u0131n bu sezonunda \u015fampiyonlu\u011fa ramak kala alt\u0131nc\u0131 olarak yar\u0131\u015fmadan ayr\u0131lan Erim \u015eanal, aktif kulland\u0131\u011f\u0131 Instagram hesab\u0131ndan takip\u00e7ilerine yapt\u0131\u011f\u0131 payla\u015f\u0131m ile g\u00fcndem oldu.<\/p>\n<h3>BACA\u011eINI KIRAN ER\u0130M \u015eANAL, SA\u011eLIK DURUMUNU A\u00c7IKLADI<\/h3>\n<p>Masterchef yar\u0131\u015fmac\u0131s\u0131 Erim \u015eanal baca\u011f\u0131n\u0131n k\u0131r\u0131ld\u0131\u011f\u0131n\u0131 payla\u015ft\u0131\u011f\u0131 g\u00f6nderide duyurur iken ve sa\u011fl\u0131k durumu hakk\u0131nda \u015fu ifadelerde bulundu:<\/p>\n<p><img loading=\"lazy\" decoding=\"async\" class=\"alignnone wp-image-130968\" src=\"https:\/\/www.tgrthaber.com\/mavikadin\/wp-content\/uploads\/tt-9.png\" alt=\"\" width=\"1208\" height=\"812\" title=\"\" srcset=\"https:\/\/www.tgrthaber.com\/mavikadin\/wp-content\/uploads\/tt-9.png 806w, https:\/\/www.tgrthaber.com\/mavikadin\/wp-content\/uploads\/tt-9-300x202.png 300w, https:\/\/www.tgrthaber.com\/mavikadin\/wp-content\/uploads\/tt-9-768x516.png 768w\" sizes=\"(max-width: 1208px) 100vw, 1208px\" \/><\/p>\n<hr \/>\n<p>&#8220;Hen\u00fcz kimsenin bilmedi\u011fi k\u00fc\u00e7\u00fck bir haberim var: Baca\u011f\u0131m\u0131 k\u0131rd\u0131m! Ama panik yok, \u00e7\u00fcnk\u00fc bekledi\u011finiz gibi ac\u0131lar i\u00e7inde k\u0131vranm\u0131yorum. Diz kapa\u011f\u0131m\u0131n alt k\u0131sm\u0131nda, i\u00e7 tarafta k\u00fc\u00e7\u00fck bir k\u0131r\u0131k var ve bu y\u00fczden al\u00e7\u0131ya almak zorunda kald\u0131k.<\/p>\n<p>Erzurum tatilini organize eden ki\u015fi olarak, hi\u00e7bir arkada\u015f\u0131m\u0131n ba\u015f\u0131na bir i\u015f a\u00e7may\u0131p sadece kendi ba\u015f\u0131ma i\u015f a\u00e7may\u0131 ba\u015fard\u0131\u011f\u0131m i\u00e7in kendimi ayr\u0131ca tebrik ediyorum!<\/p>\n<p>Barda\u011f\u0131n her zaman dolu taraf\u0131ndan bakan biri olarak, daha b\u00fcy\u00fck bir kaza ya\u015fanmad\u0131\u011f\u0131 i\u00e7in inan\u0131lmaz mutluyum! Evet, k\u00fc\u00e7\u00fck bir k\u0131r\u0131k var ve al\u00e7\u0131ya almak zorunda kald\u0131k ama moralim yerinde. \u015eimdilik bana bolca ge\u00e7mi\u015f olsun dile\u011fi g\u00f6nderebilirsiniz!&#8221;<\/p>\n<h3>MASTERCHEF BEYZA \u0130LE ONUR&#8217;DAN BACA\u011eINI KIRAN ER\u0130M&#8217;E Z\u0130YARET!<\/h3>\n<p>Masterchef tak\u0131m arkada\u015flar\u0131ndan Beyza da sosyal medya hesab\u0131nda Onur \u00dcresin ile \u015eanal&#8217;\u0131 ziyarette bulundu\u011fu anlar\u0131 yay\u0131nlad\u0131. Baca\u011f\u0131n\u0131 k\u0131ran yar\u0131\u015fmac\u0131 Erim i\u00e7in g\u00f6nderisine, &#8220;K\u00fc\u00e7\u00fck bir k\u0131r\u0131\u011f\u0131 var bol bol dua edin de \u00e7abuk iyile\u015fsin can\u0131m arkada\u015f\u0131m, onsuz e\u011flenemiyoruz&#8221; notunu d\u00fc\u015ft\u00fc.<\/p>\n<h3>MASTERCHEF YARI\u015eMACISI ER\u0130M \u015eANAL KISACA K\u0130MD\u0130R?<\/h3>\n<p>Erzincanl\u0131 olan Erim \u015eanal, yar\u0131\u015fmaya \u0130stanbul&#8217;dan kat\u0131lm\u0131\u015ft\u0131r. 23 ya\u015f\u0131nda olup bug\u00fcne kadar hi\u00e7 evlenmemi\u015f olan Erim \u015eanal, gen\u00e7 ya\u015f\u0131na ra\u011fmen mutfak alan\u0131nda sergiledi\u011fi \u00fcst\u00fcn kabiliyet ve merak\u0131yla izleyicilerin dikkatini \u00fczerine \u00e7ekmeyi ba\u015farm\u0131\u015ft\u0131r.<\/p>\n<p>Yar\u0131\u015fman\u0131n ilk turunda soslu levrek ile \u00fc\u00e7 \u015feften de \u00fc\u00e7 evet alan Erim, ikinci turda Muhammed ve Kadir ile bir araya gelmi\u015f ve d\u00fcellolar\u0131 ba\u015far\u0131l\u0131 bir \u015fekilde bitirmi\u015fti.<\/p>\n<p><img loading=\"lazy\" decoding=\"async\" class=\"alignnone wp-image-130969\" src=\"https:\/\/www.tgrthaber.com\/mavikadin\/wp-content\/uploads\/fde.png\" alt=\"\" width=\"1208\" height=\"858\" title=\"\" srcset=\"https:\/\/www.tgrthaber.com\/mavikadin\/wp-content\/uploads\/fde.png 811w, https:\/\/www.tgrthaber.com\/mavikadin\/wp-content\/uploads\/fde-300x213.png 300w, https:\/\/www.tgrthaber.com\/mavikadin\/wp-content\/uploads\/fde-768x545.png 768w\" sizes=\"(max-width: 1208px) 100vw, 1208px\" \/><\/p>\n<hr \/>\n<p>&nbsp;<\/p>\n","protected":false},"excerpt":{"rendered":"<p>Erzurum&#8217;a kayak tatili yapmaya giden Masterchef yar\u0131\u015fmac\u0131s\u0131 Erim \u015eanal, baca\u011f\u0131n\u0131 k\u0131rd\u0131\u011f\u0131n\u0131 ve son sa\u011fl\u0131k durumunu sosyal medya hesab\u0131ndan yay\u0131nlad\u0131.<\/p>\n","protected":false},"author":27,"featured_media":130967,"comment_status":"closed","ping_status":"closed","sticky":false,"template":"","format":"standard","meta":{"rank_math_lock_modified_date":false,"footnotes":""},"categories":[76],"tags":[5777,1120,4298],"class_list":["post-130958","post","type-post","status-publish","format-standard","has-post-thumbnail","hentry","category-magazin","tag-erim-sanal","tag-masterchef","tag-masterchef-erim-sanal"],"_links":{"self":[{"href":"https:\/\/www.tgrthaber.com\/mavikadin\/wp-json\/wp\/v2\/posts\/130958"}],"collection":[{"href":"https:\/\/www.tgrthaber.com\/mavikadin\/wp-json\/wp\/v2\/posts"}],"about":[{"href":"https:\/\/www.tgrthaber.com\/mavikadin\/wp-json\/wp\/v2\/types\/post"}],"author":[{"embeddable":true,"href":"https:\/\/www.tgrthaber.com\/mavikadin\/wp-json\/wp\/v2\/users\/27"}],"replies":[{"embeddable":true,"href":"https:\/\/www.tgrthaber.com\/mavikadin\/wp-json\/wp\/v2\/comments?post=130958"}],"version-history":[{"count":2,"href":"https:\/\/www.tgrthaber.com\/mavikadin\/wp-json\/wp\/v2\/posts\/130958\/revisions"}],"predecessor-version":[{"id":130971,"href":"https:\/\/www.tgrthaber.com\/mavikadin\/wp-json\/wp\/v2\/posts\/130958\/revisions\/130971"}],"wp:featuredmedia":[{"embeddable":true,"href":"https:\/\/www.tgrthaber.com\/mavikadin\/wp-json\/wp\/v2\/media\/130967"}],"wp:attachment":[{"href":"https:\/\/www.tgrthaber.com\/mavikadin\/wp-json\/wp\/v2\/media?parent=130958"}],"wp:term":[{"taxonomy":"category","embeddable":true,"href":"https:\/\/www.tgrthaber.com\/mavikadin\/wp-json\/wp\/v2\/categories?post=130958"},{"taxonomy":"post_tag","embeddable":true,"href":"https:\/\/www.tgrthaber.com\/mavikadin\/wp-json\/wp\/v2\/tags?post=130958"}],"curies":[{"name":"wp","href":"https:\/\/api.w.org\/{rel}","templated":true}]}}