{"id":130959,"date":"2025-02-08T15:46:22","date_gmt":"2025-02-08T12:46:22","guid":{"rendered":"https:\/\/www.tgrthaber.com\/mavikadin\/?p=130959"},"modified":"2025-02-08T15:54:53","modified_gmt":"2025-02-08T12:54:53","slug":"bir-zamanlar-istanbul-dizisi-ali-cihangir-ceyhan-kimdir-oyuncunun-kariyeri-ve-yasi-arastiriliyor","status":"publish","type":"post","link":"https:\/\/www.tgrthaber.com\/mavikadin\/bir-zamanlar-istanbul-dizisi-ali-cihangir-ceyhan-kimdir-oyuncunun-kariyeri-ve-yasi-arastiriliyor\/","title":{"rendered":"Bir Zamanlar \u0130stanbul dizisinin Ali&#8217;si Cihangir Ceyhan kimdir? Oyuncunun kariyeri ve ya\u015f\u0131 ara\u015ft\u0131r\u0131l\u0131yor"},"content":{"rendered":"<p>TRT 1\u2019in yeni dizisi Bir Zamanlar \u0130stanbul 7 \u015eubat Cuma ak\u015fam\u0131 ilk b\u00f6l\u00fcm\u00fc ile izleyici kar\u015f\u0131s\u0131na \u00e7\u0131kt\u0131. 1990\u2019l\u0131 y\u0131llar\u0131n \u0130stanbul\u2019unu anlatan dizinin ba\u015frollerini Cihangir Ceyhan ve Alina Boz payla\u015f\u0131yor. Dizinin ekran kar\u015f\u0131s\u0131na \u00e7\u0131kmas\u0131ndan sonra oyuncular\u0131n kariyerleri de merak edilmeye ba\u015fland\u0131. Peki, ba\u015frol oyuncusu olan Cihangir Ceyhan kimdir? Oyuncunun kariyeri ve ya\u015f\u0131 ara\u015ft\u0131r\u0131l\u0131yor\u2026<\/p>\n<hr \/>\n<p>Dizide Edebiyat Fak\u00fcltesi\u2019nde okuyan ve \u00f6\u011fretmen olmay\u0131 ama\u00e7layan Ali\u2019nin, ailesinin u\u011frad\u0131\u011f\u0131 sald\u0131r\u0131 sonucu de\u011fi\u015fen hayat\u0131n\u0131 ve geli\u015fen olaylar\u0131 anlat\u0131yor. Seher (Alina Boz),\u00a0 Ali\u2019nin yan\u0131nda durarak en b\u00fcy\u00fck destek\u00e7isi olacak.<\/p>\n<h3><strong>C\u0130HANG\u0130R CEYHAN K\u0130MD\u0130R<\/strong><\/h3>\n<p>Ba\u015far\u0131l\u0131 oyuncu Cihangir Ceyhan, 6 \u015eubat tarihinde Adana\u2019da d\u00fcnyaya geldi. Ailenin en k\u00fc\u00e7\u00fck \u00e7ocu\u011fudur. Aslen Elaz\u0131\u011fl\u0131 olan Ceyhan, Anadolu \u00dcniversitesi\u2019nde \u0130\u015fletme Fak\u00fcltesi\u2019nden mezun olmu\u015ftur. E\u011fitimini tamamlad\u0131ktan sonra \u0130stanbul\u2019a gelen Ceyhan burada iki y\u0131l oyunculuk e\u011fitimi ald\u0131. \u0130lk oyunculuk deneyimini 2015 y\u0131l\u0131nda \u2018Yusuf\u2019 adl\u0131 sinema filminde deneyimledi.<\/p>\n<p><img loading=\"lazy\" decoding=\"async\" class=\"wp-image-130961\" src=\"https:\/\/www.tgrthaber.com\/mavikadin\/wp-content\/uploads\/cihangir-ceyhan-1-1024x576.jpg\" alt=\"cihangir ceyhan\" width=\"1208\" height=\"680\" title=\"\" srcset=\"https:\/\/www.tgrthaber.com\/mavikadin\/wp-content\/uploads\/cihangir-ceyhan-1-1024x576.jpg 1024w, https:\/\/www.tgrthaber.com\/mavikadin\/wp-content\/uploads\/cihangir-ceyhan-1-300x169.jpg 300w, https:\/\/www.tgrthaber.com\/mavikadin\/wp-content\/uploads\/cihangir-ceyhan-1-768x432.jpg 768w, https:\/\/www.tgrthaber.com\/mavikadin\/wp-content\/uploads\/cihangir-ceyhan-1-1536x864.jpg 1536w, https:\/\/www.tgrthaber.com\/mavikadin\/wp-content\/uploads\/cihangir-ceyhan-1.jpg 1600w\" sizes=\"(max-width: 1208px) 100vw, 1208px\" \/><\/p>\n<hr \/>\n<p>2016-2019 y\u0131llar\u0131 aras\u0131nda \u00f6nceleri \u2018YouTube\u2019 da yay\u0131nlanan sonralar\u0131 \u2018BluTv\u2019 ye ge\u00e7en \u201cS\u0131f\u0131r Bir\u201d dizisindi \u2018Cio\u2019 karakteriyle dikkatleri \u00fczerine \u00e7ekti. 2019-2020 y\u0131llar\u0131nda ise Show TV\u2019de yay\u0131nlanan \u201c\u00c7ukur\u201d Adl\u0131 dizide \u2018Azer Kurtulu\u015f\u2019 karakteriyle rol ald\u0131. Burada televizyon d\u00fcnyas\u0131na ad\u0131n\u0131 tam anlam\u0131yla duyurdu ve son olarak Kanal D ekranlar\u0131nda yay\u0131nlanan \u201cCamdaki K\u0131z\u201d dizisiyle ekranlara gelmi\u015fti.<\/p>\n<p><img loading=\"lazy\" decoding=\"async\" class=\"wp-image-130960\" src=\"https:\/\/www.tgrthaber.com\/mavikadin\/wp-content\/uploads\/cihangir-ceyhan-3-1024x576.jpg\" alt=\"cihangir ceyhan\" width=\"1208\" height=\"680\" title=\"\" srcset=\"https:\/\/www.tgrthaber.com\/mavikadin\/wp-content\/uploads\/cihangir-ceyhan-3-1024x576.jpg 1024w, https:\/\/www.tgrthaber.com\/mavikadin\/wp-content\/uploads\/cihangir-ceyhan-3-300x169.jpg 300w, https:\/\/www.tgrthaber.com\/mavikadin\/wp-content\/uploads\/cihangir-ceyhan-3-768x432.jpg 768w, https:\/\/www.tgrthaber.com\/mavikadin\/wp-content\/uploads\/cihangir-ceyhan-3-1536x864.jpg 1536w, https:\/\/www.tgrthaber.com\/mavikadin\/wp-content\/uploads\/cihangir-ceyhan-3.jpg 1600w\" sizes=\"(max-width: 1208px) 100vw, 1208px\" \/><\/p>\n<hr \/>\n<h3><strong>C\u0130HANG\u0130R CEYHAN OYNADI\u011eI D\u0130Z\u0130 VE F\u0130LMLER<\/strong><\/h3>\n<p>\u00c7ukur (Azer Kurtlu\u015f)<\/p>\n<p>Alev Alev (\u00d6mer)<\/p>\n<p>Camdaki K\u0131z (Hayri Ersoy)<\/p>\n<p>S\u0131f\u0131r Bir (Cio)<\/p>\n<p>Asaf (Asaf)<\/p>\n<p>K\u00fcbra<\/p>\n<p>Yusuf (Serdar)<\/p>\n<p>Dengeler (Ferit Kamac\u0131)<\/p>\n","protected":false},"excerpt":{"rendered":"<p>TRT 1\u2019in yeni dizisi Bir Zamanlar \u0130stanbul 7 \u015eubat Cuma ak\u015fam\u0131 ilk b\u00f6l\u00fcm\u00fc ile izleyici kar\u015f\u0131s\u0131na \u00e7\u0131kt\u0131. Peki, ba\u015frol oyuncusu olan Cihangir Ceyhan kimdir? Oyuncunun kariyeri ve ya\u015f\u0131 ara\u015ft\u0131r\u0131l\u0131yor\u2026<\/p>\n","protected":false},"author":34,"featured_media":130962,"comment_status":"closed","ping_status":"closed","sticky":false,"template":"","format":"standard","meta":{"rank_math_lock_modified_date":false,"footnotes":""},"categories":[491],"tags":[3135,10225,2652],"class_list":["post-130959","post","type-post","status-publish","format-standard","has-post-thumbnail","hentry","category-biyografi","tag-bir-zamanlar-istanbul","tag-bir-zamanlar-istanbul-dizisi-cihangir-ceyhan","tag-cihangir-ceyhan"],"_links":{"self":[{"href":"https:\/\/www.tgrthaber.com\/mavikadin\/wp-json\/wp\/v2\/posts\/130959"}],"collection":[{"href":"https:\/\/www.tgrthaber.com\/mavikadin\/wp-json\/wp\/v2\/posts"}],"about":[{"href":"https:\/\/www.tgrthaber.com\/mavikadin\/wp-json\/wp\/v2\/types\/post"}],"author":[{"embeddable":true,"href":"https:\/\/www.tgrthaber.com\/mavikadin\/wp-json\/wp\/v2\/users\/34"}],"replies":[{"embeddable":true,"href":"https:\/\/www.tgrthaber.com\/mavikadin\/wp-json\/wp\/v2\/comments?post=130959"}],"version-history":[{"count":5,"href":"https:\/\/www.tgrthaber.com\/mavikadin\/wp-json\/wp\/v2\/posts\/130959\/revisions"}],"predecessor-version":[{"id":130965,"href":"https:\/\/www.tgrthaber.com\/mavikadin\/wp-json\/wp\/v2\/posts\/130959\/revisions\/130965"}],"wp:featuredmedia":[{"embeddable":true,"href":"https:\/\/www.tgrthaber.com\/mavikadin\/wp-json\/wp\/v2\/media\/130962"}],"wp:attachment":[{"href":"https:\/\/www.tgrthaber.com\/mavikadin\/wp-json\/wp\/v2\/media?parent=130959"}],"wp:term":[{"taxonomy":"category","embeddable":true,"href":"https:\/\/www.tgrthaber.com\/mavikadin\/wp-json\/wp\/v2\/categories?post=130959"},{"taxonomy":"post_tag","embeddable":true,"href":"https:\/\/www.tgrthaber.com\/mavikadin\/wp-json\/wp\/v2\/tags?post=130959"}],"curies":[{"name":"wp","href":"https:\/\/api.w.org\/{rel}","templated":true}]}}