{"id":130976,"date":"2025-02-08T16:39:15","date_gmt":"2025-02-08T13:39:15","guid":{"rendered":"https:\/\/www.tgrthaber.com\/mavikadin\/?p=130976"},"modified":"2025-02-08T16:39:15","modified_gmt":"2025-02-08T13:39:15","slug":"sinem-kobalin-ailesiyle-maldivler-tatili-maldivlerden-kizlariyla-pozlari-buyuk-ilgi-gordu","status":"publish","type":"post","link":"https:\/\/www.tgrthaber.com\/mavikadin\/sinem-kobalin-ailesiyle-maldivler-tatili-maldivlerden-kizlariyla-pozlari-buyuk-ilgi-gordu\/","title":{"rendered":"Sinem Kobal&#8217;\u0131n ailesiyle Maldivler tatili! Maldivler&#8217;den k\u0131zlar\u0131yla pozlar\u0131 b\u00fcy\u00fck ilgi g\u00f6rd\u00fc"},"content":{"rendered":"<p>Uzun s\u00fcredir ekranlardan uzak olan ba\u015far\u0131l\u0131 oyuncu Sinem Kobal ailesiyle Maldivler&#8217;de tatil yapt\u0131. E\u015fi Kenan \u0130mirzal\u0131o\u011flu ve k\u0131zlar\u0131 Leyla ile Lalin ile birlikte Maldivler&#8217;de keyifli tatil ge\u00e7iren Kobal, bu anlar\u0131 sosyal medya hesab\u0131ndan payla\u015ft\u0131. Yapt\u0131\u011f\u0131 payla\u015f\u0131ma binlerce yorum ve be\u011feni ald\u0131.<\/p>\n<h3>S\u0130NEM KOBAL&#8217;IN MALD\u0130VLER TAT\u0130L\u0130<\/h3>\n<p>2016\u00a0 y\u0131l\u0131nda Kenan \u0130mirzal\u0131o\u011flu ile evlenen Kobal 7 y\u0131l\u0131n ard\u0131ndan\u00a0 Her \u015eeyin Ba\u015f\u0131 Merk\u00fcr filmiyle ekranlara geri d\u00f6nm\u00fc\u015ft\u00fc. Bu evlili\u011finde iki k\u0131z\u0131 d\u00fcnyaya gelmi\u015f, 2020 y\u0131l\u0131nda Lalin ve 2022 y\u0131l\u0131nda ise Leyla do\u011fmu\u015ftu. Kobal, evlendikten sonra ekranlardan uzun s\u00fcre uzak kalm\u0131\u015ft\u0131.<\/p>\n<p><img loading=\"lazy\" decoding=\"async\" class=\"alignnone wp-image-130979\" src=\"https:\/\/www.tgrthaber.com\/mavikadin\/wp-content\/uploads\/2-87.png\" alt=\"\" width=\"1208\" height=\"680\" title=\"\" srcset=\"https:\/\/www.tgrthaber.com\/mavikadin\/wp-content\/uploads\/2-87.png 1280w, https:\/\/www.tgrthaber.com\/mavikadin\/wp-content\/uploads\/2-87-300x169.png 300w, https:\/\/www.tgrthaber.com\/mavikadin\/wp-content\/uploads\/2-87-1024x576.png 1024w, https:\/\/www.tgrthaber.com\/mavikadin\/wp-content\/uploads\/2-87-768x432.png 768w\" sizes=\"(max-width: 1208px) 100vw, 1208px\" \/><\/p>\n<hr \/>\n<h3>SOSYAL MEDYADA B\u0130NLERCE BE\u011eEN\u0130 ALDI<\/h3>\n<p>\u00c7iftin k\u0131zlar\u0131yla birlikte Maldivler&#8217;deki tatil pozlar\u0131 b\u00fcy\u00fck ilgi g\u00f6rd\u00fc. K\u0131zlar\u0131n\u0131n b\u00fcy\u00fcd\u00fc\u011f\u00fc ise g\u00f6zlerden ka\u00e7mad\u0131.<\/p>\n<p><img loading=\"lazy\" decoding=\"async\" class=\"alignnone wp-image-130982\" src=\"https:\/\/www.tgrthaber.com\/mavikadin\/wp-content\/uploads\/4-67.png\" alt=\"\" width=\"1208\" height=\"680\" title=\"\" srcset=\"https:\/\/www.tgrthaber.com\/mavikadin\/wp-content\/uploads\/4-67.png 1280w, https:\/\/www.tgrthaber.com\/mavikadin\/wp-content\/uploads\/4-67-300x169.png 300w, https:\/\/www.tgrthaber.com\/mavikadin\/wp-content\/uploads\/4-67-1024x576.png 1024w, https:\/\/www.tgrthaber.com\/mavikadin\/wp-content\/uploads\/4-67-768x432.png 768w\" sizes=\"(max-width: 1208px) 100vw, 1208px\" \/><\/p>\n<hr \/>\n<p>Sinem Kobal ge\u00e7ti\u011fimiz y\u0131l ise bir dijital bankan\u0131n reklam y\u00fcz\u00fc olmu\u015ftu. Ekranlara hem film hem de reklam filmleriyle d\u00f6nen Kobal, \u015fimdilerde ise bir giyim markas\u0131n\u0131n kampanya y\u00fcz\u00fc oldu. Markayla bir y\u0131ll\u0131k anla\u015fma yapan Kobal, ilk reklam ve foto\u011fraf \u00e7ekimini B\u00fcy\u00fckada&#8217;da yapm\u0131\u015ft\u0131.<\/p>\n<p><img loading=\"lazy\" decoding=\"async\" class=\"alignnone wp-image-130980\" src=\"https:\/\/www.tgrthaber.com\/mavikadin\/wp-content\/uploads\/3-89.png\" alt=\"\" width=\"1208\" height=\"680\" title=\"\" srcset=\"https:\/\/www.tgrthaber.com\/mavikadin\/wp-content\/uploads\/3-89.png 1280w, https:\/\/www.tgrthaber.com\/mavikadin\/wp-content\/uploads\/3-89-300x169.png 300w, https:\/\/www.tgrthaber.com\/mavikadin\/wp-content\/uploads\/3-89-1024x576.png 1024w, https:\/\/www.tgrthaber.com\/mavikadin\/wp-content\/uploads\/3-89-768x432.png 768w\" sizes=\"(max-width: 1208px) 100vw, 1208px\" \/><\/p>\n<hr \/>\n<h3>S\u0130NEM KOBAL K\u0130MD\u0130R?<\/h3>\n<p>14 A\u011fustos 1987 \u0130stanbul do\u011fumlu Sinem Kobal in\u015faat m\u00fchendisi bir baba ve ev han\u0131m\u0131 bir annenin ilk \u00e7ocu\u011fudur. Okula ba\u015flamadan \u00f6nce bale e\u011fitimi alm\u0131\u015f, 8 y\u0131l boyunca bale e\u011fitimine devam etmi\u015f. Hen\u00fcz 13 ya\u015f\u0131ndayken Dad\u0131 dizisinde oynayarak oyunculuk kariyerine ba\u015flad\u0131.<\/p>\n<p><img loading=\"lazy\" decoding=\"async\" class=\"alignnone wp-image-130978\" src=\"https:\/\/www.tgrthaber.com\/mavikadin\/wp-content\/uploads\/1-82.png\" alt=\"\" width=\"1208\" height=\"680\" title=\"\" srcset=\"https:\/\/www.tgrthaber.com\/mavikadin\/wp-content\/uploads\/1-82.png 1280w, https:\/\/www.tgrthaber.com\/mavikadin\/wp-content\/uploads\/1-82-300x169.png 300w, https:\/\/www.tgrthaber.com\/mavikadin\/wp-content\/uploads\/1-82-1024x576.png 1024w, https:\/\/www.tgrthaber.com\/mavikadin\/wp-content\/uploads\/1-82-768x432.png 768w\" sizes=\"(max-width: 1208px) 100vw, 1208px\" \/><\/p>\n<hr \/>\n<p>2006-2009 y\u0131llar\u0131 aras\u0131nda rol ald\u0131\u011f\u0131 Selena dizisinde pop\u00fclariteyi yakalam\u0131\u015f, dikkatleri \u00fczerine \u00e7ekmi\u015fti. 2010 senesi yaz\u0131nda ise K\u00fc\u00e7\u00fck S\u0131rlar adl\u0131 diziyle Su karakterini oynam\u0131\u015ft\u0131r. Bir\u00e7ok projede yer alarak ba\u015far\u0131l\u0131 oyunculu\u011fundan s\u00f6z ettiren Kobal, 2016 y\u0131l\u0131nda Kenan \u0130mirzal\u0131o\u011flu ile hayat\u0131n\u0131 birle\u015ftirdi. \u00c7iftin bu evlili\u011finden iki k\u0131zlar\u0131 bulunuyor.<\/p>\n","protected":false},"excerpt":{"rendered":"<p>Uzun s\u00fcredir ekranlardan uzak olan ba\u015far\u0131l\u0131 ve g\u00fczel oyuncu Sinem Kobal&#8217;\u0131n Maldivler tatil payla\u015f\u0131mlar\u0131 g\u00fcndem oldu. 2020 VE 2022 y\u0131llar\u0131nda k\u0131zlar\u0131 Lalin ve Leyla&#8217;y\u0131 kuca\u011f\u0131na alan g\u00fczel oyuncu ailesiyle ilgileniyordu. Son payla\u015f\u0131m\u0131yla k\u0131zlar\u0131n\u0131n da b\u00fcy\u00fcd\u00fc\u011f\u00fc g\u00f6zlerden ka\u00e7mayan \u00e7iftin sosyal medya payla\u015f\u0131mlar\u0131na binlerce be\u011feni ve yorum ya\u011fd\u0131. \u0130\u015fte Sinem Kobal&#8217;\u0131n ailesiyle Maldivler tatil pozlar\u0131&#8230;<\/p>\n","protected":false},"author":28,"featured_media":130983,"comment_status":"closed","ping_status":"closed","sticky":false,"template":"","format":"standard","meta":{"rank_math_lock_modified_date":false,"footnotes":""},"categories":[76],"tags":[3163,2726,10296],"class_list":["post-130976","post","type-post","status-publish","format-standard","has-post-thumbnail","hentry","category-magazin","tag-kenan-imirzalioglu","tag-sinem-kobal","tag-sinem-kobal-kizlari"],"_links":{"self":[{"href":"https:\/\/www.tgrthaber.com\/mavikadin\/wp-json\/wp\/v2\/posts\/130976"}],"collection":[{"href":"https:\/\/www.tgrthaber.com\/mavikadin\/wp-json\/wp\/v2\/posts"}],"about":[{"href":"https:\/\/www.tgrthaber.com\/mavikadin\/wp-json\/wp\/v2\/types\/post"}],"author":[{"embeddable":true,"href":"https:\/\/www.tgrthaber.com\/mavikadin\/wp-json\/wp\/v2\/users\/28"}],"replies":[{"embeddable":true,"href":"https:\/\/www.tgrthaber.com\/mavikadin\/wp-json\/wp\/v2\/comments?post=130976"}],"version-history":[{"count":2,"href":"https:\/\/www.tgrthaber.com\/mavikadin\/wp-json\/wp\/v2\/posts\/130976\/revisions"}],"predecessor-version":[{"id":130991,"href":"https:\/\/www.tgrthaber.com\/mavikadin\/wp-json\/wp\/v2\/posts\/130976\/revisions\/130991"}],"wp:featuredmedia":[{"embeddable":true,"href":"https:\/\/www.tgrthaber.com\/mavikadin\/wp-json\/wp\/v2\/media\/130983"}],"wp:attachment":[{"href":"https:\/\/www.tgrthaber.com\/mavikadin\/wp-json\/wp\/v2\/media?parent=130976"}],"wp:term":[{"taxonomy":"category","embeddable":true,"href":"https:\/\/www.tgrthaber.com\/mavikadin\/wp-json\/wp\/v2\/categories?post=130976"},{"taxonomy":"post_tag","embeddable":true,"href":"https:\/\/www.tgrthaber.com\/mavikadin\/wp-json\/wp\/v2\/tags?post=130976"}],"curies":[{"name":"wp","href":"https:\/\/api.w.org\/{rel}","templated":true}]}}