{"id":131009,"date":"2025-02-08T19:27:43","date_gmt":"2025-02-08T16:27:43","guid":{"rendered":"https:\/\/www.tgrthaber.com\/mavikadin\/?p=131009"},"modified":"2025-02-08T19:27:51","modified_gmt":"2025-02-08T16:27:51","slug":"uzak-sehir-dizisinin-kayasi-atakan-ozkaya-nasil-kesfedildigini-anlatti","status":"publish","type":"post","link":"https:\/\/www.tgrthaber.com\/mavikadin\/uzak-sehir-dizisinin-kayasi-atakan-ozkaya-nasil-kesfedildigini-anlatti\/","title":{"rendered":"&#8216;Uzak \u015eehir&#8217; dizisinin Kaya&#8217;s\u0131 Atakan \u00d6zkaya nas\u0131l ke\u015ffedildi\u011fini anlatt\u0131!"},"content":{"rendered":"<p>Kanal D&#8217;nin fenomen dizisi &#8216;Uzak \u015eehir&#8217;de &#8216;Kaya&#8217; karakterini oynayan gen\u00e7 oyuncu Atakan \u00d6zkaya, verdi\u011fi bir rop\u00f6rtajda hem \u00f6zel hayat\u0131 ile ilgili hem de dizideki ba\u015frol karakterlerden olan Ozan Akbaba ile Sinem \u00dcnsal&#8217;a \u00f6vg\u00fc dolu s\u00f6zlerde bulundu.<\/p>\n<p>Her pazartesi saat 20.00&#8217;da Kanal D ekranlar\u0131nda yay\u0131nlanarak reyting rekorlar\u0131 k\u0131rmay\u0131 ba\u015faran dizide &#8216;Kaya&#8217; rol\u00fcn\u00fc \u00fcstlenen oyuncu Atakan \u00d6zkaya, bu dizideki oynad\u0131\u011f\u0131 karakter sayesinde sosyal medyada rekora ko\u015fuyor.<\/p>\n<p>Daha \u015fimdiden takip\u00e7isi say\u0131s\u0131 1 milyonu a\u015fan oyuncu hakk\u0131nda merak edilenleri ve bilinmeyen y\u00f6nlerini aktard\u0131.<\/p>\n<h3>&#8216;UZAK \u015eEH\u0130R&#8217; D\u0130Z\u0130S\u0130N\u0130N KAYA&#8217;SI ATAKAN \u00d6ZKAYA&#8217;NIN KE\u015eFED\u0130LME H\u0130KAYES\u0130!<\/h3>\n<p>Nas\u0131l ke\u015ffedildi\u011finden bahseden yetenekli oyuncu Atakan \u00d6zkaya, &#8220;Okuldayken g\u00f6r\u00fc\u015fmeler yap\u0131yordum, \u00fcniversite \u00fc\u00e7\u00fcnc\u00fc s\u0131n\u0131fta bir tiyatro teklifi geldi. Ailem ilk defa izledi beni ve onun b\u00fcy\u00fcs\u00fcnden \u00e7ok etkilendim. \u201cBen oynayabiliyorum\u201d dedim. Kendimi kamera \u00f6n\u00fcnde de g\u00f6rmek istiyordum.&#8221; ifadelerinde bulundu.<\/p>\n<h3>ATAKAN \u00d6ZKAYA: &#8220;MARD\u0130N \u015e\u0130VEM G\u00d6ZLEMLERLE GELEN B\u0130R \u015eEY&#8221;<\/h3>\n<p>Verdi\u011fi bir rop\u00f6rtajda asl\u0131nda do\u011fulu olmad\u0131\u011f\u0131n\u0131 ama do\u011fu \u015fivesini edindi\u011fi g\u00f6zlemler sonucunda elde etti\u011fini belirterek, &#8220;\u0130zleyiciler Mardinli olmay\u0131 yak\u0131\u015ft\u0131rd\u0131lar bana. Mardin \u015fivem de sadece g\u00f6zlemlerle gelen bir \u015fey. Afyonkarahisarl\u0131y\u0131m, babam oral\u0131, annem de Rizeli. Ben Kartal, \u0130stanbul\u2019da do\u011fdum, b\u00fcy\u00fcd\u00fcm.&#8221; dedi.<\/p>\n<h3>OYUNCU ATAKAN \u00d6ZKAYA SEVMED\u0130\u011e\u0130 HUYUNU \u0130T\u0130RAF ETT\u0130!<\/h3>\n<p>G\u00fcn\u00fc arabesk ile a\u00e7t\u0131\u011f\u0131n\u0131\u00a0 ifade eden ba\u015far\u0131l\u0131 oyuncu Atakan \u00d6zkaya, kendisinde bulunan duygusal olma \u00f6zelli\u011fini de\u011fi\u015ftirmek istedi\u011fini belirtti. Bur\u00e7lardan Yenge\u00e7 olup y\u00fckseleni de bal\u0131k olan karizmatik oyuncu, \u00f6zel hayat\u0131nda \u015fuan i\u00e7in birisinin olmad\u0131\u011f\u0131n\u0131 s\u00f6yledi.<\/p>\n<p><img loading=\"lazy\" decoding=\"async\" class=\"wp-image-129485\" src=\"https:\/\/www.tgrthaber.com\/mavikadin\/wp-content\/uploads\/uzak-sehir-2-5.jpg\" alt=\"Uzak \u015eehir\" width=\"1208\" height=\"680\" title=\"\" srcset=\"https:\/\/www.tgrthaber.com\/mavikadin\/wp-content\/uploads\/uzak-sehir-2-5.jpg 1600w, https:\/\/www.tgrthaber.com\/mavikadin\/wp-content\/uploads\/uzak-sehir-2-5-300x169.jpg 300w, https:\/\/www.tgrthaber.com\/mavikadin\/wp-content\/uploads\/uzak-sehir-2-5-1024x576.jpg 1024w, https:\/\/www.tgrthaber.com\/mavikadin\/wp-content\/uploads\/uzak-sehir-2-5-768x432.jpg 768w, https:\/\/www.tgrthaber.com\/mavikadin\/wp-content\/uploads\/uzak-sehir-2-5-1536x864.jpg 1536w\" sizes=\"(max-width: 1208px) 100vw, 1208px\" \/><\/p>\n<hr \/>\n<p>Uzak \u015eehir&#8217;in ba\u015frollerinde yer alarak izleyici taraf\u0131ndan birbirine \u00e7ok yak\u0131\u015ft\u0131r\u0131lan oyuncu Ozan Akbaba ve Sinem \u00dcnsal&#8217;a \u00f6vg\u00fcler ya\u011fd\u0131ran \u00d6zkaya \u015fu s\u00f6zlerle ikiliyi \u00f6vd\u00fc:<\/p>\n<p>&#8220;Harika, ikisi de m\u00fckemmeller. Ozan Abi\u2019yle ger\u00e7ekten abi-karde\u015f gibi olduk. Sinem de \u00f6yle, m\u00fckemmel oynuyor, hayranl\u0131kla izliyorum.&#8221;<\/p>\n","protected":false},"excerpt":{"rendered":"<p>Uzak \u015eehir dizisindeki &#8216;Kaya&#8217; karakteri ile izleyicilerin dikkatini \u00e7eken oyuncu Atakan \u00d6zkaya, verdi\u011fi bir rop\u00f6rtajda samimi a\u00e7\u0131klamalarda bulundu.<\/p>\n","protected":false},"author":27,"featured_media":131056,"comment_status":"closed","ping_status":"closed","sticky":false,"template":"","format":"standard","meta":{"rank_math_lock_modified_date":false,"footnotes":""},"categories":[76],"tags":[2882,2295,2294,2293],"class_list":["post-131009","post","type-post","status-publish","format-standard","has-post-thumbnail","hentry","category-magazin","tag-atakan-ozkaya","tag-ozan-akbaba","tag-sinem-unsal","tag-uzak-sehir"],"_links":{"self":[{"href":"https:\/\/www.tgrthaber.com\/mavikadin\/wp-json\/wp\/v2\/posts\/131009"}],"collection":[{"href":"https:\/\/www.tgrthaber.com\/mavikadin\/wp-json\/wp\/v2\/posts"}],"about":[{"href":"https:\/\/www.tgrthaber.com\/mavikadin\/wp-json\/wp\/v2\/types\/post"}],"author":[{"embeddable":true,"href":"https:\/\/www.tgrthaber.com\/mavikadin\/wp-json\/wp\/v2\/users\/27"}],"replies":[{"embeddable":true,"href":"https:\/\/www.tgrthaber.com\/mavikadin\/wp-json\/wp\/v2\/comments?post=131009"}],"version-history":[{"count":3,"href":"https:\/\/www.tgrthaber.com\/mavikadin\/wp-json\/wp\/v2\/posts\/131009\/revisions"}],"predecessor-version":[{"id":131060,"href":"https:\/\/www.tgrthaber.com\/mavikadin\/wp-json\/wp\/v2\/posts\/131009\/revisions\/131060"}],"wp:featuredmedia":[{"embeddable":true,"href":"https:\/\/www.tgrthaber.com\/mavikadin\/wp-json\/wp\/v2\/media\/131056"}],"wp:attachment":[{"href":"https:\/\/www.tgrthaber.com\/mavikadin\/wp-json\/wp\/v2\/media?parent=131009"}],"wp:term":[{"taxonomy":"category","embeddable":true,"href":"https:\/\/www.tgrthaber.com\/mavikadin\/wp-json\/wp\/v2\/categories?post=131009"},{"taxonomy":"post_tag","embeddable":true,"href":"https:\/\/www.tgrthaber.com\/mavikadin\/wp-json\/wp\/v2\/tags?post=131009"}],"curies":[{"name":"wp","href":"https:\/\/api.w.org\/{rel}","templated":true}]}}