{"id":131022,"date":"2025-02-08T18:07:29","date_gmt":"2025-02-08T15:07:29","guid":{"rendered":"https:\/\/www.tgrthaber.com\/mavikadin\/?p=131022"},"modified":"2025-02-08T18:07:29","modified_gmt":"2025-02-08T15:07:29","slug":"dogum-icin-gun-sayan-pinar-denizden-karni-burnunda-yeni-paylasim-begeni-ve-yorum-yagdi","status":"publish","type":"post","link":"https:\/\/www.tgrthaber.com\/mavikadin\/dogum-icin-gun-sayan-pinar-denizden-karni-burnunda-yeni-paylasim-begeni-ve-yorum-yagdi\/","title":{"rendered":"Do\u011fum i\u00e7in g\u00fcn sayan P\u0131nar Deniz\u2019den karn\u0131 burnunda yeni payla\u015f\u0131m! Be\u011feni ve yorum ya\u011fd\u0131!"},"content":{"rendered":"<p class=\"p1\">\u00dcnl\u00fc oyuncu P\u0131nar Deniz, hamileli\u011finin son d\u00f6nemlerinde sosyal medya hesab\u0131ndan yapt\u0131\u011f\u0131 payla\u015f\u0131m ile g\u00fcndeme geldi. Ge\u00e7ti\u011fimiz y\u0131l meslekta\u015f\u0131 Kaan Y\u0131ld\u0131r\u0131m ile evlenen ba\u015far\u0131l\u0131 oyuncu, \u015fimdilerde ilk bebe\u011fini kuca\u011f\u0131na almak i\u00e7in g\u00fcn say\u0131yor. G\u00fczel oyuncu son pozuyla dikkatleri \u00fczerine \u00e7ekti. Hamileli\u011fin \u00e7ok yak\u0131\u015ft\u0131\u011f\u0131 isimlerden biri olan P\u0131nar Deniz&#8217;in payla\u015f\u0131m\u0131 sosyal medyada g\u00fcndem oldu. G\u00fczel oyuncuya be\u011feni ve yorum ya\u011fd\u0131.<\/p>\n<h3 class=\"p1\"><b>PINAR DEN\u0130Z DO\u011eUM \u0130\u00c7\u0130N G\u00dcN SAYIYOR<\/b><\/h3>\n<p class=\"p1\">Kanal D ekranlar\u0131nda yay\u0131nlanan ve b\u00fcy\u00fck bir hayran kitlesine ula\u015fan <i>Yarg\u0131<\/i> dizisindeki performans\u0131yla ad\u0131ndan s\u0131k\u00e7a s\u00f6z ettiren P\u0131nar Deniz, \u015fimdilerde annelik heyecan\u0131 ya\u015f\u0131yor. Eyl\u00fcl ay\u0131nda \u0130talya\u2019da Kaan Y\u0131ld\u0131r\u0131m ile nikah masas\u0131na oturan g\u00fczel oyuncu, hamileli\u011fini g\u00f6zlerden uzak bir \u015fekilde s\u00fcrd\u00fcr\u00fcyor. \u00c7ift, ge\u00e7ti\u011fimiz aylarda bebek beklediklerini a\u00e7\u0131klam\u0131\u015f ve b\u00fcy\u00fck ilgi g\u00f6rm\u00fc\u015ft\u00fc. Deniz ve Y\u0131ld\u0131r\u0131m \u00e7ifti, erkek bebek sahibi olacaklar\u0131n\u0131 duyurarak takip\u00e7ilerini sevindirmi\u015fti.<\/p>\n<p><img loading=\"lazy\" decoding=\"async\" class=\"alignnone wp-image-131024 size-full\" src=\"https:\/\/www.tgrthaber.com\/mavikadin\/wp-content\/uploads\/Ekran-Resmi-2025-02-08-18.00.02.png\" alt=\"\" width=\"978\" height=\"546\" title=\"\" srcset=\"https:\/\/www.tgrthaber.com\/mavikadin\/wp-content\/uploads\/Ekran-Resmi-2025-02-08-18.00.02.png 978w, https:\/\/www.tgrthaber.com\/mavikadin\/wp-content\/uploads\/Ekran-Resmi-2025-02-08-18.00.02-300x167.png 300w, https:\/\/www.tgrthaber.com\/mavikadin\/wp-content\/uploads\/Ekran-Resmi-2025-02-08-18.00.02-768x429.png 768w\" sizes=\"(max-width: 978px) 100vw, 978px\" \/><\/p>\n<hr \/>\n<h3 class=\"p1\"><b>&#8221;KADINLAR DAHA \u00c7OK EMEK VER\u0130YOR&#8221;<\/b><\/h3>\n<p class=\"p1\">\u00d6zel hayatlar\u0131n\u0131 bas\u0131na kar\u015f\u0131 daha sade bir \u015fekilde ya\u015famay\u0131 tercih eden \u00e7ift, ge\u00e7ti\u011fimiz g\u00fcnlerde kat\u0131ld\u0131klar\u0131 bir davette hamilelik s\u00fcreciyle ilgili sorular\u0131 yan\u0131tlad\u0131. Kaan Y\u0131ld\u0131r\u0131m, e\u015finin hamileli\u011fi hakk\u0131nda konu\u015furken, <i>\u201cBu s\u00fcre\u00e7te en b\u00fcy\u00fck \u00e7ileyi ve eme\u011fi kad\u0131nlar \u00e7ekiyor. Bizim i\u015fimiz daha kolay. Benim en \u00f6nemli g\u00f6revim, e\u015fimi mutlu etmek ve her ihtiyac\u0131n\u0131 kar\u015f\u0131lamak\u201d<\/i> dedi.<\/p>\n<p class=\"p1\">P\u0131nar Deniz ise bu s\u00fcre\u00e7te a\u015fermedi\u011fini ancak i\u015ftah\u0131n\u0131n artt\u0131\u011f\u0131n\u0131 belirterek, <i>\u201cHen\u00fcz a\u015ferme gibi bir durum ya\u015famad\u0131m ama i\u015ftah\u0131m a\u00e7\u0131k. Tatl\u0131lara daha fazla d\u00fc\u015fk\u00fcn\u00fcm\u201d<\/i> ifadelerini kulland\u0131. Bebe\u011fin ismiyle ilgili soruya ise Y\u0131ld\u0131r\u0131m, <i>\u201cAkl\u0131m\u0131zda birka\u00e7 isim var ama hen\u00fcz netle\u015fmedi, zamana yayarak d\u00fc\u015f\u00fcn\u00fcyoruz\u201d<\/i> cevab\u0131n\u0131 verdi.<\/p>\n<p><img loading=\"lazy\" decoding=\"async\" class=\"alignnone wp-image-131025 \" src=\"https:\/\/www.tgrthaber.com\/mavikadin\/wp-content\/uploads\/Ekran-Resmi-2025-02-08-17.59.50.png\" alt=\"\" width=\"945\" height=\"1061\" title=\"\" srcset=\"https:\/\/www.tgrthaber.com\/mavikadin\/wp-content\/uploads\/Ekran-Resmi-2025-02-08-17.59.50.png 666w, https:\/\/www.tgrthaber.com\/mavikadin\/wp-content\/uploads\/Ekran-Resmi-2025-02-08-17.59.50-267x300.png 267w\" sizes=\"(max-width: 945px) 100vw, 945px\" \/><\/p>\n<hr \/>\n<h3 class=\"p1\"><b>PINAR DEN\u0130Z&#8217;\u0130N KARNI BURNUNDAK\u0130 POZU SOSYAL MEDYAYI SALLADI\u00a0<\/b><b><\/b><\/h3>\n<p class=\"p1\">Hamileli\u011fini b\u00fcy\u00fck \u00f6l\u00e7\u00fcde g\u00f6zlerden uzak ya\u015fayan P\u0131nar Deniz, sosyal medya hesab\u0131ndan zaman zaman takip\u00e7ileriyle g\u00fcndelik zaman i\u00e7erisinde ge\u00e7irdi\u011fi anlar\u0131n\u0131 payla\u015f\u0131yor.<\/p>\n<p><img loading=\"lazy\" decoding=\"async\" class=\"alignnone wp-image-131026 \" src=\"https:\/\/www.tgrthaber.com\/mavikadin\/wp-content\/uploads\/Ekran-Resmi-2025-02-08-17.58.56-1.png\" alt=\"\" width=\"941\" height=\"1094\" title=\"\" srcset=\"https:\/\/www.tgrthaber.com\/mavikadin\/wp-content\/uploads\/Ekran-Resmi-2025-02-08-17.58.56-1.png 828w, https:\/\/www.tgrthaber.com\/mavikadin\/wp-content\/uploads\/Ekran-Resmi-2025-02-08-17.58.56-1-258x300.png 258w, https:\/\/www.tgrthaber.com\/mavikadin\/wp-content\/uploads\/Ekran-Resmi-2025-02-08-17.58.56-1-768x892.png 768w\" sizes=\"(max-width: 941px) 100vw, 941px\" \/><\/p>\n<hr \/>\n<p class=\"p1\">Son olarak karn\u0131 burnunda bir pozunu payla\u015fan g\u00fczel oyuncu, <i>\u201cCan\u0131m\u0131z tatl\u0131 \u00e7ekmi\u015ftir\u201d<\/i> notuyla payla\u015ft\u0131\u011f\u0131 foto\u011fraf\u0131yla b\u00fcy\u00fck ilgi g\u00f6rd\u00fc. B\u00fcy\u00fcyen karn\u0131 ve do\u011fal haliyle dikkat \u00e7eken P\u0131nar Deniz\u2019in payla\u015f\u0131m\u0131 k\u0131sa s\u00fcrede binlerce be\u011feni ve yorum ald\u0131.<\/p>\n","protected":false},"excerpt":{"rendered":"<p>\u00dcnl\u00fc oyuncu P\u0131nar Deniz, hamileli\u011finin son d\u00f6nemlerinde payla\u015ft\u0131\u011f\u0131 foto\u011frafla b\u00fcy\u00fck ilgi g\u00f6rd\u00fc. Ge\u00e7ti\u011fimiz y\u0131l Kaan Y\u0131ld\u0131r\u0131m ile hayat\u0131n\u0131 birle\u015ftiren Deniz, anne olmak i\u00e7in g\u00fcn say\u0131yor. Son payla\u015f\u0131m\u0131nda b\u00fcy\u00fcyen karn\u0131yla poz veren g\u00fczel oyuncuya takip\u00e7ilerinden be\u011feni ve yorum ya\u011fd\u0131.<\/p>\n","protected":false},"author":16,"featured_media":131028,"comment_status":"closed","ping_status":"closed","sticky":false,"template":"","format":"standard","meta":{"rank_math_lock_modified_date":false,"footnotes":""},"categories":[76],"tags":[2335,10302,10303,10301],"class_list":["post-131022","post","type-post","status-publish","format-standard","has-post-thumbnail","hentry","category-magazin","tag-pinar-deniz","tag-pinar-deniz-hamilelik","tag-pinar-deniz-kaan-yildirim","tag-pinar-deniz-karni-burnunda-poz"],"_links":{"self":[{"href":"https:\/\/www.tgrthaber.com\/mavikadin\/wp-json\/wp\/v2\/posts\/131022"}],"collection":[{"href":"https:\/\/www.tgrthaber.com\/mavikadin\/wp-json\/wp\/v2\/posts"}],"about":[{"href":"https:\/\/www.tgrthaber.com\/mavikadin\/wp-json\/wp\/v2\/types\/post"}],"author":[{"embeddable":true,"href":"https:\/\/www.tgrthaber.com\/mavikadin\/wp-json\/wp\/v2\/users\/16"}],"replies":[{"embeddable":true,"href":"https:\/\/www.tgrthaber.com\/mavikadin\/wp-json\/wp\/v2\/comments?post=131022"}],"version-history":[{"count":1,"href":"https:\/\/www.tgrthaber.com\/mavikadin\/wp-json\/wp\/v2\/posts\/131022\/revisions"}],"predecessor-version":[{"id":131029,"href":"https:\/\/www.tgrthaber.com\/mavikadin\/wp-json\/wp\/v2\/posts\/131022\/revisions\/131029"}],"wp:featuredmedia":[{"embeddable":true,"href":"https:\/\/www.tgrthaber.com\/mavikadin\/wp-json\/wp\/v2\/media\/131028"}],"wp:attachment":[{"href":"https:\/\/www.tgrthaber.com\/mavikadin\/wp-json\/wp\/v2\/media?parent=131022"}],"wp:term":[{"taxonomy":"category","embeddable":true,"href":"https:\/\/www.tgrthaber.com\/mavikadin\/wp-json\/wp\/v2\/categories?post=131022"},{"taxonomy":"post_tag","embeddable":true,"href":"https:\/\/www.tgrthaber.com\/mavikadin\/wp-json\/wp\/v2\/tags?post=131022"}],"curies":[{"name":"wp","href":"https:\/\/api.w.org\/{rel}","templated":true}]}}