{"id":131034,"date":"2025-02-08T18:31:54","date_gmt":"2025-02-08T15:31:54","guid":{"rendered":"https:\/\/www.tgrthaber.com\/mavikadin\/?p=131034"},"modified":"2025-02-08T20:07:06","modified_gmt":"2025-02-08T17:07:06","slug":"safirin-yildizlari-ozge-yagiz-ve-burak-berkay-akgulun-yeni-pozlari-sosyal-medyayi-salladi","status":"publish","type":"post","link":"https:\/\/www.tgrthaber.com\/mavikadin\/safirin-yildizlari-ozge-yagiz-ve-burak-berkay-akgulun-yeni-pozlari-sosyal-medyayi-salladi\/","title":{"rendered":"Safir\u2019in y\u0131ld\u0131zlar\u0131 \u00d6zge Ya\u011f\u0131z ve Burak Berkay Akg\u00fcl\u2019\u00fcn yeni pozlar\u0131 sosyal medyay\u0131 sallad\u0131!"},"content":{"rendered":"<p class=\"p1\">ATV ekranlar\u0131nda izleyicilerle bulu\u015fan <i>Safir<\/i>, s\u00fcr\u00fckleyici hikayesi, etkileyici atmosferi ve g\u00fc\u00e7l\u00fc oyuncu kadrosuyla b\u00fcy\u00fck bir hayran kitlesi kazanm\u0131\u015ft\u0131. Ancak dizinin final yapmas\u0131, izleyicilerde hayal k\u0131r\u0131kl\u0131\u011f\u0131na neden oldu. <i>Safir<\/i>\u2019in vedas\u0131, dizinin sad\u0131k takip\u00e7ilerini \u00fczerken, ba\u015frol oyuncular\u0131 \u00d6zge Ya\u011f\u0131z ve Burak Berkay Akg\u00fcl\u2019\u00fcn ger\u00e7ek hayatta ba\u015flayan birliktelikleri, dizinin finalinin ard\u0131ndan bile konu\u015fulmaya devam etti.<\/p>\n<h3 class=\"p1\"><b>D\u0130Z\u0130DE BA\u015eLAYAN K\u0130MYA, GER\u00c7EK HAYATA TA\u015eINDI\u00a0<\/b><\/h3>\n<p class=\"p1\"><i>Safir<\/i> dizisinde izleyicileri ekran ba\u015f\u0131na kilitleyen ve romantik sahneleriyle dikkat \u00e7eken \u00d6zge Ya\u011f\u0131z ve Burak Berkay Akg\u00fcl\u2019\u00fcn ekrandaki uyumu, zamanla kamera arkas\u0131na da ta\u015f\u0131nd\u0131. Dizinin \u00e7ekimleri s\u0131ras\u0131nda g\u00fc\u00e7l\u00fc bir dostluk kuran ikili, zamanla romantik bir ili\u015fkiye ad\u0131m att\u0131. Bir s\u00fcredir birlikte olan \u00fcnl\u00fc \u00e7iftin, sosyal medyada payla\u015f\u0131lan yeni foto\u011fraflar\u0131, hayranlar\u0131 taraf\u0131ndan b\u00fcy\u00fck bir ilgiyle kar\u015f\u0131land\u0131.<\/p>\n<p><img loading=\"lazy\" decoding=\"async\" class=\"alignnone wp-image-131035 \" src=\"https:\/\/www.tgrthaber.com\/mavikadin\/wp-content\/uploads\/Ekran-Resmi-2025-02-08-18.23.17-759x1024.png\" alt=\"\" width=\"943\" height=\"1272\" title=\"\" srcset=\"https:\/\/www.tgrthaber.com\/mavikadin\/wp-content\/uploads\/Ekran-Resmi-2025-02-08-18.23.17-759x1024.png 759w, https:\/\/www.tgrthaber.com\/mavikadin\/wp-content\/uploads\/Ekran-Resmi-2025-02-08-18.23.17-222x300.png 222w, https:\/\/www.tgrthaber.com\/mavikadin\/wp-content\/uploads\/Ekran-Resmi-2025-02-08-18.23.17-768x1036.png 768w, https:\/\/www.tgrthaber.com\/mavikadin\/wp-content\/uploads\/Ekran-Resmi-2025-02-08-18.23.17.png 780w\" sizes=\"(max-width: 943px) 100vw, 943px\" \/><\/p>\n<hr \/>\n<h3 class=\"p1\"><b>SOSYAL MEDYADA G\u00dcNDEM OLDULAR\u00a0<\/b><b><\/b><\/h3>\n<p class=\"p1\">\u00d6zellikle ikilinin birlikte payla\u015ft\u0131\u011f\u0131 foto\u011fraflar ve hayran sayfalar\u0131na d\u00fc\u015fen kareler, sosyal medyada adeta viral oldu. Kullan\u0131c\u0131lar, \u201cGer\u00e7ek hayatta da harika bir \u00e7ift oldular!\u201d, \u201cEkrandaki enerjileri ger\u00e7ek olmu\u015f!\u201d gibi yorumlarla ikiliye olan hayranl\u0131klar\u0131n\u0131 dile getirdi. \u00c7iftin do\u011fal halleri ve samimi payla\u015f\u0131mlar\u0131, sosyal medya kullan\u0131c\u0131lar\u0131 taraf\u0131ndan b\u00fcy\u00fck bir ilgiyle takip ediliyor.<\/p>\n<p><img loading=\"lazy\" decoding=\"async\" class=\"alignnone wp-image-131036 \" src=\"https:\/\/www.tgrthaber.com\/mavikadin\/wp-content\/uploads\/Ekran-Resmi-2025-02-08-18.23.22-736x1024.png\" alt=\"\" width=\"942\" height=\"1311\" title=\"\" srcset=\"https:\/\/www.tgrthaber.com\/mavikadin\/wp-content\/uploads\/Ekran-Resmi-2025-02-08-18.23.22-736x1024.png 736w, https:\/\/www.tgrthaber.com\/mavikadin\/wp-content\/uploads\/Ekran-Resmi-2025-02-08-18.23.22-216x300.png 216w, https:\/\/www.tgrthaber.com\/mavikadin\/wp-content\/uploads\/Ekran-Resmi-2025-02-08-18.23.22-768x1069.png 768w, https:\/\/www.tgrthaber.com\/mavikadin\/wp-content\/uploads\/Ekran-Resmi-2025-02-08-18.23.22.png 782w\" sizes=\"(max-width: 942px) 100vw, 942px\" \/><\/p>\n<hr \/>\n<h3 class=\"p1\"><b>D\u0130Z\u0130N\u0130N ERKEN VEDASI HAYRANLARINI \u00dcZM\u00dc\u015eT\u00dc<\/b><\/h3>\n<p class=\"p1\"><i>Safir<\/i> dizisinin beklenenden erken final yapmas\u0131, diziye g\u00f6n\u00fcl vermi\u015f izleyicileri \u00fczerken, \u00d6zge Ya\u011f\u0131z ve Burak Berkay Akg\u00fcl\u2019\u00fcn ili\u015fkisi dizinin etkisinin uzun s\u00fcre devam etmesini sa\u011flad\u0131. Dizinin sona ermesiyle birlikte hayranlar, ikilinin ba\u015fka projelerde yeniden bir araya gelip gelmeyece\u011fini merak ediyor.<\/p>\n<p><img loading=\"lazy\" decoding=\"async\" class=\"alignnone wp-image-131037 \" src=\"https:\/\/www.tgrthaber.com\/mavikadin\/wp-content\/uploads\/Ekran-Resmi-2025-02-08-18.23.29-732x1024.png\" alt=\"\" width=\"946\" height=\"1323\" title=\"\" srcset=\"https:\/\/www.tgrthaber.com\/mavikadin\/wp-content\/uploads\/Ekran-Resmi-2025-02-08-18.23.29-732x1024.png 732w, https:\/\/www.tgrthaber.com\/mavikadin\/wp-content\/uploads\/Ekran-Resmi-2025-02-08-18.23.29-215x300.png 215w, https:\/\/www.tgrthaber.com\/mavikadin\/wp-content\/uploads\/Ekran-Resmi-2025-02-08-18.23.29-768x1074.png 768w, https:\/\/www.tgrthaber.com\/mavikadin\/wp-content\/uploads\/Ekran-Resmi-2025-02-08-18.23.29.png 784w\" sizes=\"(max-width: 946px) 100vw, 946px\" \/><\/p>\n<hr \/>\n<h3 class=\"p1\"><b>YEN\u0130 PROJELER\u0130 MERAK KONUSU OLDU\u00a0<\/b><b><\/b><\/h3>\n<p class=\"p1\">\u00d6zge Ya\u011f\u0131z ve Burak Berkay Akg\u00fcl\u2019\u00fcn birlikte yeni bir projede rol al\u0131p almayaca\u011f\u0131 \u015fimdilik bilinmiyor. Ancak hayranlar\u0131, sosyal medyada \u201cYeniden ayn\u0131 projede g\u00f6rmek istiyoruz!\u201d diyerek ikiliyi bir arada g\u00f6rmek istediklerini belirtiyor. <i>Safir<\/i> dizisi ekrana veda etmi\u015f olsa da, ba\u015frol oyuncular\u0131n\u0131n uyumu ve ger\u00e7ek hayattaki a\u015fklar\u0131, izleyicilerin ilgisini \u00e7ekmeye devam ediyor. \u00d6zge Ya\u011f\u0131z ve Burak Berkay Akg\u00fcl\u2019\u00fcn gelecek projeleri ve ili\u015fkileri, sosyal medyan\u0131n en \u00e7ok konu\u015fulan konular\u0131ndan biri olmaya devam edecek gibi g\u00f6r\u00fcn\u00fcyor.<\/p>\n","protected":false},"excerpt":{"rendered":"<p>ATV\u2019nin ilgiyle takip edilen dizisi Safir, etkileyici hikayesi ve g\u00fc\u00e7l\u00fc oyuncu kadrosuyla geni\u015f bir izleyici kitlesine ula\u015fm\u0131\u015ft\u0131. Dizinin beklenmedik finali hayranlar\u0131n\u0131 \u00fczerken, ba\u015frolleri payla\u015fan \u00d6zge Ya\u011f\u0131z ve Burak Berkay Akg\u00fcl\u2019\u00fcn ger\u00e7ek hayattaki birliktelikleri sosyal medyada g\u00fcndem olmaya devam ediyor. \u0130kilinin birlikte \u00e7ekilen yeni foto\u011fraflar\u0131 sosyal medyay\u0131 sallad\u0131. <\/p>\n","protected":false},"author":16,"featured_media":131038,"comment_status":"closed","ping_status":"closed","sticky":false,"template":"","format":"standard","meta":{"rank_math_lock_modified_date":false,"footnotes":""},"categories":[76],"tags":[10307,10306,10305],"class_list":["post-131034","post","type-post","status-publish","format-standard","has-post-thumbnail","hentry","category-magazin","tag-ozge-yagiz-burak-berkay-akgul","tag-ozge-yagiz-burak-berkay-akgul-yeni-fotograf","tag-ozge-yagiz-burak-berkay-akgul-yeni-paylasim"],"_links":{"self":[{"href":"https:\/\/www.tgrthaber.com\/mavikadin\/wp-json\/wp\/v2\/posts\/131034"}],"collection":[{"href":"https:\/\/www.tgrthaber.com\/mavikadin\/wp-json\/wp\/v2\/posts"}],"about":[{"href":"https:\/\/www.tgrthaber.com\/mavikadin\/wp-json\/wp\/v2\/types\/post"}],"author":[{"embeddable":true,"href":"https:\/\/www.tgrthaber.com\/mavikadin\/wp-json\/wp\/v2\/users\/16"}],"replies":[{"embeddable":true,"href":"https:\/\/www.tgrthaber.com\/mavikadin\/wp-json\/wp\/v2\/comments?post=131034"}],"version-history":[{"count":1,"href":"https:\/\/www.tgrthaber.com\/mavikadin\/wp-json\/wp\/v2\/posts\/131034\/revisions"}],"predecessor-version":[{"id":131039,"href":"https:\/\/www.tgrthaber.com\/mavikadin\/wp-json\/wp\/v2\/posts\/131034\/revisions\/131039"}],"wp:featuredmedia":[{"embeddable":true,"href":"https:\/\/www.tgrthaber.com\/mavikadin\/wp-json\/wp\/v2\/media\/131038"}],"wp:attachment":[{"href":"https:\/\/www.tgrthaber.com\/mavikadin\/wp-json\/wp\/v2\/media?parent=131034"}],"wp:term":[{"taxonomy":"category","embeddable":true,"href":"https:\/\/www.tgrthaber.com\/mavikadin\/wp-json\/wp\/v2\/categories?post=131034"},{"taxonomy":"post_tag","embeddable":true,"href":"https:\/\/www.tgrthaber.com\/mavikadin\/wp-json\/wp\/v2\/tags?post=131034"}],"curies":[{"name":"wp","href":"https:\/\/api.w.org\/{rel}","templated":true}]}}