{"id":131041,"date":"2025-02-08T19:12:08","date_gmt":"2025-02-08T16:12:08","guid":{"rendered":"https:\/\/www.tgrthaber.com\/mavikadin\/?p=131041"},"modified":"2025-02-08T19:12:08","modified_gmt":"2025-02-08T16:12:08","slug":"saclarinizi-parlak-ve-ipeksi-gosteren-etkili-bir-yontem-liquid-hair-yontemi","status":"publish","type":"post","link":"https:\/\/www.tgrthaber.com\/mavikadin\/saclarinizi-parlak-ve-ipeksi-gosteren-etkili-bir-yontem-liquid-hair-yontemi\/","title":{"rendered":"Sa\u00e7lar\u0131n\u0131z\u0131 parlak ve ipeksi g\u00f6steren etkili bir y\u00f6ntem: Liquid hair y\u00f6ntemi"},"content":{"rendered":"<p>D\u0131\u015f g\u00f6r\u00fcn\u00fcmde kad\u0131nlar\u0131n en \u00e7ok dikkat etti\u011fi noktalardan biri de sa\u00e7lar\u0131d\u0131r. Sa\u00e7lar ne kadar bak\u0131ml\u0131 ve parlak olursa, kad\u0131nlar\u0131n duru\u015funda da ayr\u0131 bir hava atmosfer olu\u015fturur. Sa\u00e7lar\u0131n\u0131za parlak ve ipeksi bir g\u00f6r\u00fcn\u00fcm olu\u015fturmak i\u00e7in Bella Hadid\u2019den Zenda\u2019ya kadar bir\u00e7ok \u00fcnl\u00fc isimler sa\u00e7lar\u0131na liquid hair tekni\u011fini sa\u00e7lar\u0131na uyguluyor. Peki, liquid hair nedir? Liquid hair nas\u0131l yap\u0131l\u0131r? Liquid hair tekni\u011fini kimler yapabilir?<\/p>\n<h3>L\u0130QU\u0130D HA\u0130R NED\u0130R?<\/h3>\n<p>A\u015f\u0131r\u0131 hassas ve k\u0131r\u0131lgan bir sa\u00e7 teline sahip olanlar i\u00e7in liquid hair tekni\u011fi, sa\u00e7lar\u0131n\u0131z\u0131 daha sa\u011fl\u0131kl\u0131 ve parlak bir g\u00f6r\u00fcn\u00fcme kavu\u015fmas\u0131n\u0131 sa\u011flar. Sa\u00e7 yap\u0131s\u0131n\u0131n tazeleyerek sa\u00e7 bak\u0131m\u0131n\u0131z\u0131 en y\u00fcksek seviyeye \u00e7\u0131kar\u0131r. Liquid hair destekli \u00fcr\u00fcnlerle sa\u00e7 yap\u0131s\u0131n\u0131 koruyabilir ve ipeksi sa\u00e7 g\u00f6r\u00fcn\u00fcm\u00fcne sahip olabilirsiniz. D\u00fcnyaca \u00fcnl\u00fc bir\u00e7ok isim sa\u00e7lar\u0131na liquid hair \u00fcr\u00fcnlerini kullan\u0131yor. \u00dcnl\u00fclerden baz\u0131lar\u0131 ise \u015funlard\u0131r; Jennifer Lopez, Hailey Bieber ve Kim Kardashian.<\/p>\n<p><img loading=\"lazy\" decoding=\"async\" class=\"alignnone wp-image-131049\" src=\"https:\/\/www.tgrthaber.com\/mavikadin\/wp-content\/uploads\/liquid-hair-300x169.jpg\" alt=\"liquid hair\" width=\"1208\" height=\"680\" title=\"\" srcset=\"https:\/\/www.tgrthaber.com\/mavikadin\/wp-content\/uploads\/liquid-hair-300x169.jpg 300w, https:\/\/www.tgrthaber.com\/mavikadin\/wp-content\/uploads\/liquid-hair-1024x576.jpg 1024w, https:\/\/www.tgrthaber.com\/mavikadin\/wp-content\/uploads\/liquid-hair-768x432.jpg 768w, https:\/\/www.tgrthaber.com\/mavikadin\/wp-content\/uploads\/liquid-hair-1536x864.jpg 1536w, https:\/\/www.tgrthaber.com\/mavikadin\/wp-content\/uploads\/liquid-hair.jpg 1920w\" sizes=\"(max-width: 1208px) 100vw, 1208px\" \/><\/p>\n<hr \/>\n<h3>L\u0130QU\u0130D HA\u0130R NASIL KULLANILIR?<\/h3>\n<p>Y\u0131pranm\u0131\u015f ve a\u015f\u0131r\u0131 hasar g\u00f6rm\u00fc\u015f sa\u00e7lar\u0131n\u0131z\u0131 k\u0131\u015f aylar\u0131n\u0131n so\u011fuklu\u011fundan ve yaz aylar\u0131n\u0131n s\u0131cakl\u0131\u011f\u0131ndan y\u0131pranmas\u0131n\u0131 en aza indirmek i\u00e7in liquid hair \u00fcr\u00fcnlerini sa\u00e7lar\u0131n\u0131z i\u00e7in tercih edebilirsiniz. liquid hair \u00fcr\u00fcnlerini kullanmadan \u00f6nce sa\u00e7 bak\u0131m\u0131n\u0131zda dikkat etmeniz gereken noktalar vard\u0131r. Bunlar:<\/p>\n<ul>\n<li>Sa\u00e7lar\u0131n\u0131z\u0131n yap\u0131s\u0131 ince, kal\u0131n ya da seyrek olsun fark etmez. Sa\u00e7lar\u0131n\u0131z\u0131 y\u00fcksek \u0131s\u0131lardan koruman\u0131z gerekiyor. Liquid hair \u00fcr\u00fcn\u00fcn\u00fc kullansan\u0131z bile a\u015f\u0131r\u0131 \u0131s\u0131ya maruz kalan sa\u00e7, parlakl\u0131\u011f\u0131n\u0131 tam olarak kazanamaz. Orta \u0131s\u0131da sa\u00e7lar\u0131n\u0131z\u0131 kurutup \u015fekillendirin.<\/li>\n<li>Sa\u00e7 tellerinizi seramik ve turamin kaplamaya sahip sa\u00e7 d\u00fczle\u015ftiricileri tercih ederek sa\u00e7 tellerinin y\u0131pranmas\u0131n\u0131 aza indirebilirsiniz.<\/li>\n<li>Liquid hair sa\u00e7 serumlar\u0131n\u0131 ya da Argan ya\u011f\u0131n\u0131 tercih ederek sa\u00e7lar\u0131n\u0131z p\u00fcr\u00fczs\u00fcz, parlak ve ipeksi bir g\u00f6r\u00fcn\u00fcm yakalamas\u0131n\u0131 sa\u011flayabilirsiniz.<\/li>\n<li>G\u00fczellik merkezlerine giderek sa\u00e7lar\u0131n\u0131z i\u00e7in 3 ayda 1 keratin veya gloss bak\u0131mlar\u0131 yapt\u0131rabilir, sa\u00e7 teli y\u0131pranmas\u0131n\u0131n \u00f6n\u00fcne ge\u00e7ebilirsiniz.<\/li>\n<\/ul>\n<p><img loading=\"lazy\" decoding=\"async\" class=\"alignnone wp-image-131050\" src=\"https:\/\/www.tgrthaber.com\/mavikadin\/wp-content\/uploads\/liquid-hair-3-300x169.jpg\" alt=\"liquid hair\" width=\"1208\" height=\"680\" title=\"\" srcset=\"https:\/\/www.tgrthaber.com\/mavikadin\/wp-content\/uploads\/liquid-hair-3-300x169.jpg 300w, https:\/\/www.tgrthaber.com\/mavikadin\/wp-content\/uploads\/liquid-hair-3-1024x576.jpg 1024w, https:\/\/www.tgrthaber.com\/mavikadin\/wp-content\/uploads\/liquid-hair-3-768x432.jpg 768w, https:\/\/www.tgrthaber.com\/mavikadin\/wp-content\/uploads\/liquid-hair-3-1536x864.jpg 1536w, https:\/\/www.tgrthaber.com\/mavikadin\/wp-content\/uploads\/liquid-hair-3.jpg 1920w\" sizes=\"(max-width: 1208px) 100vw, 1208px\" \/><\/p>\n<hr \/>\n<h3>L\u0130QU\u0130D HA\u0130R\u2019\u0130 K\u0130MLER YAPAB\u0130L\u0130R?<\/h3>\n<p>Sa\u00e7 bak\u0131m\u0131nda sa\u00e7 tipinize g\u00f6re liquid hair \u00fcr\u00fcnlerini sat\u0131n alarak ipeksi ve parlak bir g\u00f6r\u00fcn\u00fc\u015f elde edebilirsiniz. Her sa\u00e7 yap\u0131s\u0131 farkl\u0131 oldu\u011fundan liquid hair \u00fcr\u00fcnlerini kullan\u0131m oran\u0131 ki\u015fiden ki\u015fiye de\u011fi\u015fiklik g\u00f6sterebilir. \u0130nce telli bir sa\u00e7 yap\u0131s\u0131na sahipseniz, sa\u00e7 bak\u0131m\u0131nda liquid hair \u00fcr\u00fcn\u00fcn\u00fc \u00e7ok fazla kullanman\u0131za gerek yoktur. Sa\u00e7 y\u00fczeyini a\u011f\u0131rla\u015ft\u0131rabilir.<\/p>\n<p>Yo\u011fun k\u0131v\u0131rc\u0131k bir sa\u00e7 tipiniz varsa, liquid hair \u00fcr\u00fcn\u00fcn\u00fc kullanman\u0131zda fayda var. K\u0131v\u0131rc\u0131k sa\u00e7lar g\u00f6r\u00fcn\u00fc\u015f olarak dolgun ve bak\u0131ml\u0131 gibi g\u00f6r\u00fcnse de tarand\u0131\u011f\u0131nda ya da f\u00f6ne maruz kald\u0131\u011f\u0131nda ger\u00e7ek y\u00fcz\u00fc ortaya \u00e7\u0131kar. K\u0131v\u0131rc\u0131k sa\u00e7lar\u0131n\u0131z\u0131 kurutmadan \u00f6nce liquid hair uygularsan\u0131z daha ipeksi ve yumu\u015fak sa\u00e7lar\u0131n\u0131z olabilir.<\/p>\n<p>D\u00fcz ve dalgal\u0131 sa\u00e7a sahip olan kad\u0131nlar, ipeksi ve parlak sa\u00e7 g\u00f6r\u00fcn\u00fcm\u00fcne aniden sahip olabilir. Sa\u00e7 yap\u0131lar\u0131 gere\u011fi \u00e7ok fazla i\u015flem g\u00f6rmedikleri i\u00e7in liquid hair d\u00fczenli olarak uygulad\u0131klar\u0131nda sa\u00e7lar\u0131ndaki farkl\u0131l\u0131\u011f\u0131 hemen g\u00f6receklerdir.<\/p>\n","protected":false},"excerpt":{"rendered":"<p>K\u0131\u015f aylar\u0131n\u0131n so\u011fuklu\u011fu sa\u00e7larda y\u0131pranmaya ve mat bir g\u00f6r\u00fcn\u00fcm olu\u015fmas\u0131na neden olabilir. Sa\u00e7lar\u0131n\u0131z\u0131n k\u0131\u015f\u0131n ya da yaz\u0131n fark etmeksizin parlak ve ipeksi bir \u015fekilde g\u00f6r\u00fcnmesini istiyorsan\u0131z, liquid hair y\u00f6ntemini deneyebilirsiniz. Peki, liquid hair nedir ve nas\u0131l yap\u0131l\u0131r?<\/p>\n","protected":false},"author":10,"featured_media":131051,"comment_status":"closed","ping_status":"closed","sticky":false,"template":"","format":"standard","meta":{"rank_math_lock_modified_date":false,"footnotes":""},"categories":[166],"tags":[10310,10313,10312,10311,10314,2832],"class_list":["post-131041","post","type-post","status-publish","format-standard","has-post-thumbnail","hentry","category-sac-bakimi-sac-uzatma","tag-liquid-hair","tag-liquid-hair-nasil-yapilir","tag-liquid-hair-nedir","tag-liquid-hair-teknigi","tag-liquid-hairi-kimler-yapabilir","tag-sac-bakimi"],"_links":{"self":[{"href":"https:\/\/www.tgrthaber.com\/mavikadin\/wp-json\/wp\/v2\/posts\/131041"}],"collection":[{"href":"https:\/\/www.tgrthaber.com\/mavikadin\/wp-json\/wp\/v2\/posts"}],"about":[{"href":"https:\/\/www.tgrthaber.com\/mavikadin\/wp-json\/wp\/v2\/types\/post"}],"author":[{"embeddable":true,"href":"https:\/\/www.tgrthaber.com\/mavikadin\/wp-json\/wp\/v2\/users\/10"}],"replies":[{"embeddable":true,"href":"https:\/\/www.tgrthaber.com\/mavikadin\/wp-json\/wp\/v2\/comments?post=131041"}],"version-history":[{"count":1,"href":"https:\/\/www.tgrthaber.com\/mavikadin\/wp-json\/wp\/v2\/posts\/131041\/revisions"}],"predecessor-version":[{"id":131052,"href":"https:\/\/www.tgrthaber.com\/mavikadin\/wp-json\/wp\/v2\/posts\/131041\/revisions\/131052"}],"wp:featuredmedia":[{"embeddable":true,"href":"https:\/\/www.tgrthaber.com\/mavikadin\/wp-json\/wp\/v2\/media\/131051"}],"wp:attachment":[{"href":"https:\/\/www.tgrthaber.com\/mavikadin\/wp-json\/wp\/v2\/media?parent=131041"}],"wp:term":[{"taxonomy":"category","embeddable":true,"href":"https:\/\/www.tgrthaber.com\/mavikadin\/wp-json\/wp\/v2\/categories?post=131041"},{"taxonomy":"post_tag","embeddable":true,"href":"https:\/\/www.tgrthaber.com\/mavikadin\/wp-json\/wp\/v2\/tags?post=131041"}],"curies":[{"name":"wp","href":"https:\/\/api.w.org\/{rel}","templated":true}]}}