{"id":131047,"date":"2025-02-08T19:30:44","date_gmt":"2025-02-08T16:30:44","guid":{"rendered":"https:\/\/www.tgrthaber.com\/mavikadin\/?p=131047"},"modified":"2025-02-08T19:39:30","modified_gmt":"2025-02-08T16:39:30","slug":"asli-hunelden-50-yasindaki-ethem-ile-19-yasindaki-fadimenin-evliligine-sert-tepki","status":"publish","type":"post","link":"https:\/\/www.tgrthaber.com\/mavikadin\/asli-hunelden-50-yasindaki-ethem-ile-19-yasindaki-fadimenin-evliligine-sert-tepki\/","title":{"rendered":"Asl\u0131 H\u00fcnel\u2019den 50 ya\u015f\u0131ndaki Ethem ile 19 ya\u015f\u0131ndaki Fadime\u2019nin evlili\u011fine sert tepki!"},"content":{"rendered":"<p class=\"p2\">19 ya\u015f\u0131ndaki Fadime ile 50 ya\u015f\u0131ndaki Ethem\u2019in evlili\u011fi, sosyal medyada b\u00fcy\u00fck yank\u0131 uyand\u0131rd\u0131. Aralar\u0131ndaki ya\u015f fark\u0131 nedeniyle kullan\u0131c\u0131lar, gen\u00e7 k\u0131z\u0131n zorla evlendirilmi\u015f olabilece\u011fi ihtimali \u00fczerinde durarak tepkilerini dile getirdi. Olay k\u0131sa s\u00fcrede sosyal medyan\u0131n en \u00e7ok konu\u015fulan konular\u0131ndan biri haline geldi. \u00c7ifti ele\u015ftiren isimlerden biri de ekranlar\u0131n g\u00fczel sunucusu Asl\u0131 H\u00fcnel oldu. H\u00fcnel sosyal medya hesab\u0131ndan yapt\u0131\u011f\u0131 payla\u015f\u0131mla \u2018Bu evlilik derhal iptal edilmeli\u2019 diyerek tepkisini ortaya koydu. H\u00fcnel\u2019in payla\u015f\u0131m\u0131na k\u0131sa s\u00fcrede be\u011feni ve yorum ya\u011fd\u0131.<\/p>\n<h3 class=\"p2\">50 YA\u015eINDAK\u0130 ETHEM VE 19 YA\u015eINDAK\u0130 FAD\u0130ME\u2019N\u0130N EVL\u0130L\u0130\u011e\u0130 SOSYAL MEDYANIN G\u00dcNDEM\u0130NDE!<\/h3>\n<p class=\"p2\">19 ya\u015f\u0131ndaki Fadime ile 50 ya\u015f\u0131ndaki Ethem\u2019in evlili\u011fi sosyal medyaya damga vurdu. Sosyal medyada ikilinin evlili\u011fine dair tepkiler \u00e7\u0131\u011f gibi b\u00fcy\u00fcrken, Fadime, TikTok hesab\u0131 \u00fczerinden yapt\u0131\u011f\u0131 bir payla\u015f\u0131mla iddialara yan\u0131t verdi. Fadime, zorla evlendirilmedi\u011fini ve mutlu oldu\u011funu belirterek ele\u015ftirilere kar\u015f\u0131 kendini savundu. Ancak bu a\u00e7\u0131klama da kullan\u0131c\u0131lar\u0131 tatmin etmedi ve tart\u0131\u015fmalar h\u0131z kesmeden devam etti.<\/p>\n<p><img loading=\"lazy\" decoding=\"async\" class=\"alignnone wp-image-131053 \" src=\"https:\/\/www.tgrthaber.com\/mavikadin\/wp-content\/uploads\/Ekran-Resmi-2025-02-08-19.21.13.png\" alt=\"\" width=\"728\" height=\"885\" title=\"\" srcset=\"https:\/\/www.tgrthaber.com\/mavikadin\/wp-content\/uploads\/Ekran-Resmi-2025-02-08-19.21.13.png 454w, https:\/\/www.tgrthaber.com\/mavikadin\/wp-content\/uploads\/Ekran-Resmi-2025-02-08-19.21.13-247x300.png 247w\" sizes=\"(max-width: 728px) 100vw, 728px\" \/><\/p>\n<hr \/>\n<h3 class=\"p2\"><b>ASLI H\u00dcNEL\u2019DEN SERT TEPK\u0130 GELD\u0130! <\/b><b><\/b><\/h3>\n<p class=\"p2\">Evlilikle ilgili tepkilerini dile getiren isimlerden biri de \u00fcnl\u00fc sunucu Asl\u0131 H\u00fcnel oldu. H\u00fcnel, sosyal medya hesab\u0131ndan yapt\u0131\u011f\u0131 payla\u015f\u0131mda duruma sert s\u00f6zlerle kar\u015f\u0131 \u00e7\u0131kt\u0131. \u00dcnl\u00fc isim, <i>\u201cYok yok, bu b\u00f6yle olmamal\u0131! K\u0131z\u0131n ya\u015f\u0131n\u0131n k\u00fc\u00e7\u00fckl\u00fc\u011f\u00fcn\u00fc ge\u00e7tim, beyin geli\u015fimi bile tamamlanmam\u0131\u015f. Bu evlilik iptal edilmeli, re\u015fitlik ya\u015f s\u0131n\u0131r\u0131 22-23 olmal\u0131. Aile onay\u0131 olmadan bu tarz evlilikler asla olmamal\u0131! \u0130zlerken sinirlerim bozuldu\u201d<\/i> ifadelerini kullanarak duruma tepki g\u00f6sterdi. Sosyal medyada yank\u0131 uyand\u0131ran bu evlilik, b\u00fcy\u00fck bir tart\u0131\u015fma ba\u015flat\u0131rken, konuyla ilgili yetkililerden bir a\u00e7\u0131klama gelip gelmeyece\u011fi ise merak konusu oldu.<\/p>\n<p><img loading=\"lazy\" decoding=\"async\" class=\"alignnone wp-image-131054 \" src=\"https:\/\/www.tgrthaber.com\/mavikadin\/wp-content\/uploads\/Ekran-Resmi-2025-02-08-19.22.13.png\" alt=\"\" width=\"946\" height=\"578\" title=\"\" srcset=\"https:\/\/www.tgrthaber.com\/mavikadin\/wp-content\/uploads\/Ekran-Resmi-2025-02-08-19.22.13.png 416w, https:\/\/www.tgrthaber.com\/mavikadin\/wp-content\/uploads\/Ekran-Resmi-2025-02-08-19.22.13-300x183.png 300w\" sizes=\"(max-width: 946px) 100vw, 946px\" \/><\/p>\n<hr \/>\n<h3>ASLI H\u00dcNEL K\u0130MD\u0130R?<\/h3>\n<p class=\"p1\">T\u00fcrk sanat m\u00fczi\u011finin sevilen isimlerinden Asl\u0131 H\u00fcnel, 4 Haziran 1977\u2019de \u0130stanbul\u2019da d\u00fcnyaya geldi. Oyuncu Saruhan H\u00fcnel\u2019in karde\u015fi olan sanat\u00e7\u0131, Arap ve Selanik g\u00f6\u00e7meni bir aileden gelmektedir. K\u00fc\u00e7\u00fck ya\u015flardan itibaren m\u00fczi\u011fe olan ilgisiyle dikkat \u00e7eken H\u00fcnel, sanat hayat\u0131na \u00dcsk\u00fcdar Musiki Cemiyeti\u2019nde ad\u0131m att\u0131. Hen\u00fcz 14 ya\u015f\u0131ndayken \u015fan dersleri almaya ba\u015flayan H\u00fcnel, profesyonel m\u00fczik kariyerine T\u00fcrkiye\u2019nin farkl\u0131 noktalar\u0131nda sahne alarak ba\u015flad\u0131. G\u00fc\u00e7l\u00fc sesi ve yorumuyla dikkat \u00e7eken sanat\u00e7\u0131, \u201cBamba\u015fka\u201d adl\u0131 alb\u00fcm\u00fcyle m\u00fczik d\u00fcnyas\u0131nda b\u00fcy\u00fck yank\u0131 uyand\u0131rd\u0131.<\/p>\n<p><img loading=\"lazy\" decoding=\"async\" class=\"alignnone wp-image-131055 size-full\" src=\"https:\/\/www.tgrthaber.com\/mavikadin\/wp-content\/uploads\/Ekran-Resmi-2025-02-08-19.23.37.png\" alt=\"\" width=\"954\" height=\"540\" title=\"\" srcset=\"https:\/\/www.tgrthaber.com\/mavikadin\/wp-content\/uploads\/Ekran-Resmi-2025-02-08-19.23.37.png 954w, https:\/\/www.tgrthaber.com\/mavikadin\/wp-content\/uploads\/Ekran-Resmi-2025-02-08-19.23.37-300x170.png 300w, https:\/\/www.tgrthaber.com\/mavikadin\/wp-content\/uploads\/Ekran-Resmi-2025-02-08-19.23.37-768x435.png 768w\" sizes=\"(max-width: 954px) 100vw, 954px\" \/><\/p>\n<hr \/>\n<p class=\"p1\">Alb\u00fcmdeki \u015fark\u0131lar\u0131yla geni\u015f bir dinleyici kitlesine ula\u015fan H\u00fcnel, klip \u00e7al\u0131\u015fmalar\u0131yla da m\u00fczik listelerinde uzun s\u00fcre yer ald\u0131. M\u00fczikal kariyerinin yan\u0131 s\u0131ra televizyon d\u00fcnyas\u0131nda da ad\u0131ndan s\u00f6z ettiren Asl\u0131 H\u00fcnel, 2021 y\u0131l\u0131nda TGRT Haber\u2019de <i>G\u00fcnayd\u0131n T\u00fcrkiye<\/i> program\u0131n\u0131 Cem K\u00fc\u00e7\u00fck ile birlikte sundu. Daha sonra Show TV ile anla\u015farak 19 Aral\u0131k 2021\u2019den itibaren sabah ku\u015fa\u011f\u0131nda yay\u0131nlanan <i>Gelin Evi<\/i> program\u0131n\u0131n sunuculu\u011funu \u00fcstlendi.<\/p>\n","protected":false},"excerpt":{"rendered":"<p>19 ya\u015f\u0131ndaki Fadime ile 50 ya\u015f\u0131ndaki Ethem\u2019in evlili\u011fi, sosyal medyada b\u00fcy\u00fck tepki \u00e7ekti. Kullan\u0131c\u0131lar, gen\u00e7 k\u0131z\u0131n kendi iste\u011fi d\u0131\u015f\u0131nda evlendirildi\u011fi ihtimali \u00fczerine yorum yaparken, olay k\u0131sa s\u00fcrede g\u00fcndem oldu. \u00dcnl\u00fc sunucu Asl\u0131 H\u00fcnel de duruma sessiz kalmad\u0131. Sosyal medya hesab\u0131ndan yapt\u0131\u011f\u0131 a\u00e7\u0131klamada, b\u00f6yle bir evlili\u011fin kabul edilemez oldu\u011funu belirterek sert tepki g\u00f6sterdi. <\/p>\n","protected":false},"author":16,"featured_media":131059,"comment_status":"closed","ping_status":"closed","sticky":false,"template":"","format":"standard","meta":{"rank_math_lock_modified_date":false,"footnotes":""},"categories":[76],"tags":[10316,10315,10317],"class_list":["post-131047","post","type-post","status-publish","format-standard","has-post-thumbnail","hentry","category-magazin","tag-19-yasinda-fadime-50-yasinda-ethem-evlilik","tag-19-yasindaki-fadime-50-yasinda-ethem-asli-hunel-tepki","tag-asli-hunel-kimdir"],"_links":{"self":[{"href":"https:\/\/www.tgrthaber.com\/mavikadin\/wp-json\/wp\/v2\/posts\/131047"}],"collection":[{"href":"https:\/\/www.tgrthaber.com\/mavikadin\/wp-json\/wp\/v2\/posts"}],"about":[{"href":"https:\/\/www.tgrthaber.com\/mavikadin\/wp-json\/wp\/v2\/types\/post"}],"author":[{"embeddable":true,"href":"https:\/\/www.tgrthaber.com\/mavikadin\/wp-json\/wp\/v2\/users\/16"}],"replies":[{"embeddable":true,"href":"https:\/\/www.tgrthaber.com\/mavikadin\/wp-json\/wp\/v2\/comments?post=131047"}],"version-history":[{"count":2,"href":"https:\/\/www.tgrthaber.com\/mavikadin\/wp-json\/wp\/v2\/posts\/131047\/revisions"}],"predecessor-version":[{"id":131062,"href":"https:\/\/www.tgrthaber.com\/mavikadin\/wp-json\/wp\/v2\/posts\/131047\/revisions\/131062"}],"wp:featuredmedia":[{"embeddable":true,"href":"https:\/\/www.tgrthaber.com\/mavikadin\/wp-json\/wp\/v2\/media\/131059"}],"wp:attachment":[{"href":"https:\/\/www.tgrthaber.com\/mavikadin\/wp-json\/wp\/v2\/media?parent=131047"}],"wp:term":[{"taxonomy":"category","embeddable":true,"href":"https:\/\/www.tgrthaber.com\/mavikadin\/wp-json\/wp\/v2\/categories?post=131047"},{"taxonomy":"post_tag","embeddable":true,"href":"https:\/\/www.tgrthaber.com\/mavikadin\/wp-json\/wp\/v2\/tags?post=131047"}],"curies":[{"name":"wp","href":"https:\/\/api.w.org\/{rel}","templated":true}]}}