{"id":131090,"date":"2025-02-08T21:19:25","date_gmt":"2025-02-08T18:19:25","guid":{"rendered":"https:\/\/www.tgrthaber.com\/mavikadin\/?p=131090"},"modified":"2025-02-08T21:19:26","modified_gmt":"2025-02-08T18:19:26","slug":"acun-ilicali-o-ses-turkiyede-neden-yok-o-ses-turkiyenin-yeni-sunucusu-kim","status":"publish","type":"post","link":"https:\/\/www.tgrthaber.com\/mavikadin\/acun-ilicali-o-ses-turkiyede-neden-yok-o-ses-turkiyenin-yeni-sunucusu-kim\/","title":{"rendered":"Acun Il\u0131cal\u0131 O Ses T\u00fcrkiye&#8217;de neden yok? O Ses T\u00fcrkiye\u2019nin yeni sunucusu kim?"},"content":{"rendered":"<p>T\u00fcm T\u00fcrkiye\u2019nin merakla bekledi\u011fi O Ses T\u00fcrkiye 2025 yar\u0131\u015fmas\u0131 bug\u00fcn sevenleriyle bulu\u015ftu. Yeni j\u00fcri \u00fcyeleriyle yeni bir ba\u015flang\u0131\u00e7 yapan yar\u0131\u015fma program\u0131nda beklenmeyen bir geli\u015fme ya\u015fand\u0131. Yay\u0131nland\u0131\u011f\u0131 g\u00fcnden itibaren sunuculu\u011funu hep Acun Il\u0131cal\u0131\u2019n\u0131n \u00fcstlendi\u011fi O Ses T\u00fcrkiye yar\u0131\u015fma program\u0131nda bu sene yer almayacak. Peki,\u00a0 O Ses T\u00fcrkiye\u2019nin yeni sunucusu kim olacak? Beyaz\u0131t \u00d6zt\u00fcrk m\u00fc O Ses T\u00fcrkiye\u2019yi y\u00f6netecek?<\/p>\n<h3>ACUN ILICALI NEDEN O SES T\u00dcRK\u0130YE\u2019DE YOK?<\/h3>\n<p>O Ses T\u00fcrkiye\u2019nin 2025 sezonunun ba\u015flamas\u0131yla, bu ak\u015fam\u0131n en \u00e7ok merak edilen konular\u0131ndan biri de Acun Il\u0131cal\u0131 neden yok. O Ses T\u00fcrkiye\u2019nin ilk sezonundan beri sunuculuk koltu\u011funu b\u0131rakmayan Acun Il\u0131cal\u0131\u2019n\u0131n bu senenin olmamas\u0131 ekran ba\u015f\u0131nda izleyenleri \u015fok etti.<\/p>\n<p>Program\u0131n a\u00e7\u0131l\u0131\u015f\u0131nda Beyaz\u0131t \u00d6zt\u00fcrk\u2019\u00fcn size bir haberim var diyerek s\u00f6ze ba\u015flamas\u0131yla st\u00fcdyoda b\u00fcy\u00fck bir merak olu\u015ftu. Beklenen haber herkesi \u015fa\u015fk\u0131na \u00e7evirdi. Beyaz\u0131t \u00d6zt\u00fcrk, Acun Il\u0131cal\u0131\u2019n\u0131n olmad\u0131\u011f\u0131n\u0131 s\u00f6yledi. Ve di\u011fer j\u00fcri \u00fcyelerine belli ba\u015fl\u0131 g\u00f6revler verdi\u011fini ifade etti.<\/p>\n<p><img loading=\"lazy\" decoding=\"async\" class=\"alignnone wp-image-131091\" src=\"https:\/\/www.tgrthaber.com\/mavikadin\/wp-content\/uploads\/acun-ilicali-o-ses-turkiye-2025-300x169.jpg\" alt=\"acun \u0131l\u0131cal\u0131 o ses t\u00fcrkiye 2025\" width=\"1208\" height=\"680\" title=\"\" srcset=\"https:\/\/www.tgrthaber.com\/mavikadin\/wp-content\/uploads\/acun-ilicali-o-ses-turkiye-2025-300x169.jpg 300w, https:\/\/www.tgrthaber.com\/mavikadin\/wp-content\/uploads\/acun-ilicali-o-ses-turkiye-2025-1024x576.jpg 1024w, https:\/\/www.tgrthaber.com\/mavikadin\/wp-content\/uploads\/acun-ilicali-o-ses-turkiye-2025-768x432.jpg 768w, https:\/\/www.tgrthaber.com\/mavikadin\/wp-content\/uploads\/acun-ilicali-o-ses-turkiye-2025-1536x864.jpg 1536w, https:\/\/www.tgrthaber.com\/mavikadin\/wp-content\/uploads\/acun-ilicali-o-ses-turkiye-2025.jpg 1920w\" sizes=\"(max-width: 1208px) 100vw, 1208px\" \/><\/p>\n<hr \/>\n<h3>ACUN ILICALI YILBA\u015eI AK\u015eAMI A\u00c7IKLAMI\u015eTI<\/h3>\n<p>Acun Il\u0131cal\u0131, O Ses T\u00fcrkiye y\u0131lba\u015f\u0131 \u00f6zel 2025 program\u0131nda yar\u0131\u015fman\u0131n ba\u015flayaca\u011f\u0131n\u0131n haberini verirken, yeni sezonda program\u0131 Beyaz\u0131t \u00d6zt\u00fcrk, Hadise ve G\u00f6khan \u00d6zo\u011fuz\u2019a emanet etti\u011fini dile getirmi\u015fti. Yar\u0131\u015fman\u0131n ilk ak\u015fam\u0131 izleyicilerle birlikte olur diye d\u00fc\u015f\u00fcn\u00fclm\u00fc\u015ft\u00fc. Beyaz\u0131t \u00d6zt\u00fcrk\u2019\u00fcn program\u0131n a\u00e7\u0131l\u0131\u015f\u0131nda a\u00e7\u0131klamas\u0131yla O Ses T\u00fcrkiye 2025 sezonunda Acun Il\u0131cal\u0131\u2019n\u0131n yer almayaca\u011f\u0131 anla\u015f\u0131ld\u0131. Programa gelen yar\u0131\u015fmac\u0131larla her sene oldu\u011fu gibi bu sene de Saadet \u00d6zs\u0131rk\u0131nt\u0131 ilgilenirken j\u00fcri \u00fcyeleri de Acun Il\u0131cal\u0131&#8217;n\u0131n g\u00f6revini payla\u015facak.<\/p>\n","protected":false},"excerpt":{"rendered":"<p>O Ses T\u00fcrkiye yay\u0131nland\u0131\u011f\u0131 her sene sunuculu\u011funu Acun Il\u0131cal\u0131 \u00fcstlenirdi. Beyaz\u0131t \u00d6zt\u00fcrk\u2019\u00fcn a\u00e7\u0131klamas\u0131yla O Ses T\u00fcrkiye 2025 yar\u0131\u015fma program\u0131n\u0131 bu sene Acun Il\u0131cal\u0131 sunmuyor. Peki, Acun Il\u0131cal\u0131 O Ses T\u00fcrkiye&#8217;de neden yok? O Ses T\u00fcrkiye\u2019nin yeni sunucu kim?<\/p>\n","protected":false},"author":10,"featured_media":131093,"comment_status":"closed","ping_status":"closed","sticky":false,"template":"","format":"standard","meta":{"rank_math_lock_modified_date":false,"footnotes":""},"categories":[76],"tags":[2368,2378,10330],"class_list":["post-131090","post","type-post","status-publish","format-standard","has-post-thumbnail","hentry","category-magazin","tag-acun-ilicali","tag-o-ses-turkiye","tag-o-ses-turkiye-acun-ilicali"],"_links":{"self":[{"href":"https:\/\/www.tgrthaber.com\/mavikadin\/wp-json\/wp\/v2\/posts\/131090"}],"collection":[{"href":"https:\/\/www.tgrthaber.com\/mavikadin\/wp-json\/wp\/v2\/posts"}],"about":[{"href":"https:\/\/www.tgrthaber.com\/mavikadin\/wp-json\/wp\/v2\/types\/post"}],"author":[{"embeddable":true,"href":"https:\/\/www.tgrthaber.com\/mavikadin\/wp-json\/wp\/v2\/users\/10"}],"replies":[{"embeddable":true,"href":"https:\/\/www.tgrthaber.com\/mavikadin\/wp-json\/wp\/v2\/comments?post=131090"}],"version-history":[{"count":1,"href":"https:\/\/www.tgrthaber.com\/mavikadin\/wp-json\/wp\/v2\/posts\/131090\/revisions"}],"predecessor-version":[{"id":131095,"href":"https:\/\/www.tgrthaber.com\/mavikadin\/wp-json\/wp\/v2\/posts\/131090\/revisions\/131095"}],"wp:featuredmedia":[{"embeddable":true,"href":"https:\/\/www.tgrthaber.com\/mavikadin\/wp-json\/wp\/v2\/media\/131093"}],"wp:attachment":[{"href":"https:\/\/www.tgrthaber.com\/mavikadin\/wp-json\/wp\/v2\/media?parent=131090"}],"wp:term":[{"taxonomy":"category","embeddable":true,"href":"https:\/\/www.tgrthaber.com\/mavikadin\/wp-json\/wp\/v2\/categories?post=131090"},{"taxonomy":"post_tag","embeddable":true,"href":"https:\/\/www.tgrthaber.com\/mavikadin\/wp-json\/wp\/v2\/tags?post=131090"}],"curies":[{"name":"wp","href":"https:\/\/api.w.org\/{rel}","templated":true}]}}