{"id":131108,"date":"2025-02-08T23:24:30","date_gmt":"2025-02-08T20:24:30","guid":{"rendered":"https:\/\/www.tgrthaber.com\/mavikadin\/?p=131108"},"modified":"2025-02-08T23:25:07","modified_gmt":"2025-02-08T20:25:07","slug":"burak-ozciviti-goren-taniyamadi-rusya-sogugundan-korunmak-icin-oyle-bir-hale-girdi-ki","status":"publish","type":"post","link":"https:\/\/www.tgrthaber.com\/mavikadin\/burak-ozciviti-goren-taniyamadi-rusya-sogugundan-korunmak-icin-oyle-bir-hale-girdi-ki\/","title":{"rendered":"Burak \u00d6z\u00e7ivit&#8217;i g\u00f6ren tan\u0131yamad\u0131! So\u011fuktan korunma tarz\u0131 g\u00fcndem oldu"},"content":{"rendered":"<p>Ge\u00e7ti\u011fimiz haftalarda Suudi Arabistan&#8217;\u0131n ba\u015fkenti Riyad&#8217;da ger\u00e7ekle\u015ftirilen Joy Awards 2025 \u00f6d\u00fcl t\u00f6renine e\u015fi Fahriye Evcen ile beraber kat\u0131lan Burak \u00d6z\u00e7ivit&#8217;in magazin objektiflerine yans\u0131yan bir g\u00f6r\u00fcnt\u00fcs\u00fc ile g\u00fcndeme gelmi\u015fti.<\/p>\n<p>Karizmatik ve ba\u015far\u0131l\u0131 oyuncu \u00d6z\u00e7ivit&#8217;in e\u015fi Evcen ile beraber tart\u0131\u015ft\u0131\u011f\u0131 \u00f6ne s\u00fcr\u00fclm\u00fc\u015ft\u00fc.<\/p>\n<p>Haklar\u0131nda \u00e7\u0131kan tart\u0131\u015fma haberlerine y\u00f6nelik a\u00e7\u0131klama yapma gere\u011fi duyan oyuncu Burak \u00d6z\u00e7ivit, konuyla ilgili &#8220;Orada beni sinirlendiren ba\u015fka bir \u015feydi. Onun tart\u0131\u015fmas\u0131n\u0131 yap\u0131yorduk Fahriye ile. Yoksa e\u015fimle neden tart\u0131\u015fal\u0131m ki?&#8221; ifadelerini kullanm\u0131\u015ft\u0131.<\/p>\n<h3>BURAK \u00d6Z\u00c7\u0130V\u0130T&#8217;\u0130N SO\u011eU\u011eA KAR\u015eI ALDI\u011eI \u00d6NLEM \u015eA\u015eIRTTI!<\/h3>\n<p>Daha \u00f6nceden de tatil i\u00e7in Rusya&#8217;n\u0131n ba\u015fkenti\u00a0 olan Moskova&#8217;ya gitti\u011fi bilinen yak\u0131\u015f\u0131kl\u0131 oyuncu Burak \u00d6z\u00e7ivit, bu defa ki Rusya gezisinde so\u011fuk havalara kar\u015f\u0131 kendince \u00f6nlemler ald\u0131.<\/p>\n<p><img loading=\"lazy\" decoding=\"async\" class=\"alignnone wp-image-131113\" src=\"https:\/\/www.tgrthaber.com\/mavikadin\/wp-content\/uploads\/SSS-4.png\" alt=\"\" width=\"1208\" height=\"933\" title=\"\" srcset=\"https:\/\/www.tgrthaber.com\/mavikadin\/wp-content\/uploads\/SSS-4.png 742w, https:\/\/www.tgrthaber.com\/mavikadin\/wp-content\/uploads\/SSS-4-300x232.png 300w\" sizes=\"(max-width: 1208px) 100vw, 1208px\" \/><\/p>\n<hr \/>\n<p>Rusya&#8217;n\u0131n sert hava ko\u015fullar\u0131na kar\u015f\u0131l\u0131k ba\u015f\u0131na takt\u0131\u011f\u0131 olduk\u00e7a heybetli k\u00fcrk ile g\u00f6renleri \u015fa\u015f\u0131rtt\u0131. Sosyal medya hesab\u0131ndan takip\u00e7ilerine payla\u015f\u0131mda bulunan yak\u0131\u015f\u0131kl\u0131 oyuncu Burak \u00d6z\u00e7ivit&#8217;in ba\u015f\u0131nda k\u00fcrk \u00fczerinde k\u0131sa kollu ti\u015f\u00f6rt\u00fcn\u00fc g\u00f6renler \u00d6z\u00e7ivit&#8217;in bu hareketine pek anlam veremedi.<\/p>\n<p>Burak \u00d6z\u00e7ivit&#8217;in Rusya so\u011fuklar\u0131na tedbir ama\u00e7l\u0131 giyindi\u011fi bu haline sosyal medyadan yorum ya\u011fd\u0131. \u00c7ok say\u0131da kullan\u0131c\u0131, Burak \u00d6z\u00e7ivit&#8217;in bu halini g\u00f6r\u00fcnce yorum yapmaktan kendini al\u0131koyamad\u0131.<\/p>\n<p><img loading=\"lazy\" decoding=\"async\" class=\"alignnone wp-image-131114\" src=\"https:\/\/www.tgrthaber.com\/mavikadin\/wp-content\/uploads\/DS-1.png\" alt=\"\" width=\"1208\" height=\"933\" title=\"\" srcset=\"https:\/\/www.tgrthaber.com\/mavikadin\/wp-content\/uploads\/DS-1.png 742w, https:\/\/www.tgrthaber.com\/mavikadin\/wp-content\/uploads\/DS-1-300x232.png 300w\" sizes=\"(max-width: 1208px) 100vw, 1208px\" \/><\/p>\n<p>\u00dcnl\u00fc oyuncu Burak \u00d6z\u00e7ivit&#8217;in \u00d6zbekleri and\u0131ran bu g\u00f6r\u00fcnt\u00fcs\u00fc kar\u015f\u0131s\u0131nda &#8216;Kafa k\u0131\u015f kollar yaz&#8217;, &#8216;Ayn\u0131 eskimolara benzemi\u015f&#8217;, &#8216;Rol\u00fcn\u00fcn etkisinden \u00e7\u0131kamad\u0131 galiba&#8217;, &#8216;ke\u015fke almasaym\u0131\u015f&#8217; gibi daha say\u0131da yorum geldi.<\/p>\n<p><strong>BURAK \u00d6Z\u00c7\u0130V\u0130T\u2019\u0130N ROL ALDI\u011eI D\u0130Z\u0130 VE F\u0130LMLER<\/strong><\/p>\n<p><strong>D\u0130Z\u0130LER:<\/strong><\/p>\n<p>2006-2007 Eksi 18 Murat Ba\u015frol oyuncusu<br \/>\n2007-2008 Zoraki Koca \u00d6mer \u00d6zpolat<br \/>\n2008-2009 Baba Oca\u011f\u0131 G\u00fcven<br \/>\n2009-2010 \u0130hanet Emir<br \/>\n2010-2011 K\u00fc\u00e7\u00fck S\u0131rlar \u00c7etin Ate\u015fo\u011flu<br \/>\n2011-2013 Muhte\u015fem Y\u00fczy\u0131l Malko\u00e7o\u011flu Bali Bey<br \/>\n2013-2014 \u00c7al\u0131ku\u015fu Kamran<br \/>\n2015-2017 Kara Sevda Kemal Soydere<br \/>\n2019 Kurulu\u015f Osman Sultan Osman Bey<\/p>\n<p><strong>S\u0130NEMA F\u0130LMLER\u0130:<\/strong><\/p>\n<p>2007 Musallat- Ba\u015frol oyuncusu<br \/>\n2013 Zarafa- Hasan Yard\u0131mc\u0131 oyuncu<br \/>\n2015 A\u015fk Sana Benzer- Bal\u0131k\u00e7\u0131 Ali Ba\u015frol oyuncusu<br \/>\n2016 Karde\u015fim Benim- Hakan<br \/>\n2017 Karde\u015fim Benim 2<br \/>\n2018 Can Feda Y\u00fczba\u015f\u0131 Alparslan<\/p>\n","protected":false},"excerpt":{"rendered":"<p>Rusyan\u0131n sert ve so\u011fuk hava ko\u015fullar\u0131na tedbir ama\u00e7l\u0131 olduk\u00e7a enteresan bir k\u00fcrk\u00fc kafas\u0131na ge\u00e7iren Burak \u00d6z\u00e7ivit&#8217;in tarz\u0131 g\u00fcndem oldu.<\/p>\n","protected":false},"author":27,"featured_media":131112,"comment_status":"closed","ping_status":"closed","sticky":false,"template":"","format":"standard","meta":{"rank_math_lock_modified_date":false,"footnotes":""},"categories":[76],"tags":[2154,1627],"class_list":["post-131108","post","type-post","status-publish","format-standard","has-post-thumbnail","hentry","category-magazin","tag-burak-ozcivit","tag-rusya"],"_links":{"self":[{"href":"https:\/\/www.tgrthaber.com\/mavikadin\/wp-json\/wp\/v2\/posts\/131108"}],"collection":[{"href":"https:\/\/www.tgrthaber.com\/mavikadin\/wp-json\/wp\/v2\/posts"}],"about":[{"href":"https:\/\/www.tgrthaber.com\/mavikadin\/wp-json\/wp\/v2\/types\/post"}],"author":[{"embeddable":true,"href":"https:\/\/www.tgrthaber.com\/mavikadin\/wp-json\/wp\/v2\/users\/27"}],"replies":[{"embeddable":true,"href":"https:\/\/www.tgrthaber.com\/mavikadin\/wp-json\/wp\/v2\/comments?post=131108"}],"version-history":[{"count":3,"href":"https:\/\/www.tgrthaber.com\/mavikadin\/wp-json\/wp\/v2\/posts\/131108\/revisions"}],"predecessor-version":[{"id":131118,"href":"https:\/\/www.tgrthaber.com\/mavikadin\/wp-json\/wp\/v2\/posts\/131108\/revisions\/131118"}],"wp:featuredmedia":[{"embeddable":true,"href":"https:\/\/www.tgrthaber.com\/mavikadin\/wp-json\/wp\/v2\/media\/131112"}],"wp:attachment":[{"href":"https:\/\/www.tgrthaber.com\/mavikadin\/wp-json\/wp\/v2\/media?parent=131108"}],"wp:term":[{"taxonomy":"category","embeddable":true,"href":"https:\/\/www.tgrthaber.com\/mavikadin\/wp-json\/wp\/v2\/categories?post=131108"},{"taxonomy":"post_tag","embeddable":true,"href":"https:\/\/www.tgrthaber.com\/mavikadin\/wp-json\/wp\/v2\/tags?post=131108"}],"curies":[{"name":"wp","href":"https:\/\/api.w.org\/{rel}","templated":true}]}}