{"id":131117,"date":"2025-02-08T23:44:54","date_gmt":"2025-02-08T20:44:54","guid":{"rendered":"https:\/\/www.tgrthaber.com\/mavikadin\/?p=131117"},"modified":"2025-02-08T23:47:38","modified_gmt":"2025-02-08T20:47:38","slug":"yali-capkini-dizisinin-seyrani-afra-saracoglunun-annesini-gorenler-soke-oldu-guzelligi-ile-kizini-solladi","status":"publish","type":"post","link":"https:\/\/www.tgrthaber.com\/mavikadin\/yali-capkini-dizisinin-seyrani-afra-saracoglunun-annesini-gorenler-soke-oldu-guzelligi-ile-kizini-solladi\/","title":{"rendered":"Yal\u0131 \u00c7apk\u0131n\u0131 dizisinin Seyran&#8217;\u0131 Afra Sara\u00e7o\u011flu&#8217;nun annesini g\u00f6renler \u015foke oldu! G\u00fczelli\u011fi ile k\u0131z\u0131n\u0131 sollad\u0131"},"content":{"rendered":"<p class=\"p1\">Ba\u015far\u0131l\u0131 oyuncu Afra Sara\u00e7o\u011flu, yetene\u011fi kadar g\u00fczelli\u011fiyle de ad\u0131ndan s\u00f6z ettirmeye devam ediyor. Yal\u0131 \u00c7apk\u0131n\u0131 dizisinde oynad\u0131\u011f\u0131 Seyran karankteriyle haf\u0131zalara kaz\u0131nan Sara\u00e7o\u011flu,\u00a0 son olarak annesi L\u00fctfiye Sara\u00e7o\u011flu ile birlikte \u00e7ekildi\u011fi foto\u011fraf\u0131 payla\u015ft\u0131. \u00dcnl\u00fc ismin bu payla\u015f\u0131m\u0131 takip\u00e7ilerinden b\u00fcy\u00fck ilgi g\u00f6rd\u00fc. Afra Sara\u00e7o\u011flu&#8217;nun annesini g\u00f6renler &#8216;g\u00fczelli\u011fi ile k\u0131z\u0131n\u0131 sollad\u0131&#8217; yorumlar\u0131nda bulundu.<\/p>\n<h3 class=\"p1\"><b>AFRA SARA\u00c7O\u011eLU&#8217;NUN ANNES\u0130N\u0130 G\u00d6RENLER \u015eOKE OLDU\u00a0<\/b><\/h3>\n<p class=\"p1\">Yal\u0131 \u00c7apk\u0131n\u0131 dizisiyle kariyerinde b\u00fcy\u00fck bir \u00e7\u0131k\u0131\u015f yakalayan Afra Sara\u00e7o\u011flu, sosyal medyay\u0131 aktif kullanan \u00fcnl\u00fcler aras\u0131nda yer al\u0131yor. \u00d6zel hayat\u0131yla da s\u0131k s\u0131k g\u00fcndeme gelen ba\u015far\u0131l\u0131 oyuncu, bu kez annesiyle verdi\u011fi pozu payla\u015farak dikkatleri \u00fczerine \u00e7ekti. Annesinin g\u00fczelli\u011fini g\u00f6ren sosyal medya kullan\u0131c\u0131lar\u0131, \u201cK\u0131z\u0131n\u0131 g\u00f6lgede b\u0131rakm\u0131\u015f\u201d ve \u201cG\u00fczelli\u011fi annesinden geliyor\u201d gibi yorumlarda bulundu.<\/p>\n<p><img loading=\"lazy\" decoding=\"async\" class=\"alignnone wp-image-131120 \" src=\"https:\/\/www.tgrthaber.com\/mavikadin\/wp-content\/uploads\/Ekran-Resmi-2025-02-08-23.38.05-792x1024.png\" alt=\"\" width=\"936\" height=\"1210\" title=\"\" srcset=\"https:\/\/www.tgrthaber.com\/mavikadin\/wp-content\/uploads\/Ekran-Resmi-2025-02-08-23.38.05-792x1024.png 792w, https:\/\/www.tgrthaber.com\/mavikadin\/wp-content\/uploads\/Ekran-Resmi-2025-02-08-23.38.05-232x300.png 232w, https:\/\/www.tgrthaber.com\/mavikadin\/wp-content\/uploads\/Ekran-Resmi-2025-02-08-23.38.05-768x992.png 768w, https:\/\/www.tgrthaber.com\/mavikadin\/wp-content\/uploads\/Ekran-Resmi-2025-02-08-23.38.05.png 910w\" sizes=\"(max-width: 936px) 100vw, 936px\" \/><\/p>\n<hr \/>\n<h3 class=\"p1\"><b>&#8221;HER \u015eEY SEN\u0130NLE G\u00dcZEL&#8221; NOTUYLA PAYLA\u015eTI\u00a0<\/b><b><\/b><\/h3>\n<p class=\"p1\">Afra Sara\u00e7o\u011flu, annesiyle \u00e7\u0131kt\u0131\u011f\u0131 ak\u015fam yeme\u011finde \u00e7ekilen kareyi \u201cHer \u015fey seninle g\u00fczel ve anlaml\u0131 mele\u011fim\u201d notuyla payla\u015ft\u0131. K\u0131sa s\u00fcrede binlerce be\u011feni ve yorum alan payla\u015f\u0131m, sosyal medyada g\u00fcndem oldu.<\/p>\n<p><img loading=\"lazy\" decoding=\"async\" class=\"alignnone wp-image-131119 \" src=\"https:\/\/www.tgrthaber.com\/mavikadin\/wp-content\/uploads\/Ekran-Resmi-2025-02-08-23.36.28.png\" alt=\"\" width=\"952\" height=\"691\" title=\"\" srcset=\"https:\/\/www.tgrthaber.com\/mavikadin\/wp-content\/uploads\/Ekran-Resmi-2025-02-08-23.36.28.png 612w, https:\/\/www.tgrthaber.com\/mavikadin\/wp-content\/uploads\/Ekran-Resmi-2025-02-08-23.36.28-300x218.png 300w\" sizes=\"(max-width: 952px) 100vw, 952px\" \/><\/p>\n<hr \/>\n<h3>AFRA SARA\u00c7O\u011eLU K\u0130MD\u0130R?<\/h3>\n<p class=\"p1\">Afra Sara\u00e7o\u011flu, Sel\u00e2nik ve Girit k\u00f6kenli bir ailenin k\u0131z\u0131 olarak 1997 y\u0131l\u0131nda Edremit\u2019te d\u00fcnyaya geldi. \u00c7ocukluk ve gen\u00e7lik y\u0131llar\u0131n\u0131 Antalya\u2019da ge\u00e7iren ba\u015far\u0131l\u0131 oyuncu, lise e\u011fitimini burada tamamlad\u0131ktan sonra Eski\u015fehir Osmangazi \u00dcniversitesi Kar\u015f\u0131la\u015ft\u0131rmal\u0131 Edebiyat b\u00f6l\u00fcm\u00fcne girdi. \u00dcniversite e\u011fitimi s\u0131ras\u0131nda oyunculu\u011fa olan ilgisi a\u011f\u0131r bas\u0131nca, kariyerine bu y\u00f6nde y\u00f6n vermeye karar verdi.<\/p>\n<p class=\"p1\">Oyunculuk kariyerine 2016 y\u0131l\u0131nda, \u00d6zcan Deniz\u2019in y\u00f6netmenli\u011fini yapt\u0131\u011f\u0131 <i>\u0130kinci \u015eans<\/i> filmiyle ad\u0131m att\u0131. Bu projeye se\u00e7ilme s\u00fcreci ise olduk\u00e7a dikkat \u00e7ekiciydi. Annesinin, \u00d6zcan Deniz\u2019e g\u00f6nderdi\u011fi bir foto\u011fraf\u0131 sayesinde deneme \u00e7ekimine davet edilen Sara\u00e7o\u011flu, k\u0131sa s\u00fcrede rol i\u00e7in uygun g\u00f6r\u00fcld\u00fc. Filmde Nurg\u00fcl Ye\u015fil\u00e7ay\u2019\u0131n k\u0131z\u0131n\u0131 oynayarak sinema d\u00fcnyas\u0131na h\u0131zl\u0131 bir giri\u015f yapt\u0131.<\/p>\n<p><img loading=\"lazy\" decoding=\"async\" class=\"alignnone wp-image-131121 size-full\" src=\"https:\/\/www.tgrthaber.com\/mavikadin\/wp-content\/uploads\/Ekran-Resmi-2025-02-08-23.39.14.png\" alt=\"\" width=\"986\" height=\"550\" title=\"\" srcset=\"https:\/\/www.tgrthaber.com\/mavikadin\/wp-content\/uploads\/Ekran-Resmi-2025-02-08-23.39.14.png 986w, https:\/\/www.tgrthaber.com\/mavikadin\/wp-content\/uploads\/Ekran-Resmi-2025-02-08-23.39.14-300x167.png 300w, https:\/\/www.tgrthaber.com\/mavikadin\/wp-content\/uploads\/Ekran-Resmi-2025-02-08-23.39.14-768x428.png 768w\" sizes=\"(max-width: 986px) 100vw, 986px\" \/><\/p>\n<hr \/>\n<p class=\"p1\">Ard\u0131ndan 2017 y\u0131l\u0131nda, geni\u015f bir izleyici kitlesine ula\u015fan <i>Fazilet Han\u0131m ve K\u0131zlar\u0131<\/i> dizisinde Ece karakterini oynayarak televizyon ekranlar\u0131nda da ad\u0131n\u0131 duyurdu. 50 b\u00f6l\u00fcm boyunca rol ald\u0131\u011f\u0131 bu dizi, oyunculuk kariyerinde \u00f6nemli bir d\u00f6n\u00fcm noktas\u0131 oldu. Sinema projelerine de a\u011f\u0131rl\u0131k veren Sara\u00e7o\u011flu, <i>K\u00f6t\u00fc \u00c7ocuk<\/i>, <i>\u0130yi Oyun<\/i> ve <i>A\u015fk Bu Mu?<\/i> gibi yap\u0131mlarda rol ald\u0131.<\/p>\n<p><img loading=\"lazy\" decoding=\"async\" class=\"alignnone wp-image-131122 size-full\" src=\"https:\/\/www.tgrthaber.com\/mavikadin\/wp-content\/uploads\/Ekran-Resmi-2025-02-08-23.39.59.png\" alt=\"\" width=\"960\" height=\"564\" title=\"\" srcset=\"https:\/\/www.tgrthaber.com\/mavikadin\/wp-content\/uploads\/Ekran-Resmi-2025-02-08-23.39.59.png 960w, https:\/\/www.tgrthaber.com\/mavikadin\/wp-content\/uploads\/Ekran-Resmi-2025-02-08-23.39.59-300x176.png 300w, https:\/\/www.tgrthaber.com\/mavikadin\/wp-content\/uploads\/Ekran-Resmi-2025-02-08-23.39.59-768x451.png 768w\" sizes=\"(max-width: 960px) 100vw, 960px\" \/><\/p>\n<hr \/>\n<p class=\"p1\">Kariyerinin yan\u0131 s\u0131ra reklam ve marka i\u015f birlikleriyle de \u00f6ne \u00e7\u0131kan oyuncu, 2018 y\u0131l\u0131nda Hummel ve Pantene\u2019in marka y\u00fcz\u00fc oldu. 2021\u2019de Cornetto ve Koton ile i\u015f birli\u011fi yaparak markalar\u0131n kampanyalar\u0131nda yer ald\u0131. Afra Sara\u00e7o\u011flu, gen\u00e7 ya\u015f\u0131na ra\u011fmen oyunculuk d\u00fcnyas\u0131nda kendine sa\u011flam bir yer edinmeyi ba\u015faran isimlerden biri olarak dikkat \u00e7ekmeye devam ediyor.<\/p>\n","protected":false},"excerpt":{"rendered":"<p>Gen\u00e7 ve ba\u015far\u0131l\u0131 oyuncu Afra Sara\u00e7o\u011flu, hem kariyeri hem de g\u00fczelli\u011fiyle g\u00fcndemde kalmaya devam ediyor. Yal\u0131 \u00c7apk\u0131n\u0131 dizisindeki performans\u0131yla b\u00fcy\u00fck be\u011feni toplayan Sara\u00e7o\u011flu, bu kez annesiyle payla\u015ft\u0131\u011f\u0131 foto\u011frafla sosyal medyan\u0131n ilgi oda\u011f\u0131 oldu. Takip\u00e7ileri, annesi L\u00fctfiye Sara\u00e7o\u011flu\u2019nun zarafetine \u00f6vg\u00fcler ya\u011fd\u0131r\u0131rken, \u201cG\u00fczelli\u011fiyle k\u0131z\u0131n\u0131 g\u00f6lgede b\u0131rakm\u0131\u015f\u201d yorumlar\u0131 dikkat \u00e7ekti.<\/p>\n","protected":false},"author":16,"featured_media":131123,"comment_status":"closed","ping_status":"closed","sticky":false,"template":"","format":"standard","meta":{"rank_math_lock_modified_date":false,"footnotes":""},"categories":[76],"tags":[10341,10342,10340],"class_list":["post-131117","post","type-post","status-publish","format-standard","has-post-thumbnail","hentry","category-magazin","tag-afra-saracoglu-annesi","tag-afra-saracoglu-annesi-fotograf","tag-afra-saracoglu-annesi-lutfiye-saracoglu"],"_links":{"self":[{"href":"https:\/\/www.tgrthaber.com\/mavikadin\/wp-json\/wp\/v2\/posts\/131117"}],"collection":[{"href":"https:\/\/www.tgrthaber.com\/mavikadin\/wp-json\/wp\/v2\/posts"}],"about":[{"href":"https:\/\/www.tgrthaber.com\/mavikadin\/wp-json\/wp\/v2\/types\/post"}],"author":[{"embeddable":true,"href":"https:\/\/www.tgrthaber.com\/mavikadin\/wp-json\/wp\/v2\/users\/16"}],"replies":[{"embeddable":true,"href":"https:\/\/www.tgrthaber.com\/mavikadin\/wp-json\/wp\/v2\/comments?post=131117"}],"version-history":[{"count":3,"href":"https:\/\/www.tgrthaber.com\/mavikadin\/wp-json\/wp\/v2\/posts\/131117\/revisions"}],"predecessor-version":[{"id":131126,"href":"https:\/\/www.tgrthaber.com\/mavikadin\/wp-json\/wp\/v2\/posts\/131117\/revisions\/131126"}],"wp:featuredmedia":[{"embeddable":true,"href":"https:\/\/www.tgrthaber.com\/mavikadin\/wp-json\/wp\/v2\/media\/131123"}],"wp:attachment":[{"href":"https:\/\/www.tgrthaber.com\/mavikadin\/wp-json\/wp\/v2\/media?parent=131117"}],"wp:term":[{"taxonomy":"category","embeddable":true,"href":"https:\/\/www.tgrthaber.com\/mavikadin\/wp-json\/wp\/v2\/categories?post=131117"},{"taxonomy":"post_tag","embeddable":true,"href":"https:\/\/www.tgrthaber.com\/mavikadin\/wp-json\/wp\/v2\/tags?post=131117"}],"curies":[{"name":"wp","href":"https:\/\/api.w.org\/{rel}","templated":true}]}}